{"id":156715,"date":"2022-12-19T16:56:05","date_gmt":"2022-12-19T19:56:05","guid":{"rendered":"https:\/\/www.hoymercedes.com.ar\/principal\/?p=156715"},"modified":"2022-12-19T17:11:19","modified_gmt":"2022-12-19T20:11:19","slug":"una-fiesta-en-celeste-y-blanco","status":"publish","type":"post","link":"https:\/\/www.hoymercedes.com.ar\/principal\/2022\/12\/19\/una-fiesta-en-celeste-y-blanco\/","title":{"rendered":"Una fiesta en Celeste y Blanco"},"content":{"rendered":"\n<p>\u201cLa gloria no es otra cosa que un gran rumor de viento en los o\u00eddos.\u201d (Boecio, poeta latino)<\/p>\n\n\n\n<p>Como si debi\u00e9ramos forzosamente sufrir, ayer los argentinos retuvimos el aliento durante la \u00faltima hora de una contienda \u00e9pica, insobornable, jugada con el alma en el terreno y el coraz\u00f3n en cada respiraci\u00f3n contenida.<\/p>\n\n\n<div class=\"wp-block-image\">\n<figure class=\"aligncenter size-large\"><img loading=\"lazy\" decoding=\"async\" width=\"1024\" height=\"586\" data-attachment-id=\"156716\" data-permalink=\"https:\/\/www.hoymercedes.com.ar\/principal\/2022\/12\/19\/una-fiesta-en-celeste-y-blanco\/320412886_660687015803506_4795655668993831788_n\/#main\" data-orig-file=\"https:\/\/www.hoymercedes.com.ar\/principal\/wp-content\/uploads\/2022\/12\/320412886_660687015803506_4795655668993831788_n.jpg\" data-orig-size=\"2048,1172\" data-comments-opened=\"0\" data-image-meta=\"{&quot;aperture&quot;:&quot;0&quot;,&quot;credit&quot;:&quot;Picasa&quot;,&quot;camera&quot;:&quot;&quot;,&quot;caption&quot;:&quot;&quot;,&quot;created_timestamp&quot;:&quot;0&quot;,&quot;copyright&quot;:&quot;&quot;,&quot;focal_length&quot;:&quot;0&quot;,&quot;iso&quot;:&quot;0&quot;,&quot;shutter_speed&quot;:&quot;0&quot;,&quot;title&quot;:&quot;&quot;,&quot;orientation&quot;:&quot;0&quot;}\" data-image-title=\"320412886_660687015803506_4795655668993831788_n\" data-image-description=\"\" data-image-caption=\"\" data-large-file=\"https:\/\/www.hoymercedes.com.ar\/principal\/wp-content\/uploads\/2022\/12\/320412886_660687015803506_4795655668993831788_n-1024x586.jpg\" src=\"https:\/\/www.hoymercedes.com.ar\/principal\/wp-content\/uploads\/2022\/12\/320412886_660687015803506_4795655668993831788_n-1024x586.jpg\" alt=\"\" class=\"wp-image-156716\" srcset=\"https:\/\/www.hoymercedes.com.ar\/principal\/wp-content\/uploads\/2022\/12\/320412886_660687015803506_4795655668993831788_n-1024x586.jpg 1024w, https:\/\/www.hoymercedes.com.ar\/principal\/wp-content\/uploads\/2022\/12\/320412886_660687015803506_4795655668993831788_n-630x361.jpg 630w, https:\/\/www.hoymercedes.com.ar\/principal\/wp-content\/uploads\/2022\/12\/320412886_660687015803506_4795655668993831788_n-150x86.jpg 150w, https:\/\/www.hoymercedes.com.ar\/principal\/wp-content\/uploads\/2022\/12\/320412886_660687015803506_4795655668993831788_n-1536x879.jpg 1536w, https:\/\/www.hoymercedes.com.ar\/principal\/wp-content\/uploads\/2022\/12\/320412886_660687015803506_4795655668993831788_n-1400x800.jpg 1400w, https:\/\/www.hoymercedes.com.ar\/principal\/wp-content\/uploads\/2022\/12\/320412886_660687015803506_4795655668993831788_n.jpg 2048w\" sizes=\"auto, (max-width: 1024px) 100vw, 1024px\" \/><\/figure>\n<\/div>\n\n\n<p>Ya no entraba un solo gramo de angustia en estas miradas de Am\u00e9rica del Sur, nos pasaban los a\u00f1os por enfrente de la pantalla, algunos <a><\/a>ven\u00edan de d\u00e9cadas ya distantes, otros, de algunas j\u00f3venes frustraciones. Nos \u00edbamos hermanando en esas pulsaciones como un tejido de sentimientos que est\u00e1 a punto de terminarse pero que nunca llega.<\/p>\n\n\n\n<p>\u201cNing\u00fan camino de flores conduce a la gloria\u201d, escrib\u00eda La Fontaine hace tres siglos. Me pregunto c\u00f3mo pudo ser tan certero sin haber vivido esta final. Pero ya est\u00e1, el \u00faltimo penal entra y las almas argentinas explotaron hacia todos los rumbos pero en una sola direcci\u00f3n; las plazas y avenidas de la Patria.<\/p>\n\n\n\n<p>En mi pago, Mercedes, las calles hormigueaban su color albiceleste; ni\u00f1os, mayores, maltrechos y bien portantes, en moto, a pie, en veh\u00edculos, todos surcaban sus sue\u00f1os con una sola meta; encontrarse con los otros. Y la Plaza San Mart\u00edn explot\u00f3 de algarab\u00eda, de sonrisas, de emociones.<\/p>\n\n\n\n<p>Se visti\u00f3 color del cielo.<\/p>\n\n\n\n<p>Todos, sin importar los pasados y presentes de cada uno, mezclados como hace tanto tiempo no disfrut\u00e1bamos. Cada uno festejaba con los maquillajes y ropajes que hab\u00eda elegido, algo m\u00e1s fuerte que nosotros mismos nos hermanaba, sacaba lo mejor de cada uno y lo ofrec\u00eda a los dem\u00e1s.<\/p>\n\n\n\n<p>Sabemos que los dolores vuelven, que los problemas subsisten, que el ma\u00f1ana regresa con su carga de preocupaciones. Que queda tanto para ser una sociedad mejor y m\u00e1s justa.<\/p>\n\n\n\n<p>Pero el pueblo tuvo su fiesta, perd\u00f3n\u2026 el pueblo fue la fiesta. Muchos debieran aprender de esta jornada. Que nada se logra sin esfuerzo, que hay algo m\u00e1s grande que nos envuelve a todos.<\/p>\n\n\n\n<p>Que el futuro puede ser mejor si nos unimos, etc, etc.<\/p>\n\n\n\n<p>Es posible que la gloria sea en definitiva un gran rumor de viento en los o\u00eddos, y ayer sentimos soplar ese vendaval\u2026 la gente en las calles al grito de; \u00a1Argentina, Argentina!<\/p>\n\n\n\n<p>Que sigamos en ese rumbo, por todo lo que falta hacer.<\/p>\n\n\n\n<p>Que sigamos mucho tiempo. Ayer pareci\u00f3 amanecer.<\/p>\n\n\n\n<p>Oscar Dinova, Texto<br>Diana Manos, Fotograf\u00edas<\/p>\n","protected":false},"excerpt":{"rendered":"<p>Una fiesta en Celeste y Blanco<br \/>\n\u201cLa gloria no es otra cosa que un gran rumor de viento en los o\u00eddos.\u201d (Boecio, poeta latino)<br \/>\nTextos: Oscar Dinova.<br \/>\nFotograf\u00edas: Diana Manos<\/p>\n","protected":false},"author":1,"featured_media":156716,"comment_status":"closed","ping_status":"open","sticky":false,"template":"","format":"standard","meta":{"_monsterinsights_skip_tracking":false,"_monsterinsights_sitenote_active":false,"_monsterinsights_sitenote_note":"","_monsterinsights_sitenote_category":0,"jetpack_post_was_ever_published":false,"_jetpack_newsletter_access":"","_jetpack_dont_email_post_to_subs":false,"_jetpack_newsletter_tier_id":0,"_jetpack_memberships_contains_paywalled_content":false,"_jetpack_memberships_contains_paid_content":false,"footnotes":"","jetpack_publicize_message":"","jetpack_publicize_feature_enabled":true,"jetpack_social_post_already_shared":true,"jetpack_social_options":{"image_generator_settings":{"template":"highway","default_image_id":0,"font":"","enabled":false},"version":2},"_wpas_customize_per_network":false},"categories":[8],"tags":[],"class_list":["post-156715","post","type-post","status-publish","format-standard","has-post-thumbnail","hentry","category-sociedad","generate-columns","tablet-grid-50","mobile-grid-100","grid-parent","grid-50"],"jetpack_publicize_connections":[],"jetpack_featured_media_url":"https:\/\/www.hoymercedes.com.ar\/principal\/wp-content\/uploads\/2022\/12\/320412886_660687015803506_4795655668993831788_n.jpg","wps_subtitle":"","jetpack_sharing_enabled":true,"_links":{"self":[{"href":"https:\/\/www.hoymercedes.com.ar\/principal\/wp-json\/wp\/v2\/posts\/156715","targetHints":{"allow":["GET"]}}],"collection":[{"href":"https:\/\/www.hoymercedes.com.ar\/principal\/wp-json\/wp\/v2\/posts"}],"about":[{"href":"https:\/\/www.hoymercedes.com.ar\/principal\/wp-json\/wp\/v2\/types\/post"}],"author":[{"embeddable":true,"href":"https:\/\/www.hoymercedes.com.ar\/principal\/wp-json\/wp\/v2\/users\/1"}],"replies":[{"embeddable":true,"href":"https:\/\/www.hoymercedes.com.ar\/principal\/wp-json\/wp\/v2\/comments?post=156715"}],"version-history":[{"count":0,"href":"https:\/\/www.hoymercedes.com.ar\/principal\/wp-json\/wp\/v2\/posts\/156715\/revisions"}],"wp:featuredmedia":[{"embeddable":true,"href":"https:\/\/www.hoymercedes.com.ar\/principal\/wp-json\/wp\/v2\/media\/156716"}],"wp:attachment":[{"href":"https:\/\/www.hoymercedes.com.ar\/principal\/wp-json\/wp\/v2\/media?parent=156715"}],"wp:term":[{"taxonomy":"category","embeddable":true,"href":"https:\/\/www.hoymercedes.com.ar\/principal\/wp-json\/wp\/v2\/categories?post=156715"},{"taxonomy":"post_tag","embeddable":true,"href":"https:\/\/www.hoymercedes.com.ar\/principal\/wp-json\/wp\/v2\/tags?post=156715"}],"curies":[{"name":"wp","href":"https:\/\/api.w.org\/{rel}","templated":true}]}}