{"id":156733,"date":"2022-12-20T17:12:23","date_gmt":"2022-12-20T20:12:23","guid":{"rendered":"https:\/\/www.hoymercedes.com.ar\/principal\/?p=156733"},"modified":"2022-12-20T17:13:41","modified_gmt":"2022-12-20T20:13:41","slug":"recreo-despidio-el-ano-con-una-fiesta","status":"publish","type":"post","link":"https:\/\/www.hoymercedes.com.ar\/principal\/2022\/12\/20\/recreo-despidio-el-ano-con-una-fiesta\/","title":{"rendered":"Recreo despidi\u00f3 el a\u00f1o con una fiesta"},"content":{"rendered":"\n<p>Por Prensa Municipal &#8211; Quienes participaron durante todo el a\u00f1o del programa Recreo, perteneciente a las \u00e1reas dede Desarrollo Social, Cultural e inclusivo, tuvieron su fiesta de fin de a\u00f1o en el Unzu\u00e9. Estuvo presente cada uno de integrantes que le dieron forma este 2022 en cada punto de la ciudad. <\/p>\n\n\n<div class=\"wp-block-image\">\n<figure class=\"aligncenter size-full\"><img loading=\"lazy\" decoding=\"async\" width=\"922\" height=\"615\" data-attachment-id=\"156734\" data-permalink=\"https:\/\/www.hoymercedes.com.ar\/principal\/2022\/12\/20\/recreo-despidio-el-ano-con-una-fiesta\/fkmlbmgxkaezeec\/#main\" data-orig-file=\"https:\/\/www.hoymercedes.com.ar\/principal\/wp-content\/uploads\/2022\/12\/FkMlbMGXkAEzeec.jpg\" data-orig-size=\"922,615\" data-comments-opened=\"0\" data-image-meta=\"{&quot;aperture&quot;:&quot;0&quot;,&quot;credit&quot;:&quot;&quot;,&quot;camera&quot;:&quot;&quot;,&quot;caption&quot;:&quot;&quot;,&quot;created_timestamp&quot;:&quot;0&quot;,&quot;copyright&quot;:&quot;&quot;,&quot;focal_length&quot;:&quot;0&quot;,&quot;iso&quot;:&quot;0&quot;,&quot;shutter_speed&quot;:&quot;0&quot;,&quot;title&quot;:&quot;&quot;,&quot;orientation&quot;:&quot;0&quot;}\" data-image-title=\"FkMlbMGXkAEzeec\" data-image-description=\"\" data-image-caption=\"\" data-large-file=\"https:\/\/www.hoymercedes.com.ar\/principal\/wp-content\/uploads\/2022\/12\/FkMlbMGXkAEzeec.jpg\" src=\"https:\/\/www.hoymercedes.com.ar\/principal\/wp-content\/uploads\/2022\/12\/FkMlbMGXkAEzeec.jpg\" alt=\"\" class=\"wp-image-156734\" srcset=\"https:\/\/www.hoymercedes.com.ar\/principal\/wp-content\/uploads\/2022\/12\/FkMlbMGXkAEzeec.jpg 922w, https:\/\/www.hoymercedes.com.ar\/principal\/wp-content\/uploads\/2022\/12\/FkMlbMGXkAEzeec-630x420.jpg 630w, https:\/\/www.hoymercedes.com.ar\/principal\/wp-content\/uploads\/2022\/12\/FkMlbMGXkAEzeec-150x100.jpg 150w\" sizes=\"auto, (max-width: 922px) 100vw, 922px\" \/><\/figure>\n<\/div>\n\n\n<p>El intendente Ustarroz fue parte de las celebraciones y actividades. Desde la Direcci\u00f3n de Ni\u00f1ez y Adolescencia agradecieron a cada familia por ser parte de este \u201chermoso encuentro de juegos y entretenimiento familiar\u201d.<\/p>\n\n\n\n<p>Durante varias horas se pudo jugar, disfrutar y conocer cada aspecto del programa Recreo que en todo el 2022 realiz\u00f3 procesos de ense\u00f1anza y aprendizaje, acompa\u00f1amiento a las y los ni\u00f1os, familias y se convirti\u00f3 en un dispositivo muy importante para la inclusi\u00f3n y el desarrollo infantil y adolescente, contaron desde la direcci\u00f3n de ni\u00f1ez, a cargo de la Lic. Gabriela Olivella.<\/p>\n\n\n\n<p>\u201cEstamos muy felices de ver tantos ni\u00f1os y ni\u00f1as felices, disfrutando, encontrando, como lo hicieron todo el a\u00f1o\u201d sostuvo el intendente Ustarroz y destac\u00f3 \u201ctambi\u00e9n queremos agradecer a cada profe, al personal municipal, talleres culturales, programa alimentario, a quienes sostuvieron este hermoso proyecto y lo siguen haciendo\u201d.<\/p>\n\n\n\n<p>La fiesto merienda, exposiciones, murgas, presentaciones, todo pensado en el bienestar de las y los peque\u00f1os.<\/p>\n","protected":false},"excerpt":{"rendered":"<p>Quienes participaron durante todo el a\u00f1o del programa Recreo, perteneciente a las \u00e1reas dede Desarrollo Social, Cultural e inclusivo, tuvieron su fiesta de fin de a\u00f1o en el Unzu\u00e9.<\/p>\n","protected":false},"author":1,"featured_media":156734,"comment_status":"closed","ping_status":"open","sticky":false,"template":"","format":"standard","meta":{"_monsterinsights_skip_tracking":false,"_monsterinsights_sitenote_active":false,"_monsterinsights_sitenote_note":"","_monsterinsights_sitenote_category":0,"jetpack_post_was_ever_published":false,"_jetpack_newsletter_access":"","_jetpack_dont_email_post_to_subs":false,"_jetpack_newsletter_tier_id":0,"_jetpack_memberships_contains_paywalled_content":false,"_jetpack_memberships_contains_paid_content":false,"footnotes":"","jetpack_publicize_message":"","jetpack_publicize_feature_enabled":true,"jetpack_social_post_already_shared":true,"jetpack_social_options":{"image_generator_settings":{"template":"highway","default_image_id":0,"font":"","enabled":false},"version":2},"_wpas_customize_per_network":false},"categories":[8],"tags":[],"class_list":["post-156733","post","type-post","status-publish","format-standard","has-post-thumbnail","hentry","category-sociedad","generate-columns","tablet-grid-50","mobile-grid-100","grid-parent","grid-50"],"jetpack_publicize_connections":[],"jetpack_featured_media_url":"https:\/\/www.hoymercedes.com.ar\/principal\/wp-content\/uploads\/2022\/12\/FkMlbMGXkAEzeec.jpg","wps_subtitle":"","jetpack_sharing_enabled":true,"_links":{"self":[{"href":"https:\/\/www.hoymercedes.com.ar\/principal\/wp-json\/wp\/v2\/posts\/156733","targetHints":{"allow":["GET"]}}],"collection":[{"href":"https:\/\/www.hoymercedes.com.ar\/principal\/wp-json\/wp\/v2\/posts"}],"about":[{"href":"https:\/\/www.hoymercedes.com.ar\/principal\/wp-json\/wp\/v2\/types\/post"}],"author":[{"embeddable":true,"href":"https:\/\/www.hoymercedes.com.ar\/principal\/wp-json\/wp\/v2\/users\/1"}],"replies":[{"embeddable":true,"href":"https:\/\/www.hoymercedes.com.ar\/principal\/wp-json\/wp\/v2\/comments?post=156733"}],"version-history":[{"count":0,"href":"https:\/\/www.hoymercedes.com.ar\/principal\/wp-json\/wp\/v2\/posts\/156733\/revisions"}],"wp:featuredmedia":[{"embeddable":true,"href":"https:\/\/www.hoymercedes.com.ar\/principal\/wp-json\/wp\/v2\/media\/156734"}],"wp:attachment":[{"href":"https:\/\/www.hoymercedes.com.ar\/principal\/wp-json\/wp\/v2\/media?parent=156733"}],"wp:term":[{"taxonomy":"category","embeddable":true,"href":"https:\/\/www.hoymercedes.com.ar\/principal\/wp-json\/wp\/v2\/categories?post=156733"},{"taxonomy":"post_tag","embeddable":true,"href":"https:\/\/www.hoymercedes.com.ar\/principal\/wp-json\/wp\/v2\/tags?post=156733"}],"curies":[{"name":"wp","href":"https:\/\/api.w.org\/{rel}","templated":true}]}}