{"id":156747,"date":"2022-12-20T19:29:58","date_gmt":"2022-12-20T22:29:58","guid":{"rendered":"https:\/\/www.hoymercedes.com.ar\/principal\/?p=156747"},"modified":"2022-12-21T06:50:01","modified_gmt":"2022-12-21T09:50:01","slug":"fuerte-siniestro-vial-entre-camion-y-auto-en-ruta-no5","status":"publish","type":"post","link":"https:\/\/www.hoymercedes.com.ar\/principal\/2022\/12\/20\/fuerte-siniestro-vial-entre-camion-y-auto-en-ruta-no5\/","title":{"rendered":"Fuerte siniestro vial entre cami\u00f3n y auto en ruta n\u00ba5"},"content":{"rendered":"\n<figure class=\"wp-block-image size-large\"><img loading=\"lazy\" decoding=\"async\" width=\"1024\" height=\"576\" data-attachment-id=\"156748\" data-permalink=\"https:\/\/www.hoymercedes.com.ar\/principal\/2022\/12\/20\/fuerte-siniestro-vial-entre-camion-y-auto-en-ruta-no5\/siniestrovial-20-12-2022\/#main\" data-orig-file=\"https:\/\/www.hoymercedes.com.ar\/principal\/wp-content\/uploads\/2022\/12\/SiniestroVial-20.12.2022.jpg\" data-orig-size=\"1600,900\" data-comments-opened=\"0\" data-image-meta=\"{&quot;aperture&quot;:&quot;0&quot;,&quot;credit&quot;:&quot;&quot;,&quot;camera&quot;:&quot;&quot;,&quot;caption&quot;:&quot;&quot;,&quot;created_timestamp&quot;:&quot;0&quot;,&quot;copyright&quot;:&quot;&quot;,&quot;focal_length&quot;:&quot;0&quot;,&quot;iso&quot;:&quot;0&quot;,&quot;shutter_speed&quot;:&quot;0&quot;,&quot;title&quot;:&quot;&quot;,&quot;orientation&quot;:&quot;0&quot;}\" data-image-title=\"SiniestroVial-20.12.2022\" data-image-description=\"\" data-image-caption=\"\" data-large-file=\"https:\/\/www.hoymercedes.com.ar\/principal\/wp-content\/uploads\/2022\/12\/SiniestroVial-20.12.2022-1024x576.jpg\" src=\"https:\/\/www.hoymercedes.com.ar\/principal\/wp-content\/uploads\/2022\/12\/SiniestroVial-20.12.2022-1024x576.jpg\" alt=\"\" class=\"wp-image-156748\" srcset=\"https:\/\/www.hoymercedes.com.ar\/principal\/wp-content\/uploads\/2022\/12\/SiniestroVial-20.12.2022-1024x576.jpg 1024w, https:\/\/www.hoymercedes.com.ar\/principal\/wp-content\/uploads\/2022\/12\/SiniestroVial-20.12.2022-630x354.jpg 630w, https:\/\/www.hoymercedes.com.ar\/principal\/wp-content\/uploads\/2022\/12\/SiniestroVial-20.12.2022-150x84.jpg 150w, https:\/\/www.hoymercedes.com.ar\/principal\/wp-content\/uploads\/2022\/12\/SiniestroVial-20.12.2022-1536x864.jpg 1536w, https:\/\/www.hoymercedes.com.ar\/principal\/wp-content\/uploads\/2022\/12\/SiniestroVial-20.12.2022.jpg 1600w\" sizes=\"auto, (max-width: 1024px) 100vw, 1024px\" \/><\/figure>\n\n\n\n<p>Un impactante siniestro vial se produjo entre un cami\u00f3n y un autom\u00f3vil en la autov\u00eda n\u00ba5 altura del puente de Olivera. Actuaron las unidades de asistencia de Rescate de los Bomberos de Luj\u00e1n. El conductor del cami\u00f3n debi\u00f3 ser auxiliado.<\/p>\n\n\n\n<p>El incidente ocurri\u00f3 alrededor de las 6.30am en sentido Mercedes-Luj\u00e1n.<\/p>\n\n\n\n<p>Involucr\u00f3 a un cami\u00f3n Scania y un Peugeot 308. El impacto destruy\u00f3 el guardarra\u00edl que divide ambas calzadas y termin\u00f3 incrust\u00e1ndose contra la seguidilla de \u00e1rboles.<\/p>\n\n\n\n<figure class=\"wp-block-image size-large\"><img loading=\"lazy\" decoding=\"async\" width=\"1024\" height=\"576\" data-attachment-id=\"156749\" data-permalink=\"https:\/\/www.hoymercedes.com.ar\/principal\/2022\/12\/20\/fuerte-siniestro-vial-entre-camion-y-auto-en-ruta-no5\/siniestrovial-20-12-2022-2\/#main\" data-orig-file=\"https:\/\/www.hoymercedes.com.ar\/principal\/wp-content\/uploads\/2022\/12\/SiniestroVial-20.12.2022.2.jpg\" data-orig-size=\"1600,900\" data-comments-opened=\"0\" data-image-meta=\"{&quot;aperture&quot;:&quot;0&quot;,&quot;credit&quot;:&quot;&quot;,&quot;camera&quot;:&quot;&quot;,&quot;caption&quot;:&quot;&quot;,&quot;created_timestamp&quot;:&quot;0&quot;,&quot;copyright&quot;:&quot;&quot;,&quot;focal_length&quot;:&quot;0&quot;,&quot;iso&quot;:&quot;0&quot;,&quot;shutter_speed&quot;:&quot;0&quot;,&quot;title&quot;:&quot;&quot;,&quot;orientation&quot;:&quot;0&quot;}\" data-image-title=\"SiniestroVial-20.12.2022.2\" data-image-description=\"\" data-image-caption=\"\" data-large-file=\"https:\/\/www.hoymercedes.com.ar\/principal\/wp-content\/uploads\/2022\/12\/SiniestroVial-20.12.2022.2-1024x576.jpg\" src=\"https:\/\/www.hoymercedes.com.ar\/principal\/wp-content\/uploads\/2022\/12\/SiniestroVial-20.12.2022.2-1024x576.jpg\" alt=\"\" class=\"wp-image-156749\" srcset=\"https:\/\/www.hoymercedes.com.ar\/principal\/wp-content\/uploads\/2022\/12\/SiniestroVial-20.12.2022.2-1024x576.jpg 1024w, https:\/\/www.hoymercedes.com.ar\/principal\/wp-content\/uploads\/2022\/12\/SiniestroVial-20.12.2022.2-630x354.jpg 630w, https:\/\/www.hoymercedes.com.ar\/principal\/wp-content\/uploads\/2022\/12\/SiniestroVial-20.12.2022.2-150x84.jpg 150w, https:\/\/www.hoymercedes.com.ar\/principal\/wp-content\/uploads\/2022\/12\/SiniestroVial-20.12.2022.2-1536x864.jpg 1536w, https:\/\/www.hoymercedes.com.ar\/principal\/wp-content\/uploads\/2022\/12\/SiniestroVial-20.12.2022.2.jpg 1600w\" sizes=\"auto, (max-width: 1024px) 100vw, 1024px\" \/><figcaption class=\"wp-element-caption\">Fotos: El Civismo<\/figcaption><\/figure>\n\n\n\n<p>Con politraumatismos el camionero debi\u00f3 ser trasladado al hospital de Luj\u00e1n, donde es la jurisdicci\u00f3n del hecho.<\/p>\n\n\n\n<p>Todo sucedi\u00f3 este lunes 19 de noviembre.<\/p>\n","protected":false},"excerpt":{"rendered":"<p>Fuerte siniestro vial entre cami\u00f3n y auto en ruta n\u00ba5<\/p>\n","protected":false},"author":1,"featured_media":156748,"comment_status":"closed","ping_status":"open","sticky":false,"template":"","format":"standard","meta":{"_monsterinsights_skip_tracking":false,"_monsterinsights_sitenote_active":false,"_monsterinsights_sitenote_note":"","_monsterinsights_sitenote_category":0,"jetpack_post_was_ever_published":false,"_jetpack_newsletter_access":"","_jetpack_dont_email_post_to_subs":false,"_jetpack_newsletter_tier_id":0,"_jetpack_memberships_contains_paywalled_content":false,"_jetpack_memberships_contains_paid_content":false,"footnotes":"","jetpack_publicize_message":"","jetpack_publicize_feature_enabled":true,"jetpack_social_post_already_shared":true,"jetpack_social_options":{"image_generator_settings":{"template":"highway","default_image_id":0,"font":"","enabled":false},"version":2},"_wpas_customize_per_network":false},"categories":[85],"tags":[538,17178],"class_list":["post-156747","post","type-post","status-publish","format-standard","has-post-thumbnail","hentry","category-policial","tag-ruta-5","tag-sinistro-vial","generate-columns","tablet-grid-50","mobile-grid-100","grid-parent","grid-50"],"jetpack_publicize_connections":[],"jetpack_featured_media_url":"https:\/\/www.hoymercedes.com.ar\/principal\/wp-content\/uploads\/2022\/12\/SiniestroVial-20.12.2022.jpg","wps_subtitle":"","jetpack_sharing_enabled":true,"_links":{"self":[{"href":"https:\/\/www.hoymercedes.com.ar\/principal\/wp-json\/wp\/v2\/posts\/156747","targetHints":{"allow":["GET"]}}],"collection":[{"href":"https:\/\/www.hoymercedes.com.ar\/principal\/wp-json\/wp\/v2\/posts"}],"about":[{"href":"https:\/\/www.hoymercedes.com.ar\/principal\/wp-json\/wp\/v2\/types\/post"}],"author":[{"embeddable":true,"href":"https:\/\/www.hoymercedes.com.ar\/principal\/wp-json\/wp\/v2\/users\/1"}],"replies":[{"embeddable":true,"href":"https:\/\/www.hoymercedes.com.ar\/principal\/wp-json\/wp\/v2\/comments?post=156747"}],"version-history":[{"count":0,"href":"https:\/\/www.hoymercedes.com.ar\/principal\/wp-json\/wp\/v2\/posts\/156747\/revisions"}],"wp:featuredmedia":[{"embeddable":true,"href":"https:\/\/www.hoymercedes.com.ar\/principal\/wp-json\/wp\/v2\/media\/156748"}],"wp:attachment":[{"href":"https:\/\/www.hoymercedes.com.ar\/principal\/wp-json\/wp\/v2\/media?parent=156747"}],"wp:term":[{"taxonomy":"category","embeddable":true,"href":"https:\/\/www.hoymercedes.com.ar\/principal\/wp-json\/wp\/v2\/categories?post=156747"},{"taxonomy":"post_tag","embeddable":true,"href":"https:\/\/www.hoymercedes.com.ar\/principal\/wp-json\/wp\/v2\/tags?post=156747"}],"curies":[{"name":"wp","href":"https:\/\/api.w.org\/{rel}","templated":true}]}}