{"id":156756,"date":"2022-12-21T07:05:23","date_gmt":"2022-12-21T10:05:23","guid":{"rendered":"https:\/\/www.hoymercedes.com.ar\/principal\/?p=156756"},"modified":"2022-12-21T07:11:26","modified_gmt":"2022-12-21T10:11:26","slug":"fallecio-el-ex-titular-de-la-cooperadora-del-hospital-rosendo-rubiero","status":"publish","type":"post","link":"https:\/\/www.hoymercedes.com.ar\/principal\/2022\/12\/21\/fallecio-el-ex-titular-de-la-cooperadora-del-hospital-rosendo-rubiero\/","title":{"rendered":"Falleci\u00f3 el ex titular de la Cooperadora del Hospital Rosendo Rubiero"},"content":{"rendered":"\n<p>El farmac\u00e9utico jubilado que supo estar al frente de la Asociaci\u00f3n Cooperadora del Hospital Blas L. Dubarry por varios a\u00f1os, Rosendo Rubiero, falleci\u00f3 en la jornada de este martes 20. Sus restos ser\u00e1n velados a partir de la hora 8 en 19 y 20, para luego hacer una misa en la Iglesia San Luis a las 11. <\/p>\n\n\n\n<p>Desde Hoy Mercedes enviamos las condolencias a su familia y amigos de una de las personas destacadas de Mercedes y a qui\u00e9n hemos entrevistado en varias oportunidades a lo largo de su trayectoria profesional y de servicio a la comunidad. <\/p>\n\n\n<div class=\"wp-block-image\">\n<figure class=\"aligncenter size-full\"><img loading=\"lazy\" decoding=\"async\" width=\"630\" height=\"569\" data-attachment-id=\"60015\" data-permalink=\"https:\/\/www.hoymercedes.com.ar\/principal\/2017\/02\/22\/rubiero-los-fondos-que-manejamos-fueron-auditados-a-pedido-del-director-esta-ha-salido-bien\/22-rosendo-rubiero\/#main\" data-orig-file=\"https:\/\/www.hoymercedes.com.ar\/principal\/wp-content\/uploads\/2017\/02\/22-Rosendo-Rubiero.jpg\" data-orig-size=\"630,569\" data-comments-opened=\"0\" data-image-meta=\"{&quot;aperture&quot;:&quot;3.5&quot;,&quot;credit&quot;:&quot;&quot;,&quot;camera&quot;:&quot;NIKON D3100&quot;,&quot;caption&quot;:&quot;&quot;,&quot;created_timestamp&quot;:&quot;1485257313&quot;,&quot;copyright&quot;:&quot;&quot;,&quot;focal_length&quot;:&quot;20&quot;,&quot;iso&quot;:&quot;1800&quot;,&quot;shutter_speed&quot;:&quot;0.016666666666667&quot;,&quot;title&quot;:&quot;&quot;,&quot;orientation&quot;:&quot;1&quot;}\" data-image-title=\"22 Rosendo Rubiero\" data-image-description=\"\" data-image-caption=\"\" data-large-file=\"https:\/\/www.hoymercedes.com.ar\/principal\/wp-content\/uploads\/2017\/02\/22-Rosendo-Rubiero.jpg\" src=\"https:\/\/www.hoymercedes.com.ar\/principal\/wp-content\/uploads\/2017\/02\/22-Rosendo-Rubiero.jpg\" alt=\"\" class=\"wp-image-60015\" srcset=\"https:\/\/www.hoymercedes.com.ar\/principal\/wp-content\/uploads\/2017\/02\/22-Rosendo-Rubiero.jpg 630w, https:\/\/www.hoymercedes.com.ar\/principal\/wp-content\/uploads\/2017\/02\/22-Rosendo-Rubiero-150x135.jpg 150w\" sizes=\"auto, (max-width: 630px) 100vw, 630px\" \/><\/figure>\n<\/div>\n\n\n<p><\/p>\n","protected":false},"excerpt":{"rendered":"<p>Rosendo Rubiero falleci\u00f3 en la jornada de este martes 20. Los restos del ex presidente de la Cooperadora del Hospital Dubarry ser\u00e1n velados a partir de la hora 8 en 19 y 20, para luego hacer una misa en la Iglesia San Luis a las 11. <\/p>\n","protected":false},"author":1,"featured_media":60015,"comment_status":"closed","ping_status":"open","sticky":false,"template":"","format":"standard","meta":{"_monsterinsights_skip_tracking":false,"_monsterinsights_sitenote_active":false,"_monsterinsights_sitenote_note":"","_monsterinsights_sitenote_category":0,"jetpack_post_was_ever_published":false,"_jetpack_newsletter_access":"","_jetpack_dont_email_post_to_subs":false,"_jetpack_newsletter_tier_id":0,"_jetpack_memberships_contains_paywalled_content":false,"_jetpack_memberships_contains_paid_content":false,"footnotes":"","jetpack_publicize_message":"","jetpack_publicize_feature_enabled":true,"jetpack_social_post_already_shared":true,"jetpack_social_options":{"image_generator_settings":{"template":"highway","default_image_id":0,"font":"","enabled":false},"version":2},"_wpas_customize_per_network":false},"categories":[8],"tags":[],"class_list":["post-156756","post","type-post","status-publish","format-standard","has-post-thumbnail","hentry","category-sociedad","generate-columns","tablet-grid-50","mobile-grid-100","grid-parent","grid-50"],"jetpack_publicize_connections":[],"jetpack_featured_media_url":"https:\/\/www.hoymercedes.com.ar\/principal\/wp-content\/uploads\/2017\/02\/22-Rosendo-Rubiero.jpg","wps_subtitle":"","jetpack_sharing_enabled":true,"_links":{"self":[{"href":"https:\/\/www.hoymercedes.com.ar\/principal\/wp-json\/wp\/v2\/posts\/156756","targetHints":{"allow":["GET"]}}],"collection":[{"href":"https:\/\/www.hoymercedes.com.ar\/principal\/wp-json\/wp\/v2\/posts"}],"about":[{"href":"https:\/\/www.hoymercedes.com.ar\/principal\/wp-json\/wp\/v2\/types\/post"}],"author":[{"embeddable":true,"href":"https:\/\/www.hoymercedes.com.ar\/principal\/wp-json\/wp\/v2\/users\/1"}],"replies":[{"embeddable":true,"href":"https:\/\/www.hoymercedes.com.ar\/principal\/wp-json\/wp\/v2\/comments?post=156756"}],"version-history":[{"count":0,"href":"https:\/\/www.hoymercedes.com.ar\/principal\/wp-json\/wp\/v2\/posts\/156756\/revisions"}],"wp:featuredmedia":[{"embeddable":true,"href":"https:\/\/www.hoymercedes.com.ar\/principal\/wp-json\/wp\/v2\/media\/60015"}],"wp:attachment":[{"href":"https:\/\/www.hoymercedes.com.ar\/principal\/wp-json\/wp\/v2\/media?parent=156756"}],"wp:term":[{"taxonomy":"category","embeddable":true,"href":"https:\/\/www.hoymercedes.com.ar\/principal\/wp-json\/wp\/v2\/categories?post=156756"},{"taxonomy":"post_tag","embeddable":true,"href":"https:\/\/www.hoymercedes.com.ar\/principal\/wp-json\/wp\/v2\/tags?post=156756"}],"curies":[{"name":"wp","href":"https:\/\/api.w.org\/{rel}","templated":true}]}}