{"id":156759,"date":"2022-12-20T21:13:00","date_gmt":"2022-12-21T00:13:00","guid":{"rendered":"https:\/\/www.hoymercedes.com.ar\/principal\/?p=156759"},"modified":"2022-12-22T17:45:47","modified_gmt":"2022-12-22T20:45:47","slug":"de-gowland-a-palermo-ninos-y-jovenes-viajaron-a-caba","status":"publish","type":"post","link":"https:\/\/www.hoymercedes.com.ar\/principal\/2022\/12\/20\/de-gowland-a-palermo-ninos-y-jovenes-viajaron-a-caba\/","title":{"rendered":"De Gowland a Palermo: ni\u00f1os y j\u00f3venes a CABA"},"content":{"rendered":"\n<p>Por Prensa Municipal &#8211; Este viernes 16 una treintena de ni\u00f1os y j\u00f3venes de la localidad de Gowland, Agote y la Pampita viajaron al Centro Cultural de la Ciencia ubicado en el barrio Palermo de la ciudad de Buenos Aires.<\/p>\n\n\n\n<figure class=\"wp-block-image size-large\"><img loading=\"lazy\" decoding=\"async\" width=\"1024\" height=\"582\" data-attachment-id=\"156760\" data-permalink=\"https:\/\/www.hoymercedes.com.ar\/principal\/2022\/12\/20\/de-gowland-a-palermo-ninos-y-jovenes-viajaron-a-caba\/whatsapp-image-2022-12-16-at-15-09-26\/#main\" data-orig-file=\"https:\/\/www.hoymercedes.com.ar\/principal\/wp-content\/uploads\/2022\/12\/WhatsApp-Image-2022-12-16-at-15.09.26.jpeg\" data-orig-size=\"1280,728\" data-comments-opened=\"0\" data-image-meta=\"{&quot;aperture&quot;:&quot;0&quot;,&quot;credit&quot;:&quot;&quot;,&quot;camera&quot;:&quot;&quot;,&quot;caption&quot;:&quot;&quot;,&quot;created_timestamp&quot;:&quot;0&quot;,&quot;copyright&quot;:&quot;&quot;,&quot;focal_length&quot;:&quot;0&quot;,&quot;iso&quot;:&quot;0&quot;,&quot;shutter_speed&quot;:&quot;0&quot;,&quot;title&quot;:&quot;&quot;,&quot;orientation&quot;:&quot;0&quot;}\" data-image-title=\"WhatsApp Image 2022-12-16 at 15.09.26\" data-image-description=\"\" data-image-caption=\"\" data-large-file=\"https:\/\/www.hoymercedes.com.ar\/principal\/wp-content\/uploads\/2022\/12\/WhatsApp-Image-2022-12-16-at-15.09.26-1024x582.jpeg\" src=\"https:\/\/www.hoymercedes.com.ar\/principal\/wp-content\/uploads\/2022\/12\/WhatsApp-Image-2022-12-16-at-15.09.26-1024x582.jpeg\" alt=\"\" class=\"wp-image-156760\" srcset=\"https:\/\/www.hoymercedes.com.ar\/principal\/wp-content\/uploads\/2022\/12\/WhatsApp-Image-2022-12-16-at-15.09.26-1024x582.jpeg 1024w, https:\/\/www.hoymercedes.com.ar\/principal\/wp-content\/uploads\/2022\/12\/WhatsApp-Image-2022-12-16-at-15.09.26-630x358.jpeg 630w, https:\/\/www.hoymercedes.com.ar\/principal\/wp-content\/uploads\/2022\/12\/WhatsApp-Image-2022-12-16-at-15.09.26-150x85.jpeg 150w, https:\/\/www.hoymercedes.com.ar\/principal\/wp-content\/uploads\/2022\/12\/WhatsApp-Image-2022-12-16-at-15.09.26.jpeg 1280w\" sizes=\"auto, (max-width: 1024px) 100vw, 1024px\" \/><\/figure>\n\n\n\n<p>Est\u00e1 actividad fue organizada conjuntamente por la sociedad de fomento y el Programa Territorio Joven. En esta oportunidad los adultos que acompa\u00f1aron son la presidenta de la sociedad de fomento Silvina Arrieta y desde Territorio Joven estuvo el promotor deportivo Marcelo Cuenca. <\/p>\n\n\n\n<p>Tambi\u00e9n se sumaron al viaje algunos padres y madres de los ni\u00f1os y j\u00f3venes participantes.Esta actividad surge por la articulaci\u00f3n entre OPISU (Organismo Provincial de Integraci\u00f3n Social y Urbano) y la Secretar\u00eda de Desarrollo de la Comunidad de Mercedes.<\/p>\n","protected":false},"excerpt":{"rendered":"<p> Este viernes 16 una treintena de ni\u00f1os y j\u00f3venes de la localidad de Gowland, Agote y la Pampita viajaron al Centro Cultural de la Ciencia ubicado en el barrio Palermo de la ciudad de Buenos Aires.<\/p>\n","protected":false},"author":1,"featured_media":156760,"comment_status":"closed","ping_status":"open","sticky":false,"template":"","format":"standard","meta":{"_monsterinsights_skip_tracking":false,"_monsterinsights_sitenote_active":false,"_monsterinsights_sitenote_note":"","_monsterinsights_sitenote_category":0,"jetpack_post_was_ever_published":false,"_jetpack_newsletter_access":"","_jetpack_dont_email_post_to_subs":false,"_jetpack_newsletter_tier_id":0,"_jetpack_memberships_contains_paywalled_content":false,"_jetpack_memberships_contains_paid_content":false,"footnotes":"","jetpack_publicize_message":"","jetpack_publicize_feature_enabled":true,"jetpack_social_post_already_shared":true,"jetpack_social_options":{"image_generator_settings":{"template":"highway","default_image_id":0,"font":"","enabled":false},"version":2},"_wpas_customize_per_network":false},"categories":[30],"tags":[244],"class_list":["post-156759","post","type-post","status-publish","format-standard","has-post-thumbnail","hentry","category-municipio","tag-municipio-2","generate-columns","tablet-grid-50","mobile-grid-100","grid-parent","grid-50"],"jetpack_publicize_connections":[],"jetpack_featured_media_url":"https:\/\/www.hoymercedes.com.ar\/principal\/wp-content\/uploads\/2022\/12\/WhatsApp-Image-2022-12-16-at-15.09.26.jpeg","wps_subtitle":"","jetpack_sharing_enabled":true,"_links":{"self":[{"href":"https:\/\/www.hoymercedes.com.ar\/principal\/wp-json\/wp\/v2\/posts\/156759","targetHints":{"allow":["GET"]}}],"collection":[{"href":"https:\/\/www.hoymercedes.com.ar\/principal\/wp-json\/wp\/v2\/posts"}],"about":[{"href":"https:\/\/www.hoymercedes.com.ar\/principal\/wp-json\/wp\/v2\/types\/post"}],"author":[{"embeddable":true,"href":"https:\/\/www.hoymercedes.com.ar\/principal\/wp-json\/wp\/v2\/users\/1"}],"replies":[{"embeddable":true,"href":"https:\/\/www.hoymercedes.com.ar\/principal\/wp-json\/wp\/v2\/comments?post=156759"}],"version-history":[{"count":0,"href":"https:\/\/www.hoymercedes.com.ar\/principal\/wp-json\/wp\/v2\/posts\/156759\/revisions"}],"wp:featuredmedia":[{"embeddable":true,"href":"https:\/\/www.hoymercedes.com.ar\/principal\/wp-json\/wp\/v2\/media\/156760"}],"wp:attachment":[{"href":"https:\/\/www.hoymercedes.com.ar\/principal\/wp-json\/wp\/v2\/media?parent=156759"}],"wp:term":[{"taxonomy":"category","embeddable":true,"href":"https:\/\/www.hoymercedes.com.ar\/principal\/wp-json\/wp\/v2\/categories?post=156759"},{"taxonomy":"post_tag","embeddable":true,"href":"https:\/\/www.hoymercedes.com.ar\/principal\/wp-json\/wp\/v2\/tags?post=156759"}],"curies":[{"name":"wp","href":"https:\/\/api.w.org\/{rel}","templated":true}]}}