{"id":156820,"date":"2022-12-23T22:43:23","date_gmt":"2022-12-24T01:43:23","guid":{"rendered":"https:\/\/www.hoymercedes.com.ar\/principal\/?p=156820"},"modified":"2022-12-23T22:43:25","modified_gmt":"2022-12-24T01:43:25","slug":"lujan-se-escaparon-dos-detenidos-en-la-brigada","status":"publish","type":"post","link":"https:\/\/www.hoymercedes.com.ar\/principal\/2022\/12\/23\/lujan-se-escaparon-dos-detenidos-en-la-brigada\/","title":{"rendered":"Luj\u00e1n: se escaparon dos detenidos en la \u201cBrigada\u201d"},"content":{"rendered":"\n<figure class=\"wp-block-image size-full\"><img loading=\"lazy\" decoding=\"async\" width=\"942\" height=\"589\" data-attachment-id=\"156821\" data-permalink=\"https:\/\/www.hoymercedes.com.ar\/principal\/2022\/12\/23\/lujan-se-escaparon-dos-detenidos-en-la-brigada\/comisaria-lujan\/#main\" data-orig-file=\"https:\/\/www.hoymercedes.com.ar\/principal\/wp-content\/uploads\/2022\/12\/Comisaria-Lujan.jpg\" data-orig-size=\"942,589\" data-comments-opened=\"0\" data-image-meta=\"{&quot;aperture&quot;:&quot;0&quot;,&quot;credit&quot;:&quot;&quot;,&quot;camera&quot;:&quot;&quot;,&quot;caption&quot;:&quot;&quot;,&quot;created_timestamp&quot;:&quot;0&quot;,&quot;copyright&quot;:&quot;&quot;,&quot;focal_length&quot;:&quot;0&quot;,&quot;iso&quot;:&quot;0&quot;,&quot;shutter_speed&quot;:&quot;0&quot;,&quot;title&quot;:&quot;&quot;,&quot;orientation&quot;:&quot;0&quot;}\" data-image-title=\"Comisaria-Lujan\" data-image-description=\"\" data-image-caption=\"\" data-large-file=\"https:\/\/www.hoymercedes.com.ar\/principal\/wp-content\/uploads\/2022\/12\/Comisaria-Lujan.jpg\" src=\"https:\/\/www.hoymercedes.com.ar\/principal\/wp-content\/uploads\/2022\/12\/Comisaria-Lujan.jpg\" alt=\"\" class=\"wp-image-156821\" srcset=\"https:\/\/www.hoymercedes.com.ar\/principal\/wp-content\/uploads\/2022\/12\/Comisaria-Lujan.jpg 942w, https:\/\/www.hoymercedes.com.ar\/principal\/wp-content\/uploads\/2022\/12\/Comisaria-Lujan-630x394.jpg 630w, https:\/\/www.hoymercedes.com.ar\/principal\/wp-content\/uploads\/2022\/12\/Comisaria-Lujan-150x94.jpg 150w\" sizes=\"auto, (max-width: 942px) 100vw, 942px\" \/><\/figure>\n\n\n\n<p>En la vecina ciudad de Luj\u00e1n se escaparon dos detenidos. Estaban alojados en \u201cla brigada\u201d, un sector pegado a la comisaria, dependiente de la DDI Luj\u00e1n. La noticia se conoci\u00f3 tras concretarse el hecho alrededor del mediod\u00eda de este viernes, con lo cual, los detenidos, pasar\u00e1n navidad en libertad, eso s\u00ed, decidido por ellos mismos.<\/p>\n\n\n\n<p>En alguno de los momentos de revisi\u00f3n, los polic\u00edas detectaron que se hab\u00edan fugado. Los presuntos delincuentes detenidos en la DDI lograron escaparse sin que el sector especializado en temas de investigaci\u00f3n<\/p>\n\n\n\n<p>El canal de noticias C5N dio tambi\u00e9n la novedad, mencionando que uno tiene 21 a\u00f1os de edad, oriundo de Bragado y el otro 33, de Luj\u00e1n.<\/p>\n\n\n\n<p>El periodista de&nbsp;C5N Diego Gabriele&nbsp;quien detallo la noticia expres\u00f3 que \u201cse trata de&nbsp;dos presos peligrosos\u00bb remarcando que si estaban ah\u00ed no es un dato menos, eso dar\u00eda cuenta de su peligrosidad.<\/p>\n","protected":false},"excerpt":{"rendered":"<p>Luj\u00e1n: se escaparon dos detenidos en la \u201cBrigada\u201d<\/p>\n","protected":false},"author":1,"featured_media":156821,"comment_status":"closed","ping_status":"open","sticky":false,"template":"","format":"standard","meta":{"_monsterinsights_skip_tracking":false,"_monsterinsights_sitenote_active":false,"_monsterinsights_sitenote_note":"","_monsterinsights_sitenote_category":0,"jetpack_post_was_ever_published":false,"_jetpack_newsletter_access":"","_jetpack_dont_email_post_to_subs":false,"_jetpack_newsletter_tier_id":0,"_jetpack_memberships_contains_paywalled_content":false,"_jetpack_memberships_contains_paid_content":false,"footnotes":"","jetpack_publicize_message":"","jetpack_publicize_feature_enabled":true,"jetpack_social_post_already_shared":true,"jetpack_social_options":{"image_generator_settings":{"template":"highway","default_image_id":0,"font":"","enabled":false},"version":2},"_wpas_customize_per_network":false},"categories":[85],"tags":[18635,18634],"class_list":["post-156820","post","type-post","status-publish","format-standard","has-post-thumbnail","hentry","category-policial","tag-comisaria-de-lujan","tag-escape-de-presos-en-lujan","generate-columns","tablet-grid-50","mobile-grid-100","grid-parent","grid-50"],"jetpack_publicize_connections":[],"jetpack_featured_media_url":"https:\/\/www.hoymercedes.com.ar\/principal\/wp-content\/uploads\/2022\/12\/Comisaria-Lujan.jpg","wps_subtitle":"Ser\u00edan peligrosos","jetpack_sharing_enabled":true,"_links":{"self":[{"href":"https:\/\/www.hoymercedes.com.ar\/principal\/wp-json\/wp\/v2\/posts\/156820","targetHints":{"allow":["GET"]}}],"collection":[{"href":"https:\/\/www.hoymercedes.com.ar\/principal\/wp-json\/wp\/v2\/posts"}],"about":[{"href":"https:\/\/www.hoymercedes.com.ar\/principal\/wp-json\/wp\/v2\/types\/post"}],"author":[{"embeddable":true,"href":"https:\/\/www.hoymercedes.com.ar\/principal\/wp-json\/wp\/v2\/users\/1"}],"replies":[{"embeddable":true,"href":"https:\/\/www.hoymercedes.com.ar\/principal\/wp-json\/wp\/v2\/comments?post=156820"}],"version-history":[{"count":0,"href":"https:\/\/www.hoymercedes.com.ar\/principal\/wp-json\/wp\/v2\/posts\/156820\/revisions"}],"wp:featuredmedia":[{"embeddable":true,"href":"https:\/\/www.hoymercedes.com.ar\/principal\/wp-json\/wp\/v2\/media\/156821"}],"wp:attachment":[{"href":"https:\/\/www.hoymercedes.com.ar\/principal\/wp-json\/wp\/v2\/media?parent=156820"}],"wp:term":[{"taxonomy":"category","embeddable":true,"href":"https:\/\/www.hoymercedes.com.ar\/principal\/wp-json\/wp\/v2\/categories?post=156820"},{"taxonomy":"post_tag","embeddable":true,"href":"https:\/\/www.hoymercedes.com.ar\/principal\/wp-json\/wp\/v2\/tags?post=156820"}],"curies":[{"name":"wp","href":"https:\/\/api.w.org\/{rel}","templated":true}]}}