{"id":156837,"date":"2022-12-25T21:30:00","date_gmt":"2022-12-26T00:30:00","guid":{"rendered":"https:\/\/www.hoymercedes.com.ar\/principal\/?p=156837"},"modified":"2022-12-25T21:01:15","modified_gmt":"2022-12-26T00:01:15","slug":"navidad-tranquila-sin-requerimientos-en-hospital-y-baja-intervencion-policial","status":"publish","type":"post","link":"https:\/\/www.hoymercedes.com.ar\/principal\/2022\/12\/25\/navidad-tranquila-sin-requerimientos-en-hospital-y-baja-intervencion-policial\/","title":{"rendered":"Navidad tranquila sin requerimientos en hospital y baja intervenci\u00f3n policial"},"content":{"rendered":"\n<p>La navidad en Mercedes fue una noche tranquila. Con casi nulo uso de pirotecnia. Sin accesos a la guardia del hospital por emergencia y con actuaciones policiales menores, fundamentalmente interviniendo en conflictos de vecinos y familiares que discut\u00edan \u201cacaloradamente\u201d. Hubo dos intervenciones por violencia de g\u00e9nero y s\u00f3lo un il\u00edcito es parte de una investigaci\u00f3n con la denuncia de robo de una televisi\u00f3n con el autor ya detenido, quedando en vistas las actuaciones judiciales.<\/p>\n\n\n\n<p>La Polic\u00eda Comunal debi\u00f3 actuar en discusiones \u201cacaloradas\u201d de grupos familiares y amigos en distintos barrios. Tambi\u00e9n en una ri\u00f1a, pero sin consecuencias graves. Si gener\u00f3 preocupaci\u00f3n y r\u00e1pida intervenci\u00f3n dos acontecimientos vinculados a violencia de g\u00e9nero. Uno se suscit\u00f3 en Gowland donde fue detenido el agresor. El otro en Mercedes donde un masculino amenazaba a su concubina con un cuchillo. Ambos agresores fueron detenidos y ahora rinden cuenta a la justicia.<\/p>\n\n\n\n<p>Por otro lado, en la zona c\u00e9ntrica un masculino rob\u00f3 un televisor de una vivienda. Tras la investigaci\u00f3n del hecho la polic\u00eda logr\u00f3 detener al sujeto esclareciendo el suceso. Otro hecho tambien delictivo, en avenida 40, no fue a\u00fan cerrado, pero tienen la Polic\u00eda pistas y testimonios que le permiten avanzar, aunque no se conocen detalles porque justamente es materia de la pesquisas en curso<\/p>\n\n\n\n<p>Respecto a la guardia del hospital se vivi\u00f3 una jornada denominada \u201ctranquila\u201d, sin ingreso por siniestros, quemaduras o problemas graves, s\u00f3lo atenciones \u201ccotidianas\u201d, pero nada vinculado a la festividad.<\/p>\n","protected":false},"excerpt":{"rendered":"<p>La navidad en Mercedes fue una noche tranquila. Con casi nulo uso de pirotecnia. Sin accesos a la guardia del &#8230; <a title=\"Navidad tranquila sin requerimientos en hospital y baja intervenci\u00f3n policial\" class=\"read-more\" href=\"https:\/\/www.hoymercedes.com.ar\/principal\/2022\/12\/25\/navidad-tranquila-sin-requerimientos-en-hospital-y-baja-intervencion-policial\/\" aria-label=\"Leer m\u00e1s sobre Navidad tranquila sin requerimientos en hospital y baja intervenci\u00f3n policial\">Leer m\u00e1s<\/a><\/p>\n","protected":false},"author":1,"featured_media":107190,"comment_status":"closed","ping_status":"open","sticky":false,"template":"","format":"standard","meta":{"_monsterinsights_skip_tracking":false,"_monsterinsights_sitenote_active":false,"_monsterinsights_sitenote_note":"","_monsterinsights_sitenote_category":0,"jetpack_post_was_ever_published":false,"_jetpack_newsletter_access":"","_jetpack_dont_email_post_to_subs":false,"_jetpack_newsletter_tier_id":0,"_jetpack_memberships_contains_paywalled_content":false,"_jetpack_memberships_contains_paid_content":false,"footnotes":"","jetpack_publicize_message":"","jetpack_publicize_feature_enabled":true,"jetpack_social_post_already_shared":true,"jetpack_social_options":{"image_generator_settings":{"template":"highway","default_image_id":0,"font":"","enabled":false},"version":2},"_wpas_customize_per_network":false},"categories":[85],"tags":[18638,5766],"class_list":["post-156837","post","type-post","status-publish","format-standard","has-post-thumbnail","hentry","category-policial","tag-naviedad-tranquila-en-mercedes","tag-policia-comunal","generate-columns","tablet-grid-50","mobile-grid-100","grid-parent","grid-50"],"jetpack_publicize_connections":[],"jetpack_featured_media_url":"https:\/\/www.hoymercedes.com.ar\/principal\/wp-content\/uploads\/2020\/03\/PoliciaComunal-Posta40y41.jpg","wps_subtitle":"Navidad calma en la ciudad ","jetpack_sharing_enabled":true,"_links":{"self":[{"href":"https:\/\/www.hoymercedes.com.ar\/principal\/wp-json\/wp\/v2\/posts\/156837","targetHints":{"allow":["GET"]}}],"collection":[{"href":"https:\/\/www.hoymercedes.com.ar\/principal\/wp-json\/wp\/v2\/posts"}],"about":[{"href":"https:\/\/www.hoymercedes.com.ar\/principal\/wp-json\/wp\/v2\/types\/post"}],"author":[{"embeddable":true,"href":"https:\/\/www.hoymercedes.com.ar\/principal\/wp-json\/wp\/v2\/users\/1"}],"replies":[{"embeddable":true,"href":"https:\/\/www.hoymercedes.com.ar\/principal\/wp-json\/wp\/v2\/comments?post=156837"}],"version-history":[{"count":0,"href":"https:\/\/www.hoymercedes.com.ar\/principal\/wp-json\/wp\/v2\/posts\/156837\/revisions"}],"wp:featuredmedia":[{"embeddable":true,"href":"https:\/\/www.hoymercedes.com.ar\/principal\/wp-json\/wp\/v2\/media\/107190"}],"wp:attachment":[{"href":"https:\/\/www.hoymercedes.com.ar\/principal\/wp-json\/wp\/v2\/media?parent=156837"}],"wp:term":[{"taxonomy":"category","embeddable":true,"href":"https:\/\/www.hoymercedes.com.ar\/principal\/wp-json\/wp\/v2\/categories?post=156837"},{"taxonomy":"post_tag","embeddable":true,"href":"https:\/\/www.hoymercedes.com.ar\/principal\/wp-json\/wp\/v2\/tags?post=156837"}],"curies":[{"name":"wp","href":"https:\/\/api.w.org\/{rel}","templated":true}]}}