{"id":156935,"date":"2022-12-28T09:12:00","date_gmt":"2022-12-28T12:12:00","guid":{"rendered":"https:\/\/www.hoymercedes.com.ar\/principal\/?p=156935"},"modified":"2022-12-28T08:20:28","modified_gmt":"2022-12-28T11:20:28","slug":"allanamiento-por-venta-de-estupefacientes","status":"publish","type":"post","link":"https:\/\/www.hoymercedes.com.ar\/principal\/2022\/12\/28\/allanamiento-por-venta-de-estupefacientes\/","title":{"rendered":"Allanamiento por venta de estupefacientes"},"content":{"rendered":"\n<p>Personal de Polic\u00eda Federal trabaj\u00f3 en la jornada del martes en un domicilio de calle Urquiza de San Andr\u00e9s de Giles. <\/p>\n\n\n\n<p>Unos 20 efectivos de Polic\u00eda Federal delegaci\u00f3n de Mercedes ingres\u00f3 a un domicilio de calle Urquiza entre Maip\u00fa y Chacabuco de la vecina localidad.<\/p>\n\n\n<div class=\"wp-block-image\">\n<figure class=\"aligncenter size-full\"><img loading=\"lazy\" decoding=\"async\" width=\"526\" height=\"350\" data-attachment-id=\"156936\" data-permalink=\"https:\/\/www.hoymercedes.com.ar\/principal\/2022\/12\/28\/allanamiento-por-venta-de-estupefacientes\/policia-giles-2\/#main\" data-orig-file=\"https:\/\/www.hoymercedes.com.ar\/principal\/wp-content\/uploads\/2022\/12\/policia-giles.jpg\" data-orig-size=\"526,350\" data-comments-opened=\"0\" data-image-meta=\"{&quot;aperture&quot;:&quot;0&quot;,&quot;credit&quot;:&quot;&quot;,&quot;camera&quot;:&quot;&quot;,&quot;caption&quot;:&quot;&quot;,&quot;created_timestamp&quot;:&quot;1672215322&quot;,&quot;copyright&quot;:&quot;&quot;,&quot;focal_length&quot;:&quot;0&quot;,&quot;iso&quot;:&quot;0&quot;,&quot;shutter_speed&quot;:&quot;0&quot;,&quot;title&quot;:&quot;&quot;,&quot;orientation&quot;:&quot;1&quot;}\" data-image-title=\"policia giles\" data-image-description=\"\" data-image-caption=\"\" data-large-file=\"https:\/\/www.hoymercedes.com.ar\/principal\/wp-content\/uploads\/2022\/12\/policia-giles.jpg\" src=\"https:\/\/www.hoymercedes.com.ar\/principal\/wp-content\/uploads\/2022\/12\/policia-giles.jpg\" alt=\"\" class=\"wp-image-156936\" srcset=\"https:\/\/www.hoymercedes.com.ar\/principal\/wp-content\/uploads\/2022\/12\/policia-giles.jpg 526w, https:\/\/www.hoymercedes.com.ar\/principal\/wp-content\/uploads\/2022\/12\/policia-giles-150x100.jpg 150w\" sizes=\"auto, (max-width: 526px) 100vw, 526px\" \/><\/figure>\n<\/div>\n\n\n<p>El procedimiento comenz\u00f3 en horas de la ma\u00f1ana con una tarea de vigilancia en la zona. Alrededor de las 18.30 irrumpieron con un ariete forzando la puerta de ingreso del domicilio. <\/p>\n\n\n\n<p>La investigaci\u00f3n es por infracci\u00f3n a la Ley 23.737 por tenencia y tr\u00e1fico de estupefacientes.<\/p>\n\n\n\n<p>Fuente: FM Vall San Andr\u00e9s de Giles<\/p>\n","protected":false},"excerpt":{"rendered":"<p>Unos 20 efectivos de Polic\u00eda Federal delegaci\u00f3n de Mercedes realiz\u00f3 allanamiento por venta de estupefacientes en San Andr\u00e9s de Giles. <\/p>\n","protected":false},"author":1,"featured_media":156936,"comment_status":"closed","ping_status":"open","sticky":false,"template":"","format":"standard","meta":{"_monsterinsights_skip_tracking":false,"_monsterinsights_sitenote_active":false,"_monsterinsights_sitenote_note":"","_monsterinsights_sitenote_category":0,"jetpack_post_was_ever_published":false,"_jetpack_newsletter_access":"","_jetpack_dont_email_post_to_subs":false,"_jetpack_newsletter_tier_id":0,"_jetpack_memberships_contains_paywalled_content":false,"_jetpack_memberships_contains_paid_content":false,"footnotes":"","jetpack_publicize_message":"","jetpack_publicize_feature_enabled":true,"jetpack_social_post_already_shared":true,"jetpack_social_options":{"image_generator_settings":{"template":"highway","default_image_id":0,"font":"","enabled":false},"version":2},"_wpas_customize_per_network":false},"categories":[85],"tags":[],"class_list":["post-156935","post","type-post","status-publish","format-standard","has-post-thumbnail","hentry","category-policial","generate-columns","tablet-grid-50","mobile-grid-100","grid-parent","grid-50"],"jetpack_publicize_connections":[],"jetpack_featured_media_url":"https:\/\/www.hoymercedes.com.ar\/principal\/wp-content\/uploads\/2022\/12\/policia-giles.jpg","wps_subtitle":"","jetpack_sharing_enabled":true,"_links":{"self":[{"href":"https:\/\/www.hoymercedes.com.ar\/principal\/wp-json\/wp\/v2\/posts\/156935","targetHints":{"allow":["GET"]}}],"collection":[{"href":"https:\/\/www.hoymercedes.com.ar\/principal\/wp-json\/wp\/v2\/posts"}],"about":[{"href":"https:\/\/www.hoymercedes.com.ar\/principal\/wp-json\/wp\/v2\/types\/post"}],"author":[{"embeddable":true,"href":"https:\/\/www.hoymercedes.com.ar\/principal\/wp-json\/wp\/v2\/users\/1"}],"replies":[{"embeddable":true,"href":"https:\/\/www.hoymercedes.com.ar\/principal\/wp-json\/wp\/v2\/comments?post=156935"}],"version-history":[{"count":0,"href":"https:\/\/www.hoymercedes.com.ar\/principal\/wp-json\/wp\/v2\/posts\/156935\/revisions"}],"wp:featuredmedia":[{"embeddable":true,"href":"https:\/\/www.hoymercedes.com.ar\/principal\/wp-json\/wp\/v2\/media\/156936"}],"wp:attachment":[{"href":"https:\/\/www.hoymercedes.com.ar\/principal\/wp-json\/wp\/v2\/media?parent=156935"}],"wp:term":[{"taxonomy":"category","embeddable":true,"href":"https:\/\/www.hoymercedes.com.ar\/principal\/wp-json\/wp\/v2\/categories?post=156935"},{"taxonomy":"post_tag","embeddable":true,"href":"https:\/\/www.hoymercedes.com.ar\/principal\/wp-json\/wp\/v2\/tags?post=156935"}],"curies":[{"name":"wp","href":"https:\/\/api.w.org\/{rel}","templated":true}]}}