{"id":156982,"date":"2022-12-30T14:13:42","date_gmt":"2022-12-30T17:13:42","guid":{"rendered":"https:\/\/www.hoymercedes.com.ar\/principal\/?p=156982"},"modified":"2022-12-30T14:13:46","modified_gmt":"2022-12-30T17:13:46","slug":"reiteran-la-importancia-de-disfrutar-ano-nuevo-sin-pirotecnia-sonora","status":"publish","type":"post","link":"https:\/\/www.hoymercedes.com.ar\/principal\/2022\/12\/30\/reiteran-la-importancia-de-disfrutar-ano-nuevo-sin-pirotecnia-sonora\/","title":{"rendered":"Reiteran la importancia de disfrutar a\u00f1o nuevo sin pirotecnia sonora"},"content":{"rendered":"\n<p>\u201cOjal\u00e1 todas y todos comprendamos que podemos celebrar este a\u00f1o nuevo sin pirotecnia\u201d, afirm\u00f3 Tatiana L\u00f3pez, directora de discapacidad y remarc\u00f3 \u201cen nuestra ciudad continuamos buscando que tomemos consciencia la pirotecnia sonora da\u00f1a. Afecta a las personas con discapacidad, adultos mayores, veteranos de Malvinas, a las mascotas, y las consecuencias son diversas y a veces graves\u201d sostuvo la funcionaria.<\/p>\n\n\n\n<p>Record\u00f3 que \u201chemos realizado reuniones y encuentros por este tema, campa\u00f1as de conscientizaci\u00f3n, pero es clave el aporte individual. M\u00e1s all\u00e1 de le existencia de una norma se trata de solidaridad, empat\u00eda y amor, porque es cuidar al pr\u00f3jimo\u201d sostuvo.<\/p>\n\n\n\n<p>Por eso reiteran el pedido de \u201cdisfrutar las fiestas de a\u00f1o nuevo sin pirotecnia sonora que ser\u00eda una excelente manera de iniciar el a\u00f1o\u201d a la vez \u201ctambi\u00e9n agradecemos a todas y todos aquellos que en navidad as\u00ed lo hicieron\u201d afirm\u00f3.<\/p>\n","protected":false},"excerpt":{"rendered":"<p>\u201cOjal\u00e1 todas y todos comprendamos que podemos celebrar este a\u00f1o nuevo sin pirotecnia\u201d, afirm\u00f3 Tatiana L\u00f3pez, directora de discapacidad y &#8230; <a title=\"Reiteran la importancia de disfrutar a\u00f1o nuevo sin pirotecnia sonora\" class=\"read-more\" href=\"https:\/\/www.hoymercedes.com.ar\/principal\/2022\/12\/30\/reiteran-la-importancia-de-disfrutar-ano-nuevo-sin-pirotecnia-sonora\/\" aria-label=\"Leer m\u00e1s sobre Reiteran la importancia de disfrutar a\u00f1o nuevo sin pirotecnia sonora\">Leer m\u00e1s<\/a><\/p>\n","protected":false},"author":1,"featured_media":156983,"comment_status":"closed","ping_status":"open","sticky":false,"template":"","format":"standard","meta":{"_monsterinsights_skip_tracking":false,"_monsterinsights_sitenote_active":false,"_monsterinsights_sitenote_note":"","_monsterinsights_sitenote_category":0,"jetpack_post_was_ever_published":false,"_jetpack_newsletter_access":"","_jetpack_dont_email_post_to_subs":false,"_jetpack_newsletter_tier_id":0,"_jetpack_memberships_contains_paywalled_content":false,"_jetpack_memberships_contains_paid_content":false,"footnotes":"","jetpack_publicize_message":"","jetpack_publicize_feature_enabled":true,"jetpack_social_post_already_shared":true,"jetpack_social_options":{"image_generator_settings":{"template":"highway","default_image_id":0,"font":"","enabled":false},"version":2},"_wpas_customize_per_network":false},"categories":[8],"tags":[4352,18127],"class_list":["post-156982","post","type-post","status-publish","format-standard","has-post-thumbnail","hentry","category-sociedad","tag-no-pirotecnia","tag-tatiana-lopez-2","generate-columns","tablet-grid-50","mobile-grid-100","grid-parent","grid-50"],"jetpack_publicize_connections":[],"jetpack_featured_media_url":"https:\/\/www.hoymercedes.com.ar\/principal\/wp-content\/uploads\/2022\/12\/Discapacidad.jpg","wps_subtitle":"","jetpack_sharing_enabled":true,"_links":{"self":[{"href":"https:\/\/www.hoymercedes.com.ar\/principal\/wp-json\/wp\/v2\/posts\/156982","targetHints":{"allow":["GET"]}}],"collection":[{"href":"https:\/\/www.hoymercedes.com.ar\/principal\/wp-json\/wp\/v2\/posts"}],"about":[{"href":"https:\/\/www.hoymercedes.com.ar\/principal\/wp-json\/wp\/v2\/types\/post"}],"author":[{"embeddable":true,"href":"https:\/\/www.hoymercedes.com.ar\/principal\/wp-json\/wp\/v2\/users\/1"}],"replies":[{"embeddable":true,"href":"https:\/\/www.hoymercedes.com.ar\/principal\/wp-json\/wp\/v2\/comments?post=156982"}],"version-history":[{"count":0,"href":"https:\/\/www.hoymercedes.com.ar\/principal\/wp-json\/wp\/v2\/posts\/156982\/revisions"}],"wp:featuredmedia":[{"embeddable":true,"href":"https:\/\/www.hoymercedes.com.ar\/principal\/wp-json\/wp\/v2\/media\/156983"}],"wp:attachment":[{"href":"https:\/\/www.hoymercedes.com.ar\/principal\/wp-json\/wp\/v2\/media?parent=156982"}],"wp:term":[{"taxonomy":"category","embeddable":true,"href":"https:\/\/www.hoymercedes.com.ar\/principal\/wp-json\/wp\/v2\/categories?post=156982"},{"taxonomy":"post_tag","embeddable":true,"href":"https:\/\/www.hoymercedes.com.ar\/principal\/wp-json\/wp\/v2\/tags?post=156982"}],"curies":[{"name":"wp","href":"https:\/\/api.w.org\/{rel}","templated":true}]}}