{"id":1570,"date":"2011-01-10T01:21:55","date_gmt":"2011-01-10T01:21:55","guid":{"rendered":"http:\/\/www.hoymercedes.com.ar\/principal\/?p=1570"},"modified":"2011-01-10T01:21:55","modified_gmt":"2011-01-10T01:21:55","slug":"el-intendente-selva-se-reune-con-funcionarios-de-tba","status":"publish","type":"post","link":"https:\/\/www.hoymercedes.com.ar\/principal\/2011\/01\/10\/el-intendente-selva-se-reune-con-funcionarios-de-tba\/","title":{"rendered":"El Intendente Selva se re\u00fane con funcionarios de TBA"},"content":{"rendered":"<p style=\"text-align: justify;\">El jefe comunal de nuestra ciudad Carlos Selva se reunir\u00e1 este lunes con funcionarios de la empresa Trenes de Buenos Aires que concurrir\u00e1n a su despacho a fin de analizar posibles soluciones a diversos inconvenientes que se han presentado en las diferentes \u00e1reas de servicios operativos de la mencionada empresa.<\/p>\n<p style=\"text-align: justify;\">\n<figure id=\"attachment_488\" aria-describedby=\"caption-attachment-488\" style=\"width: 190px\" class=\"wp-caption alignleft\"><a href=\"https:\/\/www.hoymercedes.com.ar\/principal\/wp-content\/uploads\/2010\/11\/selva.jpg\"><img loading=\"lazy\" decoding=\"async\" data-attachment-id=\"488\" data-permalink=\"https:\/\/www.hoymercedes.com.ar\/principal\/2010\/11\/21\/selva-hablo-acerca-de-la-entrega-de-terrenos-para-futuras-viviendas\/sanyo-digital-camera\/#main\" data-orig-file=\"https:\/\/www.hoymercedes.com.ar\/principal\/wp-content\/uploads\/2010\/11\/selva.jpg\" data-orig-size=\"200,150\" data-comments-opened=\"1\" data-image-meta=\"{&quot;aperture&quot;:&quot;2.8&quot;,&quot;credit&quot;:&quot;&quot;,&quot;camera&quot;:&quot;S770&quot;,&quot;caption&quot;:&quot;&quot;,&quot;created_timestamp&quot;:&quot;1200443005&quot;,&quot;copyright&quot;:&quot;&quot;,&quot;focal_length&quot;:&quot;5.8&quot;,&quot;iso&quot;:&quot;200&quot;,&quot;shutter_speed&quot;:&quot;0.025&quot;,&quot;title&quot;:&quot;SANYO DIGITAL CAMERA&quot;}\" data-image-title=\"Selva\" data-image-description=\"&lt;p&gt;Intendente Carlos Selva&lt;\/p&gt;\n\" data-image-caption=\"&lt;p&gt;Selva&lt;\/p&gt;\n\" data-large-file=\"https:\/\/www.hoymercedes.com.ar\/principal\/wp-content\/uploads\/2010\/11\/selva.jpg\" class=\"size-full wp-image-488\" title=\"Selva\" src=\"https:\/\/www.hoymercedes.com.ar\/principal\/wp-content\/uploads\/2010\/11\/selva.jpg\" alt=\"Selva\" width=\"200\" height=\"150\" \/><\/a><figcaption id=\"caption-attachment-488\" class=\"wp-caption-text\">Selva<\/figcaption><\/figure>\n<p>Uno de esos inconvenientes es la imposibilidad hasta tanto TBA no otorgue el correspondiente permiso para efectuar el cruce con los ca\u00f1os que pertenecen a nuevo colector cloacal que se est\u00e1 construyendo con dinero aportado por el gobierno nacional que beneficiaria a m\u00e1s de mil familias por debajo de las v\u00edas de dicha empresa y para hacerlo cobran un derecho muy importante que en principio no estar\u00eda dispuesto a pagar ya que se trata en definitiva de una obra encarada desde el propio gobierno nacional.<\/p>\n<p style=\"text-align: justify;\">Lo cierto del caso es que aun el problema no se ha resuelto en principio por la cantidad de elementos que exige la empresa debe presentar el municipio para otorgarle el permiso respectivo, incluso el cruce, de autorizarse, debe efectuarse con un ca\u00f1o especial que tiene un costo elevado.<\/p>\n<p style=\"text-align: justify;\">Selva precis\u00f3 que en principio se proceder\u00eda a habilitar el servicio en el colector desde la planta depuradora hasta las v\u00edas, quedando el segundo trayecto a la espera de la decisi\u00f3n final de la empresa ferroviaria.<\/p>\n","protected":false},"excerpt":{"rendered":"<p>El jefe comunal de nuestra ciudad Carlos Selva se reunir\u00e1 este lunes con funcionarios de la empresa Trenes de Buenos &#8230; <a title=\"El Intendente Selva se re\u00fane con funcionarios de TBA\" class=\"read-more\" href=\"https:\/\/www.hoymercedes.com.ar\/principal\/2011\/01\/10\/el-intendente-selva-se-reune-con-funcionarios-de-tba\/\" aria-label=\"Leer m\u00e1s sobre El Intendente Selva se re\u00fane con funcionarios de TBA\">Leer m\u00e1s<\/a><\/p>\n","protected":false},"author":1,"featured_media":0,"comment_status":"open","ping_status":"open","sticky":false,"template":"","format":"standard","meta":{"_monsterinsights_skip_tracking":false,"_monsterinsights_sitenote_active":false,"_monsterinsights_sitenote_note":"","_monsterinsights_sitenote_category":0,"jetpack_post_was_ever_published":false,"_jetpack_newsletter_access":"","_jetpack_dont_email_post_to_subs":false,"_jetpack_newsletter_tier_id":0,"_jetpack_memberships_contains_paywalled_content":false,"_jetpack_memberships_contains_paid_content":false,"footnotes":"","jetpack_publicize_message":"","jetpack_publicize_feature_enabled":true,"jetpack_social_post_already_shared":false,"jetpack_social_options":{"image_generator_settings":{"template":"highway","default_image_id":0,"font":"","enabled":false},"version":2},"_wpas_customize_per_network":false},"categories":[8],"tags":[10,18,346],"class_list":["post-1570","post","type-post","status-publish","format-standard","hentry","category-sociedad","tag-mercedes","tag-selva","tag-tba","generate-columns","tablet-grid-50","mobile-grid-100","grid-parent","grid-50"],"jetpack_publicize_connections":[],"jetpack_featured_media_url":"","wps_subtitle":"","jetpack_sharing_enabled":true,"_links":{"self":[{"href":"https:\/\/www.hoymercedes.com.ar\/principal\/wp-json\/wp\/v2\/posts\/1570","targetHints":{"allow":["GET"]}}],"collection":[{"href":"https:\/\/www.hoymercedes.com.ar\/principal\/wp-json\/wp\/v2\/posts"}],"about":[{"href":"https:\/\/www.hoymercedes.com.ar\/principal\/wp-json\/wp\/v2\/types\/post"}],"author":[{"embeddable":true,"href":"https:\/\/www.hoymercedes.com.ar\/principal\/wp-json\/wp\/v2\/users\/1"}],"replies":[{"embeddable":true,"href":"https:\/\/www.hoymercedes.com.ar\/principal\/wp-json\/wp\/v2\/comments?post=1570"}],"version-history":[{"count":0,"href":"https:\/\/www.hoymercedes.com.ar\/principal\/wp-json\/wp\/v2\/posts\/1570\/revisions"}],"wp:attachment":[{"href":"https:\/\/www.hoymercedes.com.ar\/principal\/wp-json\/wp\/v2\/media?parent=1570"}],"wp:term":[{"taxonomy":"category","embeddable":true,"href":"https:\/\/www.hoymercedes.com.ar\/principal\/wp-json\/wp\/v2\/categories?post=1570"},{"taxonomy":"post_tag","embeddable":true,"href":"https:\/\/www.hoymercedes.com.ar\/principal\/wp-json\/wp\/v2\/tags?post=1570"}],"curies":[{"name":"wp","href":"https:\/\/api.w.org\/{rel}","templated":true}]}}