{"id":157045,"date":"2023-01-02T22:12:22","date_gmt":"2023-01-03T01:12:22","guid":{"rendered":"https:\/\/www.hoymercedes.com.ar\/principal\/?p=157045"},"modified":"2023-01-03T08:38:03","modified_gmt":"2023-01-03T11:38:03","slug":"delfina-es-la-primera-bebe-del-ano-en-mercedes","status":"publish","type":"post","link":"https:\/\/www.hoymercedes.com.ar\/principal\/2023\/01\/02\/delfina-es-la-primera-bebe-del-ano-en-mercedes\/","title":{"rendered":"Delfina es la primera beb\u00e9 del a\u00f1o en Mercedes"},"content":{"rendered":"\n<p>La primera nacida de la ciudad se hizo esperar hasta las 23:24hs del 1 de enero. Naci\u00f3 en el Hospital Dubarry y pes\u00f3 3.310, confirm\u00f3 Pablo Cassiani, director del nosocomio local. Est\u00e1 en perfecto estado de salud y su apellido es Mu\u00f1oz. Se prev\u00e9 entre este hoy y ma\u00f1ana reciba el alta y pueda ir a su casa con su familia.<\/p>\n\n\n\n<p>El director del hospital, el Dr. Pablo Cassiani inform\u00f3 \u201ca las 23:24 de este domingo primero de enero, naci\u00f3 por parto normal Delfina Mu\u00f1oz con un peso de 3,310 kilos\u201d y agreg\u00f3 \u201cla madre se encuentra en buen estado de salud\u201d.<\/p>\n\n\n\n<p>\u201cEl personal del Hospital felicit\u00f3 a la mam\u00e1 y celebr\u00f3 la llegada del peque\u00f1o quien se encuentra en buen estado de salud\u201d indic\u00f3 Cassiani.<\/p>\n\n\n<div class=\"wp-block-image\">\n<figure class=\"aligncenter size-large\"><img loading=\"lazy\" decoding=\"async\" width=\"1024\" height=\"683\" data-attachment-id=\"157050\" data-permalink=\"https:\/\/www.hoymercedes.com.ar\/principal\/2023\/01\/02\/delfina-es-la-primera-bebe-del-ano-en-mercedes\/323090506_682467990012470_2420559368499372139_n\/#main\" data-orig-file=\"https:\/\/www.hoymercedes.com.ar\/principal\/wp-content\/uploads\/2023\/01\/323090506_682467990012470_2420559368499372139_n.jpg\" data-orig-size=\"2048,1366\" data-comments-opened=\"0\" data-image-meta=\"{&quot;aperture&quot;:&quot;0&quot;,&quot;credit&quot;:&quot;Luciana Acu\\u00f1a&quot;,&quot;camera&quot;:&quot;&quot;,&quot;caption&quot;:&quot;&quot;,&quot;created_timestamp&quot;:&quot;0&quot;,&quot;copyright&quot;:&quot;\\u00a9Luciana Acu\\u00f1a 2022&quot;,&quot;focal_length&quot;:&quot;0&quot;,&quot;iso&quot;:&quot;0&quot;,&quot;shutter_speed&quot;:&quot;0&quot;,&quot;title&quot;:&quot;&quot;,&quot;orientation&quot;:&quot;0&quot;}\" data-image-title=\"323090506_682467990012470_2420559368499372139_n\" data-image-description=\"\" data-image-caption=\"&lt;p&gt;Foto publicada por el Hospital Dubarry en su saludo ante el nuevo a\u00f1o. &lt;\/p&gt;\n\" data-large-file=\"https:\/\/www.hoymercedes.com.ar\/principal\/wp-content\/uploads\/2023\/01\/323090506_682467990012470_2420559368499372139_n-1024x683.jpg\" src=\"https:\/\/www.hoymercedes.com.ar\/principal\/wp-content\/uploads\/2023\/01\/323090506_682467990012470_2420559368499372139_n-1024x683.jpg\" alt=\"\" class=\"wp-image-157050\" srcset=\"https:\/\/www.hoymercedes.com.ar\/principal\/wp-content\/uploads\/2023\/01\/323090506_682467990012470_2420559368499372139_n-1024x683.jpg 1024w, https:\/\/www.hoymercedes.com.ar\/principal\/wp-content\/uploads\/2023\/01\/323090506_682467990012470_2420559368499372139_n-630x420.jpg 630w, https:\/\/www.hoymercedes.com.ar\/principal\/wp-content\/uploads\/2023\/01\/323090506_682467990012470_2420559368499372139_n-150x100.jpg 150w, https:\/\/www.hoymercedes.com.ar\/principal\/wp-content\/uploads\/2023\/01\/323090506_682467990012470_2420559368499372139_n-1536x1025.jpg 1536w, https:\/\/www.hoymercedes.com.ar\/principal\/wp-content\/uploads\/2023\/01\/323090506_682467990012470_2420559368499372139_n.jpg 2048w\" sizes=\"auto, (max-width: 1024px) 100vw, 1024px\" \/><figcaption class=\"wp-element-caption\">Foto publicada por el Hospital Dubarry en su saludo ante el nuevo a\u00f1o. <\/figcaption><\/figure>\n<\/div>","protected":false},"excerpt":{"rendered":"<p>Delfina es la primera beb\u00e9 del a\u00f1o en Mercedes<\/p>\n","protected":false},"author":1,"featured_media":122754,"comment_status":"closed","ping_status":"open","sticky":false,"template":"","format":"standard","meta":{"_monsterinsights_skip_tracking":false,"_monsterinsights_sitenote_active":false,"_monsterinsights_sitenote_note":"","_monsterinsights_sitenote_category":0,"jetpack_post_was_ever_published":false,"_jetpack_newsletter_access":"","_jetpack_dont_email_post_to_subs":false,"_jetpack_newsletter_tier_id":0,"_jetpack_memberships_contains_paywalled_content":false,"_jetpack_memberships_contains_paid_content":false,"footnotes":"","jetpack_publicize_message":"","jetpack_publicize_feature_enabled":true,"jetpack_social_post_already_shared":true,"jetpack_social_options":{"image_generator_settings":{"template":"highway","default_image_id":0,"font":"","enabled":false},"version":2},"_wpas_customize_per_network":false},"categories":[8],"tags":[18644,220,18643],"class_list":["post-157045","post","type-post","status-publish","format-standard","has-post-thumbnail","hentry","category-sociedad","tag-delfina-nacimiento-mercedes","tag-dubarry","tag-primer-nacimiento-2023","generate-columns","tablet-grid-50","mobile-grid-100","grid-parent","grid-50"],"jetpack_publicize_connections":[],"jetpack_featured_media_url":"https:\/\/www.hoymercedes.com.ar\/principal\/wp-content\/uploads\/2021\/01\/Hospital.Blas_.L.Dubarry.2021.jpg","wps_subtitle":"Prime beb\u00e9 del 2023","jetpack_sharing_enabled":true,"_links":{"self":[{"href":"https:\/\/www.hoymercedes.com.ar\/principal\/wp-json\/wp\/v2\/posts\/157045","targetHints":{"allow":["GET"]}}],"collection":[{"href":"https:\/\/www.hoymercedes.com.ar\/principal\/wp-json\/wp\/v2\/posts"}],"about":[{"href":"https:\/\/www.hoymercedes.com.ar\/principal\/wp-json\/wp\/v2\/types\/post"}],"author":[{"embeddable":true,"href":"https:\/\/www.hoymercedes.com.ar\/principal\/wp-json\/wp\/v2\/users\/1"}],"replies":[{"embeddable":true,"href":"https:\/\/www.hoymercedes.com.ar\/principal\/wp-json\/wp\/v2\/comments?post=157045"}],"version-history":[{"count":0,"href":"https:\/\/www.hoymercedes.com.ar\/principal\/wp-json\/wp\/v2\/posts\/157045\/revisions"}],"wp:featuredmedia":[{"embeddable":true,"href":"https:\/\/www.hoymercedes.com.ar\/principal\/wp-json\/wp\/v2\/media\/122754"}],"wp:attachment":[{"href":"https:\/\/www.hoymercedes.com.ar\/principal\/wp-json\/wp\/v2\/media?parent=157045"}],"wp:term":[{"taxonomy":"category","embeddable":true,"href":"https:\/\/www.hoymercedes.com.ar\/principal\/wp-json\/wp\/v2\/categories?post=157045"},{"taxonomy":"post_tag","embeddable":true,"href":"https:\/\/www.hoymercedes.com.ar\/principal\/wp-json\/wp\/v2\/tags?post=157045"}],"curies":[{"name":"wp","href":"https:\/\/api.w.org\/{rel}","templated":true}]}}