{"id":15707,"date":"2012-08-31T18:03:11","date_gmt":"2012-08-31T18:03:11","guid":{"rendered":"http:\/\/www.hoymercedes.com.ar\/principal\/?p=15707"},"modified":"2012-08-31T18:03:22","modified_gmt":"2012-08-31T18:03:22","slug":"este-sabado-pre-fiesta-del-salame-quintero-en-plaza-san-martin","status":"publish","type":"post","link":"https:\/\/www.hoymercedes.com.ar\/principal\/2012\/08\/31\/este-sabado-pre-fiesta-del-salame-quintero-en-plaza-san-martin\/","title":{"rendered":"Este s\u00e1bado Pre-Fiesta del Salame Quintero en Plaza San Mart\u00edn"},"content":{"rendered":"<p>Este s\u00e1bado, desde el mediod\u00eda, la avenida 29 se transformara en escenario para el lanzamiento oficial de la 38\u00b0 edici\u00f3n de la Fiesta Nacional del Salame Quintero.<\/p>\n<p>Del encuentro estar\u00e1n participando artesanos, que se ubicaran en distintos segmentos de Plaza San Martin, adem\u00e1s de productores de salame quintero y otros expositores.<\/p>\n<p>Habra espect\u00e1culos de danza, donde participaran Raices Mercedinas, Almas de mi Pueblo, Integracion y el Ballet Ntra. Sra. de la Mercedes. Lo que se ha denominado como la \u201cpre-Fiesta\u201d, contara con la conducci\u00f3n de Carolina Galeano y Diego Mar\u00fa, quienes presentaran tambi\u00e9n a Fernando Pasos y el grupo \u201cLa Yunta\u201d, Sebastian Fredes, Fernando Aschero y la actuaci\u00f3n de El Gringo y Orlando.<\/p>\n<p>Una previa para compartir con amigos, famila, y en donde se espera un saludo muy especial, de uno de los artistas que ser\u00e1n parte de la fiesta que se estar\u00e1 desarrollando los d\u00edas 7, 8 y 9 de Septiembre.<\/p>\n<p>La pre-Fiesta, estar\u00eda culminando cerca de las 19hs, luego del acto central lanzamiento previsto para las 16hs aproximadamente.<\/p>\n<p>El domingo, continua la disfusion en la Plaza de Tomas Jofre, acompa\u00f1ando a los artesanos con m\u00fasica, informaci\u00f3n de la fiesta y la actuaci\u00f3n en vivo del grupo \u201cLa Senda\u201d<\/p>\n<p><span style=\"color: #888888;\">Fuente: Municipalidad<\/span><\/p>\n","protected":false},"excerpt":{"rendered":"<p>Este s\u00e1bado, desde el mediod\u00eda, la avenida 29 se transformara en escenario para el lanzamiento oficial de la 38\u00b0 edici\u00f3n &#8230; <a title=\"Este s\u00e1bado Pre-Fiesta del Salame Quintero en Plaza San Mart\u00edn\" class=\"read-more\" href=\"https:\/\/www.hoymercedes.com.ar\/principal\/2012\/08\/31\/este-sabado-pre-fiesta-del-salame-quintero-en-plaza-san-martin\/\" aria-label=\"Leer m\u00e1s sobre Este s\u00e1bado Pre-Fiesta del Salame Quintero en Plaza San Mart\u00edn\">Leer m\u00e1s<\/a><\/p>\n","protected":false},"author":1,"featured_media":0,"comment_status":"open","ping_status":"open","sticky":false,"template":"","format":"standard","meta":{"_monsterinsights_skip_tracking":false,"_monsterinsights_sitenote_active":false,"_monsterinsights_sitenote_note":"","_monsterinsights_sitenote_category":0,"jetpack_post_was_ever_published":false,"_jetpack_newsletter_access":"","_jetpack_dont_email_post_to_subs":false,"_jetpack_newsletter_tier_id":0,"_jetpack_memberships_contains_paywalled_content":false,"_jetpack_memberships_contains_paid_content":false,"footnotes":"","jetpack_publicize_message":"","jetpack_publicize_feature_enabled":true,"jetpack_social_post_already_shared":false,"jetpack_social_options":{"image_generator_settings":{"template":"highway","default_image_id":0,"font":"","enabled":false},"version":2},"_wpas_customize_per_network":false},"categories":[30],"tags":[1266],"class_list":["post-15707","post","type-post","status-publish","format-standard","hentry","category-municipio","tag-fiesta-salame-quintero","generate-columns","tablet-grid-50","mobile-grid-100","grid-parent","grid-50"],"jetpack_publicize_connections":[],"jetpack_featured_media_url":"","wps_subtitle":"","jetpack_sharing_enabled":true,"_links":{"self":[{"href":"https:\/\/www.hoymercedes.com.ar\/principal\/wp-json\/wp\/v2\/posts\/15707","targetHints":{"allow":["GET"]}}],"collection":[{"href":"https:\/\/www.hoymercedes.com.ar\/principal\/wp-json\/wp\/v2\/posts"}],"about":[{"href":"https:\/\/www.hoymercedes.com.ar\/principal\/wp-json\/wp\/v2\/types\/post"}],"author":[{"embeddable":true,"href":"https:\/\/www.hoymercedes.com.ar\/principal\/wp-json\/wp\/v2\/users\/1"}],"replies":[{"embeddable":true,"href":"https:\/\/www.hoymercedes.com.ar\/principal\/wp-json\/wp\/v2\/comments?post=15707"}],"version-history":[{"count":0,"href":"https:\/\/www.hoymercedes.com.ar\/principal\/wp-json\/wp\/v2\/posts\/15707\/revisions"}],"wp:attachment":[{"href":"https:\/\/www.hoymercedes.com.ar\/principal\/wp-json\/wp\/v2\/media?parent=15707"}],"wp:term":[{"taxonomy":"category","embeddable":true,"href":"https:\/\/www.hoymercedes.com.ar\/principal\/wp-json\/wp\/v2\/categories?post=15707"},{"taxonomy":"post_tag","embeddable":true,"href":"https:\/\/www.hoymercedes.com.ar\/principal\/wp-json\/wp\/v2\/tags?post=15707"}],"curies":[{"name":"wp","href":"https:\/\/api.w.org\/{rel}","templated":true}]}}