{"id":157099,"date":"2023-01-04T21:45:00","date_gmt":"2023-01-05T00:45:00","guid":{"rendered":"https:\/\/www.hoymercedes.com.ar\/principal\/?p=157099"},"modified":"2023-01-05T08:29:37","modified_gmt":"2023-01-05T11:29:37","slug":"la-copa-del-mundo-paso-por-la-basilica-de-lujan","status":"publish","type":"post","link":"https:\/\/www.hoymercedes.com.ar\/principal\/2023\/01\/04\/la-copa-del-mundo-paso-por-la-basilica-de-lujan\/","title":{"rendered":"La Copa del Mundo pas\u00f3 por la Bas\u00edlica de Luj\u00e1n"},"content":{"rendered":"\n<p><em>Se trata de la r\u00e9plica oficial de la original, que fue entregada por la FIFA a la AFA por la obtenci\u00f3n del Mundial de Qatar 2022. La llev\u00f3 este mi\u00e9rcoles el presidente de la entidad madre del f\u00fatbol argentino, Claudio \u00abChiqui\u00bb Tapia, para que sea bendecida por la Virgen de Luj\u00e1n.<\/em><\/p>\n\n\n\n<figure class=\"wp-block-embed is-type-video is-provider-youtube wp-block-embed-youtube wp-embed-aspect-16-9 wp-has-aspect-ratio\"><div class=\"wp-block-embed__wrapper\">\n<span class=\"embed-youtube\" style=\"text-align:center; display: block;\"><iframe loading=\"lazy\" class=\"youtube-player\" width=\"1200\" height=\"675\" src=\"https:\/\/www.youtube.com\/embed\/xBO9l7LODoU?version=3&#038;rel=1&#038;showsearch=0&#038;showinfo=1&#038;iv_load_policy=1&#038;fs=1&#038;hl=es-ES&#038;autohide=2&#038;wmode=transparent\" allowfullscreen=\"true\" style=\"border:0;\" sandbox=\"allow-scripts allow-same-origin allow-popups allow-presentation allow-popups-to-escape-sandbox\"><\/iframe><\/span>\n<\/div><\/figure>\n\n\n\n<p>La Copa del Mundo que fue entregada por la FIFA a la AFA fue llevada este mi\u00e9rcoles a la Bas\u00edlica Nacional Nuestra Se\u00f1ora de Luj\u00e1n y depositada a los pies de la imagen de la Virgen de Luj\u00e1n.<\/p>\n\n\n\n<p>Quien la llev\u00f3 fue el presidente de la entidad madre del f\u00fatbol argentino, Claudio \u201cChiqui\u201d Tapia, quien se reuni\u00f3 con el rector del Santuario, el padre Lucas Garc\u00eda.<\/p>\n\n\n\n<p>En este sentido, el p\u00e1rroco bendijo la Copa expresando que \u201cle pedimos a la virgencita que rece por todos nosotros, por la AFA, por los chicos, por lo que est\u00e1n haciendo los clubes y, fundamentalmente, que bendiga a todos los argentinos por esta alegr\u00eda y que nos siga acompa\u00f1ando\u201d. Y luego se rez\u00f3 una Ave Mar\u00eda.<\/p>\n\n\n<div class=\"wp-block-image\">\n<figure class=\"aligncenter size-full\"><img loading=\"lazy\" decoding=\"async\" width=\"700\" height=\"467\" data-attachment-id=\"157105\" data-permalink=\"https:\/\/www.hoymercedes.com.ar\/principal\/2023\/01\/04\/la-copa-del-mundo-paso-por-la-basilica-de-lujan\/copa-del-mundo-basilica\/#main\" data-orig-file=\"https:\/\/www.hoymercedes.com.ar\/principal\/wp-content\/uploads\/2023\/01\/Copa-del-Mundo-Basilica.jpg\" data-orig-size=\"700,467\" data-comments-opened=\"0\" data-image-meta=\"{&quot;aperture&quot;:&quot;0&quot;,&quot;credit&quot;:&quot;&quot;,&quot;camera&quot;:&quot;&quot;,&quot;caption&quot;:&quot;&quot;,&quot;created_timestamp&quot;:&quot;0&quot;,&quot;copyright&quot;:&quot;&quot;,&quot;focal_length&quot;:&quot;0&quot;,&quot;iso&quot;:&quot;0&quot;,&quot;shutter_speed&quot;:&quot;0&quot;,&quot;title&quot;:&quot;&quot;,&quot;orientation&quot;:&quot;0&quot;}\" data-image-title=\"Copa-del-Mundo-Basilica\" data-image-description=\"\" data-image-caption=\"\" data-large-file=\"https:\/\/www.hoymercedes.com.ar\/principal\/wp-content\/uploads\/2023\/01\/Copa-del-Mundo-Basilica.jpg\" src=\"https:\/\/www.hoymercedes.com.ar\/principal\/wp-content\/uploads\/2023\/01\/Copa-del-Mundo-Basilica.jpg\" alt=\"\" class=\"wp-image-157105\" srcset=\"https:\/\/www.hoymercedes.com.ar\/principal\/wp-content\/uploads\/2023\/01\/Copa-del-Mundo-Basilica.jpg 700w, https:\/\/www.hoymercedes.com.ar\/principal\/wp-content\/uploads\/2023\/01\/Copa-del-Mundo-Basilica-630x420.jpg 630w, https:\/\/www.hoymercedes.com.ar\/principal\/wp-content\/uploads\/2023\/01\/Copa-del-Mundo-Basilica-150x100.jpg 150w\" sizes=\"auto, (max-width: 700px) 100vw, 700px\" \/><\/figure>\n<\/div>\n\n\n<p><strong>Comunicado Bas\u00edlica<\/strong><\/p>\n\n\n\n<p>En tanto, a trav\u00e9s de un comunicado desde el Santuario y Bas\u00edlica Nuestra Se\u00f1ora de Luj\u00e1n se\u00f1alaron que \u201ccon gran alegr\u00eda recibimos la visita del Sr. Presidente de la Asociaci\u00f3n del F\u00fatbol Argentino, Claudio \u201cChiqui\u201d Tapia, quien en un gesto de gratitud llev\u00f3 la Copa del Mundial recientemente obtenida por la Selecci\u00f3n argentina de f\u00fatbol en el Mundial de Qatar 2022, ante la mirada de la Virgen de Luj\u00e1n, Patrona del Pueblo Argentino\u201d.<\/p>\n\n\n\n<p>Y agregaron que \u201cla recepci\u00f3n estuvo a cargo del padre Lucas Garc\u00eda, Rector del Santuario y Bas\u00edlica Nuestra Se\u00f1ora de Luj\u00e1n, quien presidi\u00f3 la oraci\u00f3n de un Ave Mar\u00eda en Acci\u00f3n de Gracias por el logro que regal\u00f3 tambi\u00e9n una sonrisa a la sociedad argentina toda\u201d.<\/p>\n\n\n\n<p>Y completaron, \u201cdamos gracias a nuestra Madre de Luj\u00e1n por los frutos de este gesto\u201d.<\/p>\n\n\n\n<p>Fuente: Luj\u00e1nHoy<\/p>\n\n\n<div class=\"wp-block-image\">\n<figure class=\"aligncenter size-full\"><img loading=\"lazy\" decoding=\"async\" width=\"699\" height=\"460\" data-attachment-id=\"157106\" data-permalink=\"https:\/\/www.hoymercedes.com.ar\/principal\/2023\/01\/04\/la-copa-del-mundo-paso-por-la-basilica-de-lujan\/copa-del-mundo-basilica-chiqui-tapia\/#main\" data-orig-file=\"https:\/\/www.hoymercedes.com.ar\/principal\/wp-content\/uploads\/2023\/01\/Copa-del-Mundo-Basilica-Chiqui-Tapia.jpg\" data-orig-size=\"699,460\" data-comments-opened=\"0\" data-image-meta=\"{&quot;aperture&quot;:&quot;0&quot;,&quot;credit&quot;:&quot;&quot;,&quot;camera&quot;:&quot;&quot;,&quot;caption&quot;:&quot;&quot;,&quot;created_timestamp&quot;:&quot;0&quot;,&quot;copyright&quot;:&quot;&quot;,&quot;focal_length&quot;:&quot;0&quot;,&quot;iso&quot;:&quot;0&quot;,&quot;shutter_speed&quot;:&quot;0&quot;,&quot;title&quot;:&quot;&quot;,&quot;orientation&quot;:&quot;0&quot;}\" data-image-title=\"Copa-del-Mundo-Basilica-Chiqui-Tapia\" data-image-description=\"\" data-image-caption=\"\" data-large-file=\"https:\/\/www.hoymercedes.com.ar\/principal\/wp-content\/uploads\/2023\/01\/Copa-del-Mundo-Basilica-Chiqui-Tapia.jpg\" src=\"https:\/\/www.hoymercedes.com.ar\/principal\/wp-content\/uploads\/2023\/01\/Copa-del-Mundo-Basilica-Chiqui-Tapia.jpg\" alt=\"\" class=\"wp-image-157106\" srcset=\"https:\/\/www.hoymercedes.com.ar\/principal\/wp-content\/uploads\/2023\/01\/Copa-del-Mundo-Basilica-Chiqui-Tapia.jpg 699w, https:\/\/www.hoymercedes.com.ar\/principal\/wp-content\/uploads\/2023\/01\/Copa-del-Mundo-Basilica-Chiqui-Tapia-630x415.jpg 630w, https:\/\/www.hoymercedes.com.ar\/principal\/wp-content\/uploads\/2023\/01\/Copa-del-Mundo-Basilica-Chiqui-Tapia-150x99.jpg 150w\" sizes=\"auto, (max-width: 699px) 100vw, 699px\" \/><\/figure>\n<\/div>","protected":false},"excerpt":{"rendered":"<p>Se trata de la r\u00e9plica oficial de la original, que fue entregada por la FIFA a la AFA por la obtenci\u00f3n del Mundial de Qatar 2022. La llev\u00f3 este mi\u00e9rcoles el presidente de la entidad madre del f\u00fatbol argentino, Claudio \u00abChiqui\u00bb Tapia, para que sea bendecida por la Virgen de Luj\u00e1n. VER VIDEO<\/p>\n","protected":false},"author":1,"featured_media":157106,"comment_status":"closed","ping_status":"open","sticky":false,"template":"","format":"standard","meta":{"_monsterinsights_skip_tracking":false,"_monsterinsights_sitenote_active":false,"_monsterinsights_sitenote_note":"","_monsterinsights_sitenote_category":0,"jetpack_post_was_ever_published":false,"_jetpack_newsletter_access":"","_jetpack_dont_email_post_to_subs":false,"_jetpack_newsletter_tier_id":0,"_jetpack_memberships_contains_paywalled_content":false,"_jetpack_memberships_contains_paid_content":false,"footnotes":"","jetpack_publicize_message":"","jetpack_publicize_feature_enabled":true,"jetpack_social_post_already_shared":true,"jetpack_social_options":{"image_generator_settings":{"template":"highway","default_image_id":0,"font":"","enabled":false},"version":2},"_wpas_customize_per_network":false},"categories":[8],"tags":[],"class_list":["post-157099","post","type-post","status-publish","format-standard","has-post-thumbnail","hentry","category-sociedad","generate-columns","tablet-grid-50","mobile-grid-100","grid-parent","grid-50"],"jetpack_publicize_connections":[],"jetpack_featured_media_url":"https:\/\/www.hoymercedes.com.ar\/principal\/wp-content\/uploads\/2023\/01\/Copa-del-Mundo-Basilica-Chiqui-Tapia.jpg","wps_subtitle":"","jetpack_sharing_enabled":true,"_links":{"self":[{"href":"https:\/\/www.hoymercedes.com.ar\/principal\/wp-json\/wp\/v2\/posts\/157099","targetHints":{"allow":["GET"]}}],"collection":[{"href":"https:\/\/www.hoymercedes.com.ar\/principal\/wp-json\/wp\/v2\/posts"}],"about":[{"href":"https:\/\/www.hoymercedes.com.ar\/principal\/wp-json\/wp\/v2\/types\/post"}],"author":[{"embeddable":true,"href":"https:\/\/www.hoymercedes.com.ar\/principal\/wp-json\/wp\/v2\/users\/1"}],"replies":[{"embeddable":true,"href":"https:\/\/www.hoymercedes.com.ar\/principal\/wp-json\/wp\/v2\/comments?post=157099"}],"version-history":[{"count":0,"href":"https:\/\/www.hoymercedes.com.ar\/principal\/wp-json\/wp\/v2\/posts\/157099\/revisions"}],"wp:featuredmedia":[{"embeddable":true,"href":"https:\/\/www.hoymercedes.com.ar\/principal\/wp-json\/wp\/v2\/media\/157106"}],"wp:attachment":[{"href":"https:\/\/www.hoymercedes.com.ar\/principal\/wp-json\/wp\/v2\/media?parent=157099"}],"wp:term":[{"taxonomy":"category","embeddable":true,"href":"https:\/\/www.hoymercedes.com.ar\/principal\/wp-json\/wp\/v2\/categories?post=157099"},{"taxonomy":"post_tag","embeddable":true,"href":"https:\/\/www.hoymercedes.com.ar\/principal\/wp-json\/wp\/v2\/tags?post=157099"}],"curies":[{"name":"wp","href":"https:\/\/api.w.org\/{rel}","templated":true}]}}