{"id":157122,"date":"2023-01-05T13:23:00","date_gmt":"2023-01-05T16:23:00","guid":{"rendered":"https:\/\/www.hoymercedes.com.ar\/principal\/?p=157122"},"modified":"2023-01-05T09:32:04","modified_gmt":"2023-01-05T12:32:04","slug":"el-gato-con-botas-llega-al-cine-mercedes","status":"publish","type":"post","link":"https:\/\/www.hoymercedes.com.ar\/principal\/2023\/01\/05\/el-gato-con-botas-llega-al-cine-mercedes\/","title":{"rendered":"El Gato con Botas llega al Cine Mercedes"},"content":{"rendered":"\n<p>El Cine Mercedes anunci\u00f3 el estreno de \u00abEl Gato Con Botas\u00bb. Secuela esperada que cuenta con la voz de Antonio Banderas, se puede ver desde el viernes 6 al martes 10 de enero en las funciones de las 18:30 y 21 horas. <\/p>\n\n\n\n<p>Sinopsis \u00abEl Gato con Botas. El \u00daltimo Deseo\u00bb: Secuela de &#8216;El gato con botas&#8217; (2011). El Gato con Botas descubre que su pasi\u00f3n por la aventura le ha pasado factura: ha consumido ocho de sus nueve vidas, por ello emprende un viaje \u00e9pico para encontrar el m\u00edtico \u00daltimo Deseo y restaurar sus nueve vidas.<\/p>\n\n\n<div class=\"wp-block-image\">\n<figure class=\"aligncenter size-full\"><img loading=\"lazy\" decoding=\"async\" width=\"800\" height=\"622\" data-attachment-id=\"157066\" data-permalink=\"https:\/\/www.hoymercedes.com.ar\/principal\/2023\/01\/03\/fiesta-de-reyes-en-la-plaza-san-martin\/gacetilla-cine-mercedes-11-4\/#main\" data-orig-file=\"https:\/\/www.hoymercedes.com.ar\/principal\/wp-content\/uploads\/2023\/01\/Gacetilla-Cine-Mercedes-11.jpg\" data-orig-size=\"800,622\" data-comments-opened=\"0\" data-image-meta=\"{&quot;aperture&quot;:&quot;0&quot;,&quot;credit&quot;:&quot;&quot;,&quot;camera&quot;:&quot;&quot;,&quot;caption&quot;:&quot;&quot;,&quot;created_timestamp&quot;:&quot;0&quot;,&quot;copyright&quot;:&quot;&quot;,&quot;focal_length&quot;:&quot;0&quot;,&quot;iso&quot;:&quot;0&quot;,&quot;shutter_speed&quot;:&quot;0&quot;,&quot;title&quot;:&quot;&quot;,&quot;orientation&quot;:&quot;1&quot;}\" data-image-title=\"Gacetilla Cine Mercedes (11)\" data-image-description=\"\" data-image-caption=\"\" data-large-file=\"https:\/\/www.hoymercedes.com.ar\/principal\/wp-content\/uploads\/2023\/01\/Gacetilla-Cine-Mercedes-11.jpg\" src=\"https:\/\/www.hoymercedes.com.ar\/principal\/wp-content\/uploads\/2023\/01\/Gacetilla-Cine-Mercedes-11.jpg\" alt=\"\" class=\"wp-image-157066\" srcset=\"https:\/\/www.hoymercedes.com.ar\/principal\/wp-content\/uploads\/2023\/01\/Gacetilla-Cine-Mercedes-11.jpg 800w, https:\/\/www.hoymercedes.com.ar\/principal\/wp-content\/uploads\/2023\/01\/Gacetilla-Cine-Mercedes-11-630x490.jpg 630w, https:\/\/www.hoymercedes.com.ar\/principal\/wp-content\/uploads\/2023\/01\/Gacetilla-Cine-Mercedes-11-150x117.jpg 150w\" sizes=\"auto, (max-width: 800px) 100vw, 800px\" \/><\/figure>\n<\/div>","protected":false},"excerpt":{"rendered":"<p>El Cine Mercedes anunci\u00f3 el estreno de \u00abEl Gato Con Botas\u00bb. Secuela esperada que cuenta con la voz de Antonio &#8230; <a title=\"El Gato con Botas llega al Cine Mercedes\" class=\"read-more\" href=\"https:\/\/www.hoymercedes.com.ar\/principal\/2023\/01\/05\/el-gato-con-botas-llega-al-cine-mercedes\/\" aria-label=\"Leer m\u00e1s sobre El Gato con Botas llega al Cine Mercedes\">Leer m\u00e1s<\/a><\/p>\n","protected":false},"author":1,"featured_media":157067,"comment_status":"closed","ping_status":"open","sticky":false,"template":"","format":"standard","meta":{"_monsterinsights_skip_tracking":false,"_monsterinsights_sitenote_active":false,"_monsterinsights_sitenote_note":"","_monsterinsights_sitenote_category":0,"jetpack_post_was_ever_published":false,"_jetpack_newsletter_access":"","_jetpack_dont_email_post_to_subs":false,"_jetpack_newsletter_tier_id":0,"_jetpack_memberships_contains_paywalled_content":false,"_jetpack_memberships_contains_paid_content":false,"footnotes":"","jetpack_publicize_message":"","jetpack_publicize_feature_enabled":true,"jetpack_social_post_already_shared":true,"jetpack_social_options":{"image_generator_settings":{"template":"highway","default_image_id":0,"font":"","enabled":false},"version":2},"_wpas_customize_per_network":false},"categories":[104],"tags":[7805],"class_list":["post-157122","post","type-post","status-publish","format-standard","has-post-thumbnail","hentry","category-cultura","tag-cultura","generate-columns","tablet-grid-50","mobile-grid-100","grid-parent","grid-50"],"jetpack_publicize_connections":[],"jetpack_featured_media_url":"https:\/\/www.hoymercedes.com.ar\/principal\/wp-content\/uploads\/2023\/01\/Gato-Botas-2.jpg","wps_subtitle":"","jetpack_sharing_enabled":true,"_links":{"self":[{"href":"https:\/\/www.hoymercedes.com.ar\/principal\/wp-json\/wp\/v2\/posts\/157122","targetHints":{"allow":["GET"]}}],"collection":[{"href":"https:\/\/www.hoymercedes.com.ar\/principal\/wp-json\/wp\/v2\/posts"}],"about":[{"href":"https:\/\/www.hoymercedes.com.ar\/principal\/wp-json\/wp\/v2\/types\/post"}],"author":[{"embeddable":true,"href":"https:\/\/www.hoymercedes.com.ar\/principal\/wp-json\/wp\/v2\/users\/1"}],"replies":[{"embeddable":true,"href":"https:\/\/www.hoymercedes.com.ar\/principal\/wp-json\/wp\/v2\/comments?post=157122"}],"version-history":[{"count":0,"href":"https:\/\/www.hoymercedes.com.ar\/principal\/wp-json\/wp\/v2\/posts\/157122\/revisions"}],"wp:featuredmedia":[{"embeddable":true,"href":"https:\/\/www.hoymercedes.com.ar\/principal\/wp-json\/wp\/v2\/media\/157067"}],"wp:attachment":[{"href":"https:\/\/www.hoymercedes.com.ar\/principal\/wp-json\/wp\/v2\/media?parent=157122"}],"wp:term":[{"taxonomy":"category","embeddable":true,"href":"https:\/\/www.hoymercedes.com.ar\/principal\/wp-json\/wp\/v2\/categories?post=157122"},{"taxonomy":"post_tag","embeddable":true,"href":"https:\/\/www.hoymercedes.com.ar\/principal\/wp-json\/wp\/v2\/tags?post=157122"}],"curies":[{"name":"wp","href":"https:\/\/api.w.org\/{rel}","templated":true}]}}