{"id":157145,"date":"2023-01-06T15:21:00","date_gmt":"2023-01-06T18:21:00","guid":{"rendered":"https:\/\/www.hoymercedes.com.ar\/principal\/?p=157145"},"modified":"2023-01-06T16:16:23","modified_gmt":"2023-01-06T19:16:23","slug":"oscar-rossello-se-presentara-el-festival-de-baradero","status":"publish","type":"post","link":"https:\/\/www.hoymercedes.com.ar\/principal\/2023\/01\/06\/oscar-rossello-se-presentara-el-festival-de-baradero\/","title":{"rendered":"Oscar Rossello se presentar\u00e1 en el Festival de Baradero"},"content":{"rendered":"\n<p>El 48\u00b0 Festival Nacional de M\u00fasica Popular de Baradero 2023 tendr\u00e1 en su grilla de presentaci\u00f3n al m\u00fasico mercedino Oscar Rossello. Actuar\u00e1 el d\u00eda 10 de febrero, fecha que lo tendr\u00e1 a Abel Pintos cerrando la noche.<\/p>\n\n\n\n<p>En di\u00e1logo con este medio, el mismo Oscar Rossello confirm\u00f3 su \u00abalegr\u00eda\u00bb al conocer que forma parte de la grilla de espect\u00e1culos del Festival de Baradero. \u00abPor ser revelaci\u00f3n en el Festival del a\u00f1o pasado, ahora vamos por la consagraci\u00f3n\u00bb, destac\u00f3 el m\u00fasico<\/p>\n\n\n\n<p>Oscar anticip\u00f3 que subir\u00e1 al escenario acompa\u00f1ado de su banda integrada por Agust\u00edn Vita en bajo y caros; Manu Alfonso en guitarra, base y coros; Guido Paternessi en guitarra el\u00e9ctrica y en bater\u00eda Jes\u00fas L\u00f3pez. En 35 o 40 minutos, el repertorio ser\u00e1 un repaso de lo que Rossello viene presentando en vivo con canciones propias. <\/p>\n\n\n<div class=\"wp-block-image\">\n<figure class=\"aligncenter size-full\"><img loading=\"lazy\" decoding=\"async\" width=\"827\" height=\"550\" data-attachment-id=\"157147\" data-permalink=\"https:\/\/www.hoymercedes.com.ar\/principal\/2023\/01\/06\/oscar-rossello-se-presentara-el-festival-de-baradero\/oscar-rossello-1-2022\/#main\" data-orig-file=\"https:\/\/www.hoymercedes.com.ar\/principal\/wp-content\/uploads\/2023\/01\/Oscar-Rossello-1-2022.jpg\" data-orig-size=\"827,550\" data-comments-opened=\"0\" data-image-meta=\"{&quot;aperture&quot;:&quot;0&quot;,&quot;credit&quot;:&quot;&quot;,&quot;camera&quot;:&quot;&quot;,&quot;caption&quot;:&quot;&quot;,&quot;created_timestamp&quot;:&quot;1673007436&quot;,&quot;copyright&quot;:&quot;&quot;,&quot;focal_length&quot;:&quot;0&quot;,&quot;iso&quot;:&quot;0&quot;,&quot;shutter_speed&quot;:&quot;0&quot;,&quot;title&quot;:&quot;&quot;,&quot;orientation&quot;:&quot;1&quot;}\" data-image-title=\"Oscar Rossello 1 2022\" data-image-description=\"\" data-image-caption=\"\" data-large-file=\"https:\/\/www.hoymercedes.com.ar\/principal\/wp-content\/uploads\/2023\/01\/Oscar-Rossello-1-2022.jpg\" src=\"https:\/\/www.hoymercedes.com.ar\/principal\/wp-content\/uploads\/2023\/01\/Oscar-Rossello-1-2022.jpg\" alt=\"\" class=\"wp-image-157147\" srcset=\"https:\/\/www.hoymercedes.com.ar\/principal\/wp-content\/uploads\/2023\/01\/Oscar-Rossello-1-2022.jpg 827w, https:\/\/www.hoymercedes.com.ar\/principal\/wp-content\/uploads\/2023\/01\/Oscar-Rossello-1-2022-630x419.jpg 630w, https:\/\/www.hoymercedes.com.ar\/principal\/wp-content\/uploads\/2023\/01\/Oscar-Rossello-1-2022-150x100.jpg 150w, https:\/\/www.hoymercedes.com.ar\/principal\/wp-content\/uploads\/2023\/01\/Oscar-Rossello-1-2022-700x465.jpg 700w\" sizes=\"auto, (max-width: 827px) 100vw, 827px\" \/><figcaption class=\"wp-element-caption\">Oscar Rossello fue Revelaci\u00f3n en el Festival de 2022 y ahora subir\u00e1 al escenario principal. <\/figcaption><\/figure>\n<\/div>\n\n\n<p><strong>Artistas<\/strong><\/p>\n\n\n\n<p>El municipio de Baradero dio a conocer la grilla y el precio de las entradas para la\u00a0fiesta de m\u00fasica popular m\u00e1s importante de la Provincia de Buenos Aires. <\/p>\n\n\n\n<p>La grilla de actuaci\u00f3n incluye grandes artistas nacionales y de la regi\u00f3n. Entre ellos, el viernes 10, cierra la jornada Abel Pintos. Previamente actuar\u00e1n: Leandro Rodr\u00edguez, Joaco, Ivana Fortunatti, Oscar Rosello, Huitral, los ganadores del Pre-Festival Baradero (que se har\u00e1 los primeros d\u00edas de febrero), Helena Muzzio, Milo y el Ballet Municipal \u00abSixto Palavecino\u00bb. <\/p>\n\n\n\n<p>En tanto, el s\u00e1bado 11 actuar\u00e1n: Soledad, Destino San Javier, Lito Vitale junto a Jairo, Patricia Sosa, Hilda Lizarazu, Juan Carlos Baglietto, entre otros, Kepianco, Lucia Ceresani, D\u00fao Carmelo Pantale\u00f3n, Hijos del Rigor, los ganadores del Pre-Festival, Ballet \u201cCardo Azul\u201d y el Ballet Municipal \u201cSixto Palavecino\u201d.  <\/p>\n\n\n\n<p>Mientras que el domingo 12, cerrar\u00e1 el Festival Luciano Pereyra, La K\u2019onga, Peteco Carabajal, Facundo Toro, Guitarreros, Mizarez, Karen y Luciano, los ganadores del Pre-Festival y el Ballet Municipal \u201cSixto Palavecino\u201d<\/p>\n\n\n\n<p><strong>Entradas<\/strong><\/p>\n\n\n\n<p>Las entradas comenzar\u00e1n a venderse el mi\u00e9rcoles 11 de enero. De lunes a s\u00e1bados de 8 a 13 horas y de 16 a 20 horas; y domingos de 8 a 13 horas, en el Anfiteatro Municipal de Baradero (Av. San Mart\u00edn 550). . En tanto, al d\u00eda siguiente comenzar\u00e1 la venta online en <a rel=\"noreferrer noopener\" href=\"https:\/\/www.tuentrada.com\/\" target=\"_blank\">www.tuentrada.com<\/a><\/p>\n\n\n\n<p>Para el viernes las entradas cuestan 7500 pesos la platea central anticipada y 8000 en puerta. La platea lateral vale 5500 pesos anticipada y 6000 en puerta, y la entrada general vale 3500 pesos anticipada y 4000 en puerta.  En tanto, el s\u00e1bado<strong> <\/strong>el valor de la platea central es de $5000 (anticipada) o $5500 (en puerta); la Platea lateral: $3500 (anticipada) &#8211; $4000 (en puerta) y la General: $2500 (anticipada) &#8211; $3000 (en puerta). Mientras que el domingo 12 de febrero, las entradas se venden: Platea central $8000 (anticipada) &#8211; $8500 (en puerta); Platea lateral $6000 (anticipada) &#8211; $ 6500 (en puerta) y General: $4500 (anticipada) &#8211; $5000 (en puerta). El abonos por tres noches (s\u00f3lo anticipadas): Platea central: $18.000; Platea lateral: $13.000 y General: $8000<\/p>\n\n\n\n<p>Las personas jubiladas tienen un 20% de descuento presentando el carnet. Deben presentarlo en la puerta de ingreso. Las personas con discapacidad ingresan con CUD (Certificado \u00danico de Discapacidad). El\/la acompa\u00f1ante ingresa directo si est\u00e1 detallado en el certificado.<\/p>\n","protected":false},"excerpt":{"rendered":"<p>El 48\u00b0 Festival Nacional de M\u00fasica Popular de Baradero 2023 tendr\u00e1 en su grilla de presentaci\u00f3n al m\u00fasico mercedino Oscar &#8230; <a title=\"Oscar Rossello se presentar\u00e1 en el Festival de Baradero\" class=\"read-more\" href=\"https:\/\/www.hoymercedes.com.ar\/principal\/2023\/01\/06\/oscar-rossello-se-presentara-el-festival-de-baradero\/\" aria-label=\"Leer m\u00e1s sobre Oscar Rossello se presentar\u00e1 en el Festival de Baradero\">Leer m\u00e1s<\/a><\/p>\n","protected":false},"author":1,"featured_media":157146,"comment_status":"closed","ping_status":"open","sticky":false,"template":"","format":"standard","meta":{"_monsterinsights_skip_tracking":false,"_monsterinsights_sitenote_active":false,"_monsterinsights_sitenote_note":"","_monsterinsights_sitenote_category":0,"jetpack_post_was_ever_published":false,"_jetpack_newsletter_access":"","_jetpack_dont_email_post_to_subs":false,"_jetpack_newsletter_tier_id":0,"_jetpack_memberships_contains_paywalled_content":false,"_jetpack_memberships_contains_paid_content":false,"footnotes":"","jetpack_publicize_message":"","jetpack_publicize_feature_enabled":true,"jetpack_social_post_already_shared":true,"jetpack_social_options":{"image_generator_settings":{"template":"highway","default_image_id":0,"font":"","enabled":false},"version":2},"_wpas_customize_per_network":false},"categories":[104],"tags":[7805],"class_list":["post-157145","post","type-post","status-publish","format-standard","has-post-thumbnail","hentry","category-cultura","tag-cultura","generate-columns","tablet-grid-50","mobile-grid-100","grid-parent","grid-50"],"jetpack_publicize_connections":[],"jetpack_featured_media_url":"https:\/\/www.hoymercedes.com.ar\/principal\/wp-content\/uploads\/2023\/01\/Oscar-Rossello-2-2022.jpg","wps_subtitle":"","jetpack_sharing_enabled":true,"_links":{"self":[{"href":"https:\/\/www.hoymercedes.com.ar\/principal\/wp-json\/wp\/v2\/posts\/157145","targetHints":{"allow":["GET"]}}],"collection":[{"href":"https:\/\/www.hoymercedes.com.ar\/principal\/wp-json\/wp\/v2\/posts"}],"about":[{"href":"https:\/\/www.hoymercedes.com.ar\/principal\/wp-json\/wp\/v2\/types\/post"}],"author":[{"embeddable":true,"href":"https:\/\/www.hoymercedes.com.ar\/principal\/wp-json\/wp\/v2\/users\/1"}],"replies":[{"embeddable":true,"href":"https:\/\/www.hoymercedes.com.ar\/principal\/wp-json\/wp\/v2\/comments?post=157145"}],"version-history":[{"count":0,"href":"https:\/\/www.hoymercedes.com.ar\/principal\/wp-json\/wp\/v2\/posts\/157145\/revisions"}],"wp:featuredmedia":[{"embeddable":true,"href":"https:\/\/www.hoymercedes.com.ar\/principal\/wp-json\/wp\/v2\/media\/157146"}],"wp:attachment":[{"href":"https:\/\/www.hoymercedes.com.ar\/principal\/wp-json\/wp\/v2\/media?parent=157145"}],"wp:term":[{"taxonomy":"category","embeddable":true,"href":"https:\/\/www.hoymercedes.com.ar\/principal\/wp-json\/wp\/v2\/categories?post=157145"},{"taxonomy":"post_tag","embeddable":true,"href":"https:\/\/www.hoymercedes.com.ar\/principal\/wp-json\/wp\/v2\/tags?post=157145"}],"curies":[{"name":"wp","href":"https:\/\/api.w.org\/{rel}","templated":true}]}}