{"id":157181,"date":"2023-01-08T10:43:00","date_gmt":"2023-01-08T13:43:00","guid":{"rendered":"https:\/\/www.hoymercedes.com.ar\/principal\/?p=157181"},"modified":"2023-01-08T09:10:06","modified_gmt":"2023-01-08T12:10:06","slug":"cuna-presento-el-almanaque-2023-con-obras-de-jorge-swinnen","status":"publish","type":"post","link":"https:\/\/www.hoymercedes.com.ar\/principal\/2023\/01\/08\/cuna-presento-el-almanaque-2023-con-obras-de-jorge-swinnen\/","title":{"rendered":"CUNA present\u00f3 el almanaque 2023 con obras de Jorge Swinnen"},"content":{"rendered":"\n<p>En el marco del acto realizado en El Trompez\u00f3n, la Comisi\u00f3n de Patrimonio CUNA present\u00f3 el Almanaque 2023 con obras de arte del arquitecto y artista Jorge Swinnen. A trav\u00e9s de los doce meses, se reproducen las obras en acuarela que reflejan el patrimonio cultural y natural mercedino de la mano del artista. <\/p>\n\n\n\n<p>\u201cValoramos el aporte mediante la captaci\u00f3n de obras de importante calidad y sensibilidad art\u00edstica que responden a varias edificaciones que han sido motivo de declaraci\u00f3n de inter\u00e9s patrimonial\u201d expresan desde la Comisi\u00f3n de Patrimonio CUNA. <\/p>\n\n\n\n<p>As\u00ed como en su momento presentaron el almanaque con las pinturas de Betty Campi para el a\u00f1o 2020, en esta oportunidad, lo hicieron con las obras de Swinnen que se encontraba presente en el acto y agradeci\u00f3 la invitaci\u00f3n y la concreci\u00f3n del almanaque para el 2023. <\/p>\n\n\n<div class=\"wp-block-image\">\n<figure class=\"aligncenter size-full\"><img loading=\"lazy\" decoding=\"async\" width=\"800\" height=\"533\" data-attachment-id=\"157183\" data-permalink=\"https:\/\/www.hoymercedes.com.ar\/principal\/2023\/01\/08\/cuna-presento-el-almanaque-2023-con-obras-de-jorge-swinnen\/se-realizo-tambien-la-presentacion-del-almanaque-cuna-2023\/#main\" data-orig-file=\"https:\/\/www.hoymercedes.com.ar\/principal\/wp-content\/uploads\/2023\/01\/Se-realizo-tambien-la-presentacion-del-Almanaque-CUNA-2023.jpg\" data-orig-size=\"800,533\" data-comments-opened=\"0\" data-image-meta=\"{&quot;aperture&quot;:&quot;0&quot;,&quot;credit&quot;:&quot;&quot;,&quot;camera&quot;:&quot;&quot;,&quot;caption&quot;:&quot;&quot;,&quot;created_timestamp&quot;:&quot;1672947730&quot;,&quot;copyright&quot;:&quot;&quot;,&quot;focal_length&quot;:&quot;0&quot;,&quot;iso&quot;:&quot;0&quot;,&quot;shutter_speed&quot;:&quot;0&quot;,&quot;title&quot;:&quot;&quot;,&quot;orientation&quot;:&quot;1&quot;}\" data-image-title=\"Se realiz\u00f3 tambi\u00e9n la presentaci\u00f3n del Almanaque CUNA 2023\" data-image-description=\"\" data-image-caption=\"\" data-large-file=\"https:\/\/www.hoymercedes.com.ar\/principal\/wp-content\/uploads\/2023\/01\/Se-realizo-tambien-la-presentacion-del-Almanaque-CUNA-2023.jpg\" src=\"https:\/\/www.hoymercedes.com.ar\/principal\/wp-content\/uploads\/2023\/01\/Se-realizo-tambien-la-presentacion-del-Almanaque-CUNA-2023.jpg\" alt=\"\" class=\"wp-image-157183\" srcset=\"https:\/\/www.hoymercedes.com.ar\/principal\/wp-content\/uploads\/2023\/01\/Se-realizo-tambien-la-presentacion-del-Almanaque-CUNA-2023.jpg 800w, https:\/\/www.hoymercedes.com.ar\/principal\/wp-content\/uploads\/2023\/01\/Se-realizo-tambien-la-presentacion-del-Almanaque-CUNA-2023-630x420.jpg 630w, https:\/\/www.hoymercedes.com.ar\/principal\/wp-content\/uploads\/2023\/01\/Se-realizo-tambien-la-presentacion-del-Almanaque-CUNA-2023-150x100.jpg 150w, https:\/\/www.hoymercedes.com.ar\/principal\/wp-content\/uploads\/2023\/01\/Se-realizo-tambien-la-presentacion-del-Almanaque-CUNA-2023-700x465.jpg 700w\" sizes=\"auto, (max-width: 800px) 100vw, 800px\" \/><\/figure>\n<\/div>","protected":false},"excerpt":{"rendered":"<p>En el marco del acto realizado en El Trompez\u00f3n, la Comisi\u00f3n de Patrimonio CUNA present\u00f3 el Almanaque 2023 con obras &#8230; <a title=\"CUNA present\u00f3 el almanaque 2023 con obras de Jorge Swinnen\" class=\"read-more\" href=\"https:\/\/www.hoymercedes.com.ar\/principal\/2023\/01\/08\/cuna-presento-el-almanaque-2023-con-obras-de-jorge-swinnen\/\" aria-label=\"Leer m\u00e1s sobre CUNA present\u00f3 el almanaque 2023 con obras de Jorge Swinnen\">Leer m\u00e1s<\/a><\/p>\n","protected":false},"author":1,"featured_media":157183,"comment_status":"closed","ping_status":"open","sticky":false,"template":"","format":"standard","meta":{"_monsterinsights_skip_tracking":false,"_monsterinsights_sitenote_active":false,"_monsterinsights_sitenote_note":"","_monsterinsights_sitenote_category":0,"jetpack_post_was_ever_published":false,"_jetpack_newsletter_access":"","_jetpack_dont_email_post_to_subs":false,"_jetpack_newsletter_tier_id":0,"_jetpack_memberships_contains_paywalled_content":false,"_jetpack_memberships_contains_paid_content":false,"footnotes":"","jetpack_publicize_message":"","jetpack_publicize_feature_enabled":true,"jetpack_social_post_already_shared":true,"jetpack_social_options":{"image_generator_settings":{"template":"highway","default_image_id":0,"font":"","enabled":false},"version":2},"_wpas_customize_per_network":false},"categories":[104],"tags":[7805],"class_list":["post-157181","post","type-post","status-publish","format-standard","has-post-thumbnail","hentry","category-cultura","tag-cultura","generate-columns","tablet-grid-50","mobile-grid-100","grid-parent","grid-50"],"jetpack_publicize_connections":[],"jetpack_featured_media_url":"https:\/\/www.hoymercedes.com.ar\/principal\/wp-content\/uploads\/2023\/01\/Se-realizo-tambien-la-presentacion-del-Almanaque-CUNA-2023.jpg","wps_subtitle":"","jetpack_sharing_enabled":true,"_links":{"self":[{"href":"https:\/\/www.hoymercedes.com.ar\/principal\/wp-json\/wp\/v2\/posts\/157181","targetHints":{"allow":["GET"]}}],"collection":[{"href":"https:\/\/www.hoymercedes.com.ar\/principal\/wp-json\/wp\/v2\/posts"}],"about":[{"href":"https:\/\/www.hoymercedes.com.ar\/principal\/wp-json\/wp\/v2\/types\/post"}],"author":[{"embeddable":true,"href":"https:\/\/www.hoymercedes.com.ar\/principal\/wp-json\/wp\/v2\/users\/1"}],"replies":[{"embeddable":true,"href":"https:\/\/www.hoymercedes.com.ar\/principal\/wp-json\/wp\/v2\/comments?post=157181"}],"version-history":[{"count":0,"href":"https:\/\/www.hoymercedes.com.ar\/principal\/wp-json\/wp\/v2\/posts\/157181\/revisions"}],"wp:featuredmedia":[{"embeddable":true,"href":"https:\/\/www.hoymercedes.com.ar\/principal\/wp-json\/wp\/v2\/media\/157183"}],"wp:attachment":[{"href":"https:\/\/www.hoymercedes.com.ar\/principal\/wp-json\/wp\/v2\/media?parent=157181"}],"wp:term":[{"taxonomy":"category","embeddable":true,"href":"https:\/\/www.hoymercedes.com.ar\/principal\/wp-json\/wp\/v2\/categories?post=157181"},{"taxonomy":"post_tag","embeddable":true,"href":"https:\/\/www.hoymercedes.com.ar\/principal\/wp-json\/wp\/v2\/tags?post=157181"}],"curies":[{"name":"wp","href":"https:\/\/api.w.org\/{rel}","templated":true}]}}