{"id":157200,"date":"2023-01-09T16:04:57","date_gmt":"2023-01-09T19:04:57","guid":{"rendered":"https:\/\/www.hoymercedes.com.ar\/principal\/?p=157200"},"modified":"2023-01-09T21:46:20","modified_gmt":"2023-01-10T00:46:20","slug":"siniestro-vial-en-ruta-nacional-no5-con-choque-entre-dos-camionetas","status":"publish","type":"post","link":"https:\/\/www.hoymercedes.com.ar\/principal\/2023\/01\/09\/siniestro-vial-en-ruta-nacional-no5-con-choque-entre-dos-camionetas\/","title":{"rendered":"Siniestro vial en Ruta Nacional N\u00ba5 con choque entre dos camionetas"},"content":{"rendered":"\n<p>Pasadas las 13.30hs ingres\u00f3 a las fuerzas de seguridad y sanitarias una alerta sobre siniestro vial en Ruta Nacional N\u00ba5 a la altura del kil\u00f3metro 109. All\u00ed colisionaron dos camionetas. Uno de los conductores debi\u00f3 ser trasladado al hospital Dubarry.<\/p>\n\n\n\n<p>Al cierre de esta informaci\u00f3n se desconocen detalles y motivos, pero extra oficialmente se supo que habr\u00eda sido de frente el choque entre los dos veh\u00edculos de gran porte, siendo ambas camionetas Amarok.<\/p>\n\n\n\n<p>Se espera que del informe final de la Polic\u00eda se logren tener m\u00e1s detalles de lo sucedido.<\/p>\n\n\n\n<p>Ampliaremos<\/p>\n","protected":false},"excerpt":{"rendered":"<p>Siniestro vial en Ruta Nacional N\u00ba5 con choque entre dos camionetas<\/p>\n","protected":false},"author":1,"featured_media":157201,"comment_status":"closed","ping_status":"open","sticky":false,"template":"","format":"standard","meta":{"_monsterinsights_skip_tracking":false,"_monsterinsights_sitenote_active":false,"_monsterinsights_sitenote_note":"","_monsterinsights_sitenote_category":0,"jetpack_post_was_ever_published":false,"_jetpack_newsletter_access":"","_jetpack_dont_email_post_to_subs":false,"_jetpack_newsletter_tier_id":0,"_jetpack_memberships_contains_paywalled_content":false,"_jetpack_memberships_contains_paid_content":false,"footnotes":"","jetpack_publicize_message":"","jetpack_publicize_feature_enabled":true,"jetpack_social_post_already_shared":true,"jetpack_social_options":{"image_generator_settings":{"template":"highway","default_image_id":0,"font":"","enabled":false},"version":2},"_wpas_customize_per_network":false},"categories":[85],"tags":[8905,12522],"class_list":["post-157200","post","type-post","status-publish","format-standard","has-post-thumbnail","hentry","category-policial","tag-choque-ruta-5","tag-siniestro-vial-ruta-5","generate-columns","tablet-grid-50","mobile-grid-100","grid-parent","grid-50"],"jetpack_publicize_connections":[],"jetpack_featured_media_url":"https:\/\/www.hoymercedes.com.ar\/principal\/wp-content\/uploads\/2023\/01\/modelo-amarok.jpg","wps_subtitle":"","jetpack_sharing_enabled":true,"_links":{"self":[{"href":"https:\/\/www.hoymercedes.com.ar\/principal\/wp-json\/wp\/v2\/posts\/157200","targetHints":{"allow":["GET"]}}],"collection":[{"href":"https:\/\/www.hoymercedes.com.ar\/principal\/wp-json\/wp\/v2\/posts"}],"about":[{"href":"https:\/\/www.hoymercedes.com.ar\/principal\/wp-json\/wp\/v2\/types\/post"}],"author":[{"embeddable":true,"href":"https:\/\/www.hoymercedes.com.ar\/principal\/wp-json\/wp\/v2\/users\/1"}],"replies":[{"embeddable":true,"href":"https:\/\/www.hoymercedes.com.ar\/principal\/wp-json\/wp\/v2\/comments?post=157200"}],"version-history":[{"count":0,"href":"https:\/\/www.hoymercedes.com.ar\/principal\/wp-json\/wp\/v2\/posts\/157200\/revisions"}],"wp:featuredmedia":[{"embeddable":true,"href":"https:\/\/www.hoymercedes.com.ar\/principal\/wp-json\/wp\/v2\/media\/157201"}],"wp:attachment":[{"href":"https:\/\/www.hoymercedes.com.ar\/principal\/wp-json\/wp\/v2\/media?parent=157200"}],"wp:term":[{"taxonomy":"category","embeddable":true,"href":"https:\/\/www.hoymercedes.com.ar\/principal\/wp-json\/wp\/v2\/categories?post=157200"},{"taxonomy":"post_tag","embeddable":true,"href":"https:\/\/www.hoymercedes.com.ar\/principal\/wp-json\/wp\/v2\/tags?post=157200"}],"curies":[{"name":"wp","href":"https:\/\/api.w.org\/{rel}","templated":true}]}}