{"id":157225,"date":"2023-01-10T09:39:45","date_gmt":"2023-01-10T12:39:45","guid":{"rendered":"https:\/\/www.hoymercedes.com.ar\/principal\/?p=157225"},"modified":"2023-01-11T10:05:52","modified_gmt":"2023-01-11T13:05:52","slug":"se-viene-un-mega-recital-de-la-renga-en-mercedes","status":"publish","type":"post","link":"https:\/\/www.hoymercedes.com.ar\/principal\/2023\/01\/10\/se-viene-un-mega-recital-de-la-renga-en-mercedes\/","title":{"rendered":"Se viene un mega recital de La Renga en Mercedes"},"content":{"rendered":"\n<figure class=\"wp-block-image size-full is-resized\"><img loading=\"lazy\" decoding=\"async\" data-attachment-id=\"157226\" data-permalink=\"https:\/\/www.hoymercedes.com.ar\/principal\/2023\/01\/10\/se-viene-un-mega-recital-de-la-renga-en-mercedes\/dsc03774\/#main\" data-orig-file=\"https:\/\/www.hoymercedes.com.ar\/principal\/wp-content\/uploads\/2023\/01\/DSC03774.jpg\" data-orig-size=\"922,615\" data-comments-opened=\"0\" data-image-meta=\"{&quot;aperture&quot;:&quot;0&quot;,&quot;credit&quot;:&quot;&quot;,&quot;camera&quot;:&quot;&quot;,&quot;caption&quot;:&quot;&quot;,&quot;created_timestamp&quot;:&quot;0&quot;,&quot;copyright&quot;:&quot;&quot;,&quot;focal_length&quot;:&quot;0&quot;,&quot;iso&quot;:&quot;0&quot;,&quot;shutter_speed&quot;:&quot;0&quot;,&quot;title&quot;:&quot;&quot;,&quot;orientation&quot;:&quot;0&quot;}\" data-image-title=\"DSC03774\" data-image-description=\"\" data-image-caption=\"\" data-large-file=\"https:\/\/www.hoymercedes.com.ar\/principal\/wp-content\/uploads\/2023\/01\/DSC03774.jpg\" src=\"https:\/\/www.hoymercedes.com.ar\/principal\/wp-content\/uploads\/2023\/01\/DSC03774.jpg\" alt=\"Se viene un mega recital de La Renga en Mercedes\" class=\"wp-image-157226\" width=\"959\" height=\"640\" srcset=\"https:\/\/www.hoymercedes.com.ar\/principal\/wp-content\/uploads\/2023\/01\/DSC03774.jpg 922w, https:\/\/www.hoymercedes.com.ar\/principal\/wp-content\/uploads\/2023\/01\/DSC03774-630x420.jpg 630w, https:\/\/www.hoymercedes.com.ar\/principal\/wp-content\/uploads\/2023\/01\/DSC03774-150x100.jpg 150w\" sizes=\"auto, (max-width: 959px) 100vw, 959px\" \/><\/figure>\n\n\n\n<p>El pr\u00f3ximo fin de semana en Mercedes se llevar\u00e1 delante la presentaci\u00f3n de la afamada banda de rock. Ser\u00e1 en el Parque Municipal. A d\u00edas del recital se supo extraoficialmente que ya hay alrededor de 20 mil entradas vendidas. La productora que realiza parte de las tareas es la misma del Mastai, el festival que ya se present\u00f3 en nuestra ciudad con un rotundo \u00e9xito y se prev\u00e9 regresen en el futuro.<\/p>\n\n\n\n<p>Desde la producci\u00f3n a\u00fan no hay detalles finos, pero se supo que articulan con la Municipalidad, clubes y comerciantes c\u00f3mo ser\u00e1 esa jornada multitudinaria que tantos beneficios trae a la ciudad, especialmente a la econom\u00eda local por la cantidad de trabajo que genera, prestaci\u00f3n de servicios e intervenciones solidarias.<\/p>\n\n\n\n<p>Para quienes deseen quedarse o venir antes se montaron acampes solidarios en los clubes Defensores, Trocha, Palometas, Los Carteros, V\u00e9lez y Predio de F\u00fatbol, como as\u00ed tambi\u00e9n se supo hay una gran reserva en hoteles, quintas y espacios aptos para el alojamiento. A su vez se conoci\u00f3 que los colectivos quedar\u00e1n en avenida 40 y prolongaci\u00f3n de 29 ser\u00e1 tambi\u00e9n espacio destinado a la organizaci\u00f3n. Habr\u00e1 personal guiando y carteler\u00eda especialmente montada para la ocasi\u00f3n. Adem\u00e1s, hay una gran cantidad de vecinos y vecinos afectados a la generaci\u00f3n del espect\u00e1culo, incluso ya desde hace d\u00edas armando la enorme infraestructura que, s\u00f3lo de escenario, con m\u00e1s de 70 metros tubulares siendo un frontal de primera l\u00ednea.<\/p>\n\n\n\n<p>A trav\u00e9s de gestiones municipales la empresa Atl\u00e1ntida 57 pondr\u00e1 refuerzo de colectivos desde las 02.00hs para una mejor y mayor desconcentraci\u00f3n de personas que vengan en transporte p\u00fablico. Adem\u00e1s, se cre\u00f3 un sector digital en cultura.mercedes.gob.ar donde se volc\u00f3 informaci\u00f3n acorde, desde c\u00f3mo llegar y partir de la ciudad a horarios de trenes, colectivos, espacios de atenci\u00f3n a la salud, seguridad, alojamiento, entre otros datos de inter\u00e9s<\/p>\n\n\n\n<p>La selecci\u00f3n de nuestra ciudad tiene varios puntos altos en relaci\u00f3n a que nuestra comunidad ha logrado en los \u00faltimos a\u00f1os un renombre en la organizaci\u00f3n de eventos masivos y festivales con un predio, adem\u00e1s, como es el Parque, que se convirti\u00f3 en un excelente espacio ferial con todas las comodidades.<\/p>\n\n\n\n<p>Por parte de la organizaci\u00f3n del show est\u00e1n bajando recursos de toda \u00edndole, como ba\u00f1os qu\u00edmicos, vallas, generadores de energ\u00eda, entre otras estructuras claves.<\/p>\n","protected":false},"excerpt":{"rendered":"<p>Se viene un mega recital de La Renga en Mercedes<\/p>\n","protected":false},"author":1,"featured_media":157226,"comment_status":"closed","ping_status":"open","sticky":false,"template":"","format":"standard","meta":{"_monsterinsights_skip_tracking":false,"_monsterinsights_sitenote_active":false,"_monsterinsights_sitenote_note":"","_monsterinsights_sitenote_category":0,"jetpack_post_was_ever_published":false,"_jetpack_newsletter_access":"","_jetpack_dont_email_post_to_subs":false,"_jetpack_newsletter_tier_id":0,"_jetpack_memberships_contains_paywalled_content":false,"_jetpack_memberships_contains_paid_content":false,"footnotes":"","jetpack_publicize_message":"","jetpack_publicize_feature_enabled":true,"jetpack_social_post_already_shared":true,"jetpack_social_options":{"image_generator_settings":{"template":"highway","default_image_id":0,"font":"","enabled":false},"version":2},"_wpas_customize_per_network":false},"categories":[8],"tags":[],"class_list":["post-157225","post","type-post","status-publish","format-standard","has-post-thumbnail","hentry","category-sociedad","generate-columns","tablet-grid-50","mobile-grid-100","grid-parent","grid-50"],"jetpack_publicize_connections":[],"jetpack_featured_media_url":"https:\/\/www.hoymercedes.com.ar\/principal\/wp-content\/uploads\/2023\/01\/DSC03774.jpg","wps_subtitle":"Recitales a nivel nacional","jetpack_sharing_enabled":true,"_links":{"self":[{"href":"https:\/\/www.hoymercedes.com.ar\/principal\/wp-json\/wp\/v2\/posts\/157225","targetHints":{"allow":["GET"]}}],"collection":[{"href":"https:\/\/www.hoymercedes.com.ar\/principal\/wp-json\/wp\/v2\/posts"}],"about":[{"href":"https:\/\/www.hoymercedes.com.ar\/principal\/wp-json\/wp\/v2\/types\/post"}],"author":[{"embeddable":true,"href":"https:\/\/www.hoymercedes.com.ar\/principal\/wp-json\/wp\/v2\/users\/1"}],"replies":[{"embeddable":true,"href":"https:\/\/www.hoymercedes.com.ar\/principal\/wp-json\/wp\/v2\/comments?post=157225"}],"version-history":[{"count":0,"href":"https:\/\/www.hoymercedes.com.ar\/principal\/wp-json\/wp\/v2\/posts\/157225\/revisions"}],"wp:featuredmedia":[{"embeddable":true,"href":"https:\/\/www.hoymercedes.com.ar\/principal\/wp-json\/wp\/v2\/media\/157226"}],"wp:attachment":[{"href":"https:\/\/www.hoymercedes.com.ar\/principal\/wp-json\/wp\/v2\/media?parent=157225"}],"wp:term":[{"taxonomy":"category","embeddable":true,"href":"https:\/\/www.hoymercedes.com.ar\/principal\/wp-json\/wp\/v2\/categories?post=157225"},{"taxonomy":"post_tag","embeddable":true,"href":"https:\/\/www.hoymercedes.com.ar\/principal\/wp-json\/wp\/v2\/tags?post=157225"}],"curies":[{"name":"wp","href":"https:\/\/api.w.org\/{rel}","templated":true}]}}