{"id":157266,"date":"2023-01-11T21:36:49","date_gmt":"2023-01-12T00:36:49","guid":{"rendered":"https:\/\/www.hoymercedes.com.ar\/principal\/?p=157266"},"modified":"2023-01-11T21:36:55","modified_gmt":"2023-01-12T00:36:55","slug":"todo-listo-para-el-gran-inicio-de-ano-con-la-renga","status":"publish","type":"post","link":"https:\/\/www.hoymercedes.com.ar\/principal\/2023\/01\/11\/todo-listo-para-el-gran-inicio-de-ano-con-la-renga\/","title":{"rendered":"Todo listo para el gran inicio de a\u00f1o con La Renga"},"content":{"rendered":"\n<figure class=\"wp-block-image size-full is-resized\"><img loading=\"lazy\" decoding=\"async\" data-attachment-id=\"157267\" data-permalink=\"https:\/\/www.hoymercedes.com.ar\/principal\/2023\/01\/11\/todo-listo-para-el-gran-inicio-de-ano-con-la-renga\/larengaenmercedes\/#main\" data-orig-file=\"https:\/\/www.hoymercedes.com.ar\/principal\/wp-content\/uploads\/2023\/01\/LaRengaEnMercedes.jpg\" data-orig-size=\"910,607\" data-comments-opened=\"0\" data-image-meta=\"{&quot;aperture&quot;:&quot;0&quot;,&quot;credit&quot;:&quot;&quot;,&quot;camera&quot;:&quot;&quot;,&quot;caption&quot;:&quot;&quot;,&quot;created_timestamp&quot;:&quot;0&quot;,&quot;copyright&quot;:&quot;&quot;,&quot;focal_length&quot;:&quot;0&quot;,&quot;iso&quot;:&quot;0&quot;,&quot;shutter_speed&quot;:&quot;0&quot;,&quot;title&quot;:&quot;&quot;,&quot;orientation&quot;:&quot;0&quot;}\" data-image-title=\"LaRengaEnMercedes\" data-image-description=\"\" data-image-caption=\"\" data-large-file=\"https:\/\/www.hoymercedes.com.ar\/principal\/wp-content\/uploads\/2023\/01\/LaRengaEnMercedes.jpg\" src=\"https:\/\/www.hoymercedes.com.ar\/principal\/wp-content\/uploads\/2023\/01\/LaRengaEnMercedes.jpg\" alt=\"\" class=\"wp-image-157267\" width=\"960\" height=\"640\" srcset=\"https:\/\/www.hoymercedes.com.ar\/principal\/wp-content\/uploads\/2023\/01\/LaRengaEnMercedes.jpg 910w, https:\/\/www.hoymercedes.com.ar\/principal\/wp-content\/uploads\/2023\/01\/LaRengaEnMercedes-630x420.jpg 630w, https:\/\/www.hoymercedes.com.ar\/principal\/wp-content\/uploads\/2023\/01\/LaRengaEnMercedes-150x100.jpg 150w\" sizes=\"auto, (max-width: 960px) 100vw, 960px\" \/><\/figure>\n\n\n\n<p>El s\u00e1bado se viene un gran espect\u00e1culo para iniciar el a\u00f1o en Mercedes que ya se ha convertido en una plaza cultural indiscutida en la regi\u00f3n. Ser\u00e1 nada m\u00e1s y nada menos que \u201cLa Renga\u201d. Para ello se prev\u00e9 un amplio operativo de organizaci\u00f3n y producci\u00f3n para un espect\u00e1culo que dejar\u00e1 amplios beneficios a la ciudad: clubes, hospedaje, comercios, trabajadores en armado y desarmado, ser\u00e1 un amplio shock para la econom\u00eda dom\u00e9stica.<\/p>\n\n\n\n<p>La popular banda de rock inicia el a\u00f1o con un mega show en Mercedes donde ser\u00e1 el predio del parque municipal el gran escenario donde se presentar\u00e1n. All\u00ed supo estar el Mastei, otro mega espect\u00e1culo que se tiene con un excelente recuerdo.<\/p>\n\n\n\n<p>Ahora se prev\u00e9 una importante afluencia de p\u00fablico, como as\u00ed tambi\u00e9n grandes beneficios econ\u00f3micos para la ciudad.<\/p>\n\n\n\n<p>Desde la municipalidad se lanz\u00f3, adem\u00e1s, un especial informativo a trav\u00e9s de cultura.mercedes.gob.ar para quienes sean parte de la movida.<\/p>\n","protected":false},"excerpt":{"rendered":"<p>El s\u00e1bado se viene un gran espect\u00e1culo para iniciar el a\u00f1o en Mercedes que ya se ha convertido en una &#8230; <a title=\"Todo listo para el gran inicio de a\u00f1o con La Renga\" class=\"read-more\" href=\"https:\/\/www.hoymercedes.com.ar\/principal\/2023\/01\/11\/todo-listo-para-el-gran-inicio-de-ano-con-la-renga\/\" aria-label=\"Leer m\u00e1s sobre Todo listo para el gran inicio de a\u00f1o con La Renga\">Leer m\u00e1s<\/a><\/p>\n","protected":false},"author":1,"featured_media":157267,"comment_status":"closed","ping_status":"open","sticky":false,"template":"","format":"standard","meta":{"_monsterinsights_skip_tracking":false,"_monsterinsights_sitenote_active":false,"_monsterinsights_sitenote_note":"","_monsterinsights_sitenote_category":0,"jetpack_post_was_ever_published":false,"_jetpack_newsletter_access":"","_jetpack_dont_email_post_to_subs":false,"_jetpack_newsletter_tier_id":0,"_jetpack_memberships_contains_paywalled_content":false,"_jetpack_memberships_contains_paid_content":false,"footnotes":"","jetpack_publicize_message":"","jetpack_publicize_feature_enabled":true,"jetpack_social_post_already_shared":true,"jetpack_social_options":{"image_generator_settings":{"template":"highway","default_image_id":0,"font":"","enabled":false},"version":2},"_wpas_customize_per_network":false},"categories":[104],"tags":[4137,18639],"class_list":["post-157266","post","type-post","status-publish","format-standard","has-post-thumbnail","hentry","category-cultura","tag-la-renga","tag-la-renga-en-mercedes","generate-columns","tablet-grid-50","mobile-grid-100","grid-parent","grid-50"],"jetpack_publicize_connections":[],"jetpack_featured_media_url":"https:\/\/www.hoymercedes.com.ar\/principal\/wp-content\/uploads\/2023\/01\/LaRengaEnMercedes.jpg","wps_subtitle":"Fiestas musicales ","jetpack_sharing_enabled":true,"_links":{"self":[{"href":"https:\/\/www.hoymercedes.com.ar\/principal\/wp-json\/wp\/v2\/posts\/157266","targetHints":{"allow":["GET"]}}],"collection":[{"href":"https:\/\/www.hoymercedes.com.ar\/principal\/wp-json\/wp\/v2\/posts"}],"about":[{"href":"https:\/\/www.hoymercedes.com.ar\/principal\/wp-json\/wp\/v2\/types\/post"}],"author":[{"embeddable":true,"href":"https:\/\/www.hoymercedes.com.ar\/principal\/wp-json\/wp\/v2\/users\/1"}],"replies":[{"embeddable":true,"href":"https:\/\/www.hoymercedes.com.ar\/principal\/wp-json\/wp\/v2\/comments?post=157266"}],"version-history":[{"count":0,"href":"https:\/\/www.hoymercedes.com.ar\/principal\/wp-json\/wp\/v2\/posts\/157266\/revisions"}],"wp:featuredmedia":[{"embeddable":true,"href":"https:\/\/www.hoymercedes.com.ar\/principal\/wp-json\/wp\/v2\/media\/157267"}],"wp:attachment":[{"href":"https:\/\/www.hoymercedes.com.ar\/principal\/wp-json\/wp\/v2\/media?parent=157266"}],"wp:term":[{"taxonomy":"category","embeddable":true,"href":"https:\/\/www.hoymercedes.com.ar\/principal\/wp-json\/wp\/v2\/categories?post=157266"},{"taxonomy":"post_tag","embeddable":true,"href":"https:\/\/www.hoymercedes.com.ar\/principal\/wp-json\/wp\/v2\/tags?post=157266"}],"curies":[{"name":"wp","href":"https:\/\/api.w.org\/{rel}","templated":true}]}}