{"id":157285,"date":"2023-01-13T15:00:00","date_gmt":"2023-01-13T18:00:00","guid":{"rendered":"https:\/\/www.hoymercedes.com.ar\/principal\/?p=157285"},"modified":"2023-01-13T22:12:26","modified_gmt":"2023-01-14T01:12:26","slug":"clues-deportivos-tambien-se-benefician-con-show-de-la-renga","status":"publish","type":"post","link":"https:\/\/www.hoymercedes.com.ar\/principal\/2023\/01\/13\/clues-deportivos-tambien-se-benefician-con-show-de-la-renga\/","title":{"rendered":"Clubes deportivos tambi\u00e9n se benefic\u00edan con show de La Renga"},"content":{"rendered":"\n<p>Los clubes de nuestra ciudad manifiestan la satisfacci\u00f3n por su inclusi\u00f3n solidaria por poder ofrecer espacios de acampe y estacionamiento en sus predios a quienes asistan al recital, generando una recaudaci\u00f3n que les permita crecer como instituci\u00f3n.&nbsp;<\/p>\n\n\n\n<p>Se esperan alrededor de 30 mil personas de todo el pa\u00eds, por lo que esta visita genera articulaci\u00f3n y solidaridad entre vecinos y entidades deportivas, como tambi\u00e9n as\u00ed beneficia al turismo, la gastronom\u00eda y hoteler\u00eda.&nbsp;<\/p>\n\n\n\n<p><strong>Trocha&nbsp;<\/strong><\/p>\n\n\n\n<p>Juanito Men\u00e9ndez, quien es parte del Club Trocha cont\u00f3 \u201cya hace dos semanas que estamos con el tema de las reservas, arranc\u00f3 bastante tranquilo y hace tres d\u00edas que estamos a full, e incluso agregamos m\u00e1s n\u00fameros de contactos a la hora de tomar reservas, ya que la gente quer\u00eda informarse y saber bien qu\u00e9 es lo que ofrece el espacio, si queda cerca y preguntas comunes de personas que no son de la ciudad\u201d y a\u00f1adi\u00f3 \u201cnosotros tenemos caso todo lleno, gente que viene en colectivos, combis, en tren, y muchos est\u00e1n llegando el viernes a la noche y por lo que hemos hablado tienen pensando quedarse todo el fin de semana\u201d. &nbsp;<\/p>\n\n\n\n<p>\u201cLo que nosotros diagramamos para acampe es dentro de la cancha de 11 ah\u00ed en 15 y 42, por lo que hicimos es una divisi\u00f3n por parcelas que estar\u00e1n marcadas y contar\u00e1n con vestuarios, duchas, ba\u00f1os y habr\u00e1 servicios de buffet de cantina (desayuno, almuerzo, merienda y desayuno) y contamos con un servicio de emergencia\u201d se\u00f1al\u00f3 Men\u00e9ndez y con respecto a lo recaudado se\u00f1al\u00f3 \u201clo recaudado lo vamos a utilizar para la compra de indumentaria deportiva\u201d. &nbsp;<\/p>\n\n\n\n<p><strong>Los carteros&nbsp;<\/strong><\/p>\n\n\n\n<p>Por su parte, desde el Club los Carteros, Carolina dijo \u201clas reservas est\u00e1n casi completas, vienen de diferentes puntos del pa\u00eds, as\u00ed que contentos y prepar\u00e1ndonos con todo\u201d e indic\u00f3 \u201cnosotros dividimos por parcela de 3 por 3, tendr\u00e1n ba\u00f1os con ducha, parrilla, cantina y muchos vienen con reservas por los 3 d\u00edas\u201d y apunt\u00f3 \u201clo recaudado lo vamos a utilizar para indumentaria para los chicos, nosotros por ejemplo no cobramos cuota social a los chicos que vienen al club, vamos recaudando y volc\u00e1ndolo a la mantenci\u00f3n del club, as\u00ed que esto nos viene muy bien para estos gastos\u201d. &nbsp;<\/p>\n\n\n\n<p><strong>Solidaridad&nbsp;<\/strong><\/p>\n\n\n\n<p>Estos eventos masivos ponen en relevancia la gran articulaci\u00f3n de la comunidad mercedina, dando trabajo y ayudando, adem\u00e1s, a impulsar a nuestra ciudad como un polo tur\u00edstico del pa\u00eds. &nbsp;<\/p>\n","protected":false},"excerpt":{"rendered":"<p>Los clubes de nuestra ciudad manifiestan la satisfacci\u00f3n por su inclusi\u00f3n solidaria por poder ofrecer espacios de acampe y estacionamiento &#8230; <a title=\"Clubes deportivos tambi\u00e9n se benefic\u00edan con show de La Renga\" class=\"read-more\" href=\"https:\/\/www.hoymercedes.com.ar\/principal\/2023\/01\/13\/clues-deportivos-tambien-se-benefician-con-show-de-la-renga\/\" aria-label=\"Leer m\u00e1s sobre Clubes deportivos tambi\u00e9n se benefic\u00edan con show de La Renga\">Leer m\u00e1s<\/a><\/p>\n","protected":false},"author":1,"featured_media":157286,"comment_status":"closed","ping_status":"open","sticky":false,"template":"","format":"standard","meta":{"_monsterinsights_skip_tracking":false,"_monsterinsights_sitenote_active":false,"_monsterinsights_sitenote_note":"","_monsterinsights_sitenote_category":0,"jetpack_post_was_ever_published":false,"_jetpack_newsletter_access":"","_jetpack_dont_email_post_to_subs":false,"_jetpack_newsletter_tier_id":0,"_jetpack_memberships_contains_paywalled_content":false,"_jetpack_memberships_contains_paid_content":false,"footnotes":"","jetpack_publicize_message":"","jetpack_publicize_feature_enabled":true,"jetpack_social_post_already_shared":true,"jetpack_social_options":{"image_generator_settings":{"template":"highway","default_image_id":0,"font":"","enabled":false},"version":2},"_wpas_customize_per_network":false},"categories":[8],"tags":[18639],"class_list":["post-157285","post","type-post","status-publish","format-standard","has-post-thumbnail","hentry","category-sociedad","tag-la-renga-en-mercedes","generate-columns","tablet-grid-50","mobile-grid-100","grid-parent","grid-50"],"jetpack_publicize_connections":[],"jetpack_featured_media_url":"https:\/\/www.hoymercedes.com.ar\/principal\/wp-content\/uploads\/2023\/01\/ClubesSociales-Acampe-LaRenga.jpg","wps_subtitle":"","jetpack_sharing_enabled":true,"_links":{"self":[{"href":"https:\/\/www.hoymercedes.com.ar\/principal\/wp-json\/wp\/v2\/posts\/157285","targetHints":{"allow":["GET"]}}],"collection":[{"href":"https:\/\/www.hoymercedes.com.ar\/principal\/wp-json\/wp\/v2\/posts"}],"about":[{"href":"https:\/\/www.hoymercedes.com.ar\/principal\/wp-json\/wp\/v2\/types\/post"}],"author":[{"embeddable":true,"href":"https:\/\/www.hoymercedes.com.ar\/principal\/wp-json\/wp\/v2\/users\/1"}],"replies":[{"embeddable":true,"href":"https:\/\/www.hoymercedes.com.ar\/principal\/wp-json\/wp\/v2\/comments?post=157285"}],"version-history":[{"count":0,"href":"https:\/\/www.hoymercedes.com.ar\/principal\/wp-json\/wp\/v2\/posts\/157285\/revisions"}],"wp:featuredmedia":[{"embeddable":true,"href":"https:\/\/www.hoymercedes.com.ar\/principal\/wp-json\/wp\/v2\/media\/157286"}],"wp:attachment":[{"href":"https:\/\/www.hoymercedes.com.ar\/principal\/wp-json\/wp\/v2\/media?parent=157285"}],"wp:term":[{"taxonomy":"category","embeddable":true,"href":"https:\/\/www.hoymercedes.com.ar\/principal\/wp-json\/wp\/v2\/categories?post=157285"},{"taxonomy":"post_tag","embeddable":true,"href":"https:\/\/www.hoymercedes.com.ar\/principal\/wp-json\/wp\/v2\/tags?post=157285"}],"curies":[{"name":"wp","href":"https:\/\/api.w.org\/{rel}","templated":true}]}}