{"id":157312,"date":"2023-01-13T22:58:27","date_gmt":"2023-01-14T01:58:27","guid":{"rendered":"https:\/\/www.hoymercedes.com.ar\/principal\/?p=157312"},"modified":"2023-01-13T23:38:28","modified_gmt":"2023-01-14T02:38:28","slug":"cuatro-aprehendidos-en-40-y-29","status":"publish","type":"post","link":"https:\/\/www.hoymercedes.com.ar\/principal\/2023\/01\/13\/cuatro-aprehendidos-en-40-y-29\/","title":{"rendered":"Cuatro aprehendidos en 40 y 29"},"content":{"rendered":"\n<p><\/p>\n\n\n\n<p>En la tradicional esquina mencionada, en las \u00faltimas horas pudo observarse un grupo de personas que, a priori, parec\u00edan ser trabajadores urbanos y artistas callejeros.<br>Sin embargo, con el pasar de las horas, estas personas comenzaron a \u00abmostrar la hilacha\u00bb con diferentes actitudes reprochables.<br>La Polic\u00eda Comunal intent\u00f3 en reiteradas oportunidades de persuadirlos a qu\u00e9 depongan dicha actitud, a los cuales siempre hicieron caso omiso. Finalmente surgi\u00f3 una confrontaci\u00f3n entre dos de estas personas, que amerit\u00f3 su aprehensi\u00f3n por parte de los uniformados. No obstante, otras dos personas arremetieron contra el personal policial para intentar evitar su atinada intervenci\u00f3n, por lo cual tambi\u00e9n fueron llevados a la Estaci\u00f3n de Polic\u00eda en calidad de aprehendidos, por resistencia a la autoridad.<br>Es una verdadera pena que existan personas que se \u00abcamuflen\u00bb de trabajadores para adoptar conductas inadecuadas, deshonrando as\u00ed a todos los trabajadores del arte callejero que verdaderamente llevan a cabo su actividad con responsabilidad y empat\u00eda para con el resto de la comunidad.<\/p>\n","protected":false},"excerpt":{"rendered":"<p>En la tradicional esquina mencionada, en las \u00faltimas horas pudo observarse un grupo de personas que, a priori, parec\u00edan ser &#8230; <a title=\"Cuatro aprehendidos en 40 y 29\" class=\"read-more\" href=\"https:\/\/www.hoymercedes.com.ar\/principal\/2023\/01\/13\/cuatro-aprehendidos-en-40-y-29\/\" aria-label=\"Leer m\u00e1s sobre Cuatro aprehendidos en 40 y 29\">Leer m\u00e1s<\/a><\/p>\n","protected":false},"author":1,"featured_media":125642,"comment_status":"closed","ping_status":"open","sticky":false,"template":"","format":"standard","meta":{"_monsterinsights_skip_tracking":false,"_monsterinsights_sitenote_active":false,"_monsterinsights_sitenote_note":"","_monsterinsights_sitenote_category":0,"jetpack_post_was_ever_published":false,"_jetpack_newsletter_access":"","_jetpack_dont_email_post_to_subs":false,"_jetpack_newsletter_tier_id":0,"_jetpack_memberships_contains_paywalled_content":false,"_jetpack_memberships_contains_paid_content":false,"footnotes":"","jetpack_publicize_message":"","jetpack_publicize_feature_enabled":true,"jetpack_social_post_already_shared":true,"jetpack_social_options":{"image_generator_settings":{"template":"highway","default_image_id":0,"font":"","enabled":false},"version":2},"_wpas_customize_per_network":false},"categories":[85],"tags":[],"class_list":["post-157312","post","type-post","status-publish","format-standard","has-post-thumbnail","hentry","category-policial","generate-columns","tablet-grid-50","mobile-grid-100","grid-parent","grid-50"],"jetpack_publicize_connections":[],"jetpack_featured_media_url":"https:\/\/www.hoymercedes.com.ar\/principal\/wp-content\/uploads\/2021\/03\/02-movil-policia.jpg","wps_subtitle":"","jetpack_sharing_enabled":true,"_links":{"self":[{"href":"https:\/\/www.hoymercedes.com.ar\/principal\/wp-json\/wp\/v2\/posts\/157312","targetHints":{"allow":["GET"]}}],"collection":[{"href":"https:\/\/www.hoymercedes.com.ar\/principal\/wp-json\/wp\/v2\/posts"}],"about":[{"href":"https:\/\/www.hoymercedes.com.ar\/principal\/wp-json\/wp\/v2\/types\/post"}],"author":[{"embeddable":true,"href":"https:\/\/www.hoymercedes.com.ar\/principal\/wp-json\/wp\/v2\/users\/1"}],"replies":[{"embeddable":true,"href":"https:\/\/www.hoymercedes.com.ar\/principal\/wp-json\/wp\/v2\/comments?post=157312"}],"version-history":[{"count":0,"href":"https:\/\/www.hoymercedes.com.ar\/principal\/wp-json\/wp\/v2\/posts\/157312\/revisions"}],"wp:featuredmedia":[{"embeddable":true,"href":"https:\/\/www.hoymercedes.com.ar\/principal\/wp-json\/wp\/v2\/media\/125642"}],"wp:attachment":[{"href":"https:\/\/www.hoymercedes.com.ar\/principal\/wp-json\/wp\/v2\/media?parent=157312"}],"wp:term":[{"taxonomy":"category","embeddable":true,"href":"https:\/\/www.hoymercedes.com.ar\/principal\/wp-json\/wp\/v2\/categories?post=157312"},{"taxonomy":"post_tag","embeddable":true,"href":"https:\/\/www.hoymercedes.com.ar\/principal\/wp-json\/wp\/v2\/tags?post=157312"}],"curies":[{"name":"wp","href":"https:\/\/api.w.org\/{rel}","templated":true}]}}