{"id":157358,"date":"2023-01-16T15:08:00","date_gmt":"2023-01-16T18:08:00","guid":{"rendered":"https:\/\/www.hoymercedes.com.ar\/principal\/?p=157358"},"modified":"2023-01-17T06:57:59","modified_gmt":"2023-01-17T09:57:59","slug":"encuetro-interreligioso-en-memoria-de-fernando-baez-sosa","status":"publish","type":"post","link":"https:\/\/www.hoymercedes.com.ar\/principal\/2023\/01\/16\/encuetro-interreligioso-en-memoria-de-fernando-baez-sosa\/","title":{"rendered":"Encuentro interreligioso en memoria de Fernando B\u00e1ez Sosa"},"content":{"rendered":"\n<p>Distintas organizaciones civiles, algunas religiosas, otras no, invitan a la comunidad a participar de un encuentro \u00aben memoria de las personas que buscan justicia\u00bb. Tal como suceder\u00e1 en distintos puntos del pa\u00eds, Mercedes ser\u00e1 uno de los epicentros para las oraciones de distintas religiones.  <\/p>\n\n\n<div class=\"wp-block-image\">\n<figure class=\"aligncenter size-full\"><img loading=\"lazy\" decoding=\"async\" width=\"800\" height=\"600\" data-attachment-id=\"157364\" data-permalink=\"https:\/\/www.hoymercedes.com.ar\/principal\/2023\/01\/16\/concejales-piden-informe-por-el-recital-del-fin-de-semana\/rezo-por-fernanso-baez-sosa\/#main\" data-orig-file=\"https:\/\/www.hoymercedes.com.ar\/principal\/wp-content\/uploads\/2023\/01\/rezo-por-fernanso-baez-sosa.jpeg\" data-orig-size=\"800,600\" data-comments-opened=\"0\" data-image-meta=\"{&quot;aperture&quot;:&quot;0&quot;,&quot;credit&quot;:&quot;&quot;,&quot;camera&quot;:&quot;&quot;,&quot;caption&quot;:&quot;&quot;,&quot;created_timestamp&quot;:&quot;0&quot;,&quot;copyright&quot;:&quot;&quot;,&quot;focal_length&quot;:&quot;0&quot;,&quot;iso&quot;:&quot;0&quot;,&quot;shutter_speed&quot;:&quot;0&quot;,&quot;title&quot;:&quot;&quot;,&quot;orientation&quot;:&quot;0&quot;}\" data-image-title=\"rezo por fernanso baez sosa\" data-image-description=\"\" data-image-caption=\"\" data-large-file=\"https:\/\/www.hoymercedes.com.ar\/principal\/wp-content\/uploads\/2023\/01\/rezo-por-fernanso-baez-sosa.jpeg\" src=\"https:\/\/www.hoymercedes.com.ar\/principal\/wp-content\/uploads\/2023\/01\/rezo-por-fernanso-baez-sosa.jpeg\" alt=\"\" class=\"wp-image-157364\" srcset=\"https:\/\/www.hoymercedes.com.ar\/principal\/wp-content\/uploads\/2023\/01\/rezo-por-fernanso-baez-sosa.jpeg 800w, https:\/\/www.hoymercedes.com.ar\/principal\/wp-content\/uploads\/2023\/01\/rezo-por-fernanso-baez-sosa-630x473.jpeg 630w, https:\/\/www.hoymercedes.com.ar\/principal\/wp-content\/uploads\/2023\/01\/rezo-por-fernanso-baez-sosa-150x113.jpeg 150w\" sizes=\"auto, (max-width: 800px) 100vw, 800px\" \/><\/figure>\n<\/div>\n\n\n<p>A tres a\u00f1os de la muerte de Fernando B\u00e1ez Sosa luego de una golpiza por parte de un grupo de j\u00f3venes que hoy est\u00e1n siendo juzgados por la Justicia Bonaerense, el evento ser\u00e1 en el and\u00e9n de La Trocha el pr\u00f3ximo 18 de enero, 18:30 horas.<\/p>\n\n\n\n<p>El evento ser\u00e1 un encuentro que nuclear\u00e1 a diferentes religiones y que buscar\u00e1 orar y rezar no s\u00f3lo por B\u00e1ez Sosa sino tambi\u00e9n por \u00abaquellas personas que no tienen justicia y para que los familiares por lo menos tengan un poco de paz\u00bb.  <\/p>\n\n\n\n<p>Convocan Consejo de V\u00edctimas de la provincia de Buenos Aires, TECPREMER Asociaci\u00f3n Civil, Grupo Estrellas Amarillas Mercedes, Red Solidaria, Consejo Pastoral AICEM y Parroquia San Jos\u00e9 Obrero. <\/p>\n\n\n\n<p>Asimismo, algunas de las asociaciones civiles que convocan al evento del 18 de enero, comentaron que \u00abhay un Proyecto de Ley del Senado y la C\u00e1mara de Diputados de la Naci\u00f3n Argentina, para la Creaci\u00f3n del \u201cPlan Nacional FERNANDO BEAZ SOSA para la Eliminaci\u00f3n de las Violencias en el Mundo del Deporte\u00bb. <\/p>\n","protected":false},"excerpt":{"rendered":"<p>Distintas organizaciones civiles, algunas religiosas, otras no, invitan a la comunidad a participar de un encuentro \u00aben memoria de las &#8230; <a title=\"Encuentro interreligioso en memoria de Fernando B\u00e1ez Sosa\" class=\"read-more\" href=\"https:\/\/www.hoymercedes.com.ar\/principal\/2023\/01\/16\/encuetro-interreligioso-en-memoria-de-fernando-baez-sosa\/\" aria-label=\"Leer m\u00e1s sobre Encuentro interreligioso en memoria de Fernando B\u00e1ez Sosa\">Leer m\u00e1s<\/a><\/p>\n","protected":false},"author":1,"featured_media":157364,"comment_status":"closed","ping_status":"open","sticky":false,"template":"","format":"standard","meta":{"_monsterinsights_skip_tracking":false,"_monsterinsights_sitenote_active":false,"_monsterinsights_sitenote_note":"","_monsterinsights_sitenote_category":0,"jetpack_post_was_ever_published":false,"_jetpack_newsletter_access":"","_jetpack_dont_email_post_to_subs":false,"_jetpack_newsletter_tier_id":0,"_jetpack_memberships_contains_paywalled_content":false,"_jetpack_memberships_contains_paid_content":false,"footnotes":"","jetpack_publicize_message":"","jetpack_publicize_feature_enabled":true,"jetpack_social_post_already_shared":true,"jetpack_social_options":{"image_generator_settings":{"template":"highway","default_image_id":0,"font":"","enabled":false},"version":2},"_wpas_customize_per_network":false},"categories":[8],"tags":[10],"class_list":["post-157358","post","type-post","status-publish","format-standard","has-post-thumbnail","hentry","category-sociedad","tag-mercedes","generate-columns","tablet-grid-50","mobile-grid-100","grid-parent","grid-50"],"jetpack_publicize_connections":[],"jetpack_featured_media_url":"https:\/\/www.hoymercedes.com.ar\/principal\/wp-content\/uploads\/2023\/01\/rezo-por-fernanso-baez-sosa.jpeg","wps_subtitle":"","jetpack_sharing_enabled":true,"_links":{"self":[{"href":"https:\/\/www.hoymercedes.com.ar\/principal\/wp-json\/wp\/v2\/posts\/157358","targetHints":{"allow":["GET"]}}],"collection":[{"href":"https:\/\/www.hoymercedes.com.ar\/principal\/wp-json\/wp\/v2\/posts"}],"about":[{"href":"https:\/\/www.hoymercedes.com.ar\/principal\/wp-json\/wp\/v2\/types\/post"}],"author":[{"embeddable":true,"href":"https:\/\/www.hoymercedes.com.ar\/principal\/wp-json\/wp\/v2\/users\/1"}],"replies":[{"embeddable":true,"href":"https:\/\/www.hoymercedes.com.ar\/principal\/wp-json\/wp\/v2\/comments?post=157358"}],"version-history":[{"count":0,"href":"https:\/\/www.hoymercedes.com.ar\/principal\/wp-json\/wp\/v2\/posts\/157358\/revisions"}],"wp:featuredmedia":[{"embeddable":true,"href":"https:\/\/www.hoymercedes.com.ar\/principal\/wp-json\/wp\/v2\/media\/157364"}],"wp:attachment":[{"href":"https:\/\/www.hoymercedes.com.ar\/principal\/wp-json\/wp\/v2\/media?parent=157358"}],"wp:term":[{"taxonomy":"category","embeddable":true,"href":"https:\/\/www.hoymercedes.com.ar\/principal\/wp-json\/wp\/v2\/categories?post=157358"},{"taxonomy":"post_tag","embeddable":true,"href":"https:\/\/www.hoymercedes.com.ar\/principal\/wp-json\/wp\/v2\/tags?post=157358"}],"curies":[{"name":"wp","href":"https:\/\/api.w.org\/{rel}","templated":true}]}}