{"id":157384,"date":"2023-01-16T17:17:00","date_gmt":"2023-01-16T20:17:00","guid":{"rendered":"https:\/\/www.hoymercedes.com.ar\/principal\/?p=157384"},"modified":"2023-01-17T10:27:10","modified_gmt":"2023-01-17T13:27:10","slug":"encuentro-de-adultos-mayores-en-la-trocha","status":"publish","type":"post","link":"https:\/\/www.hoymercedes.com.ar\/principal\/2023\/01\/16\/encuentro-de-adultos-mayores-en-la-trocha\/","title":{"rendered":"Encuentro de Adultos Mayores en La Trocha"},"content":{"rendered":"\n<p>Este martes 17 de enero, la Direcci\u00f3n de Adultos Mayores municipal junto al Banco Provincia y el IPS llevar\u00e1n adelante m\u00faltiples actividades recreativas en el Complejo Cultural La Trocha. Comienza a partir de las 9 de la ma\u00f1ana para todos los adultos mayores de la ciudad. \u00a0<\/p>\n\n\n<div class=\"wp-block-image\">\n<figure class=\"aligncenter size-full\"><img loading=\"lazy\" decoding=\"async\" width=\"960\" height=\"639\" data-attachment-id=\"157386\" data-permalink=\"https:\/\/www.hoymercedes.com.ar\/principal\/2023\/01\/16\/encuentro-de-adultos-mayores-en-la-trocha\/exif_jpeg_420\/#main\" data-orig-file=\"https:\/\/www.hoymercedes.com.ar\/principal\/wp-content\/uploads\/2023\/01\/adultos-mayores-2.jpg\" data-orig-size=\"960,639\" data-comments-opened=\"0\" data-image-meta=\"{&quot;aperture&quot;:&quot;0&quot;,&quot;credit&quot;:&quot;Artist-freed&quot;,&quot;camera&quot;:&quot;&quot;,&quot;caption&quot;:&quot;Exif_JPEG_420&quot;,&quot;created_timestamp&quot;:&quot;1673950844&quot;,&quot;copyright&quot;:&quot;Copyright,Spreadtrum,2011&quot;,&quot;focal_length&quot;:&quot;0&quot;,&quot;iso&quot;:&quot;0&quot;,&quot;shutter_speed&quot;:&quot;0&quot;,&quot;title&quot;:&quot;Exif_JPEG_420&quot;,&quot;orientation&quot;:&quot;1&quot;}\" data-image-title=\"Exif_JPEG_420\" data-image-description=\"\" data-image-caption=\"&lt;p&gt;Exif_JPEG_420&lt;\/p&gt;\n\" data-large-file=\"https:\/\/www.hoymercedes.com.ar\/principal\/wp-content\/uploads\/2023\/01\/adultos-mayores-2.jpg\" src=\"https:\/\/www.hoymercedes.com.ar\/principal\/wp-content\/uploads\/2023\/01\/adultos-mayores-2.jpg\" alt=\"\" class=\"wp-image-157386\" srcset=\"https:\/\/www.hoymercedes.com.ar\/principal\/wp-content\/uploads\/2023\/01\/adultos-mayores-2.jpg 960w, https:\/\/www.hoymercedes.com.ar\/principal\/wp-content\/uploads\/2023\/01\/adultos-mayores-2-630x419.jpg 630w, https:\/\/www.hoymercedes.com.ar\/principal\/wp-content\/uploads\/2023\/01\/adultos-mayores-2-150x100.jpg 150w, https:\/\/www.hoymercedes.com.ar\/principal\/wp-content\/uploads\/2023\/01\/adultos-mayores-2-700x465.jpg 700w\" sizes=\"auto, (max-width: 960px) 100vw, 960px\" \/><figcaption class=\"wp-element-caption\">Exif_JPEG_420<\/figcaption><\/figure>\n<\/div>\n\n\n<p>Dolores Sebastiano qui\u00e9n es parte de la Direcci\u00f3n de Adultos municipal cont\u00f3 \u201ces una lista propuesta para nuestros vecinos en estas vacaciones, que realizaremos junto a IPS y Banco Provincia\u201d y agreg\u00f3 \u201cesto va a ser ma\u00f1ana martes 17, vamos a estar con muchas actividades y va a haber premios para todos los que participen de Banco Provincia e IPS\u201d.&nbsp;&nbsp;&nbsp;&nbsp;<\/p>\n\n\n\n<p>\u201cVa a haber torneo de cartas, tejo, gimnasia, mateada, y, adem\u00e1s, puestos de hidrataci\u00f3n y saludables para que se puedan hidratar, comer frutas como hacemos siempre en nuestros encuentros\u201d se\u00f1al\u00f3 Dolores Sebastiano. &nbsp;<\/p>\n\n\n\n<p>Conjuntamente, inform\u00f3 \u201cestamos pensando en muchas propuestas, donde a medida de lo que nos va pidiendo la gente, vamos haciendo actividades, donde de a poco vamos analizando\u201d y en este sentido apunt\u00f3 \u201ca partir de febrero vamos a estar todos los mi\u00e9rcoles a la ma\u00f1ana con actividades recreativas en la trocha\u201d.&nbsp;&nbsp;&nbsp;&nbsp;<\/p>\n","protected":false},"excerpt":{"rendered":"<p>Este martes 17 de enero, la Direcci\u00f3n de Adultos Mayores municipal junto al Banco Provincia y el IPS llevar\u00e1n adelante &#8230; <a title=\"Encuentro de Adultos Mayores en La Trocha\" class=\"read-more\" href=\"https:\/\/www.hoymercedes.com.ar\/principal\/2023\/01\/16\/encuentro-de-adultos-mayores-en-la-trocha\/\" aria-label=\"Leer m\u00e1s sobre Encuentro de Adultos Mayores en La Trocha\">Leer m\u00e1s<\/a><\/p>\n","protected":false},"author":1,"featured_media":157386,"comment_status":"closed","ping_status":"open","sticky":false,"template":"","format":"standard","meta":{"_monsterinsights_skip_tracking":false,"_monsterinsights_sitenote_active":false,"_monsterinsights_sitenote_note":"","_monsterinsights_sitenote_category":0,"jetpack_post_was_ever_published":false,"_jetpack_newsletter_access":"","_jetpack_dont_email_post_to_subs":false,"_jetpack_newsletter_tier_id":0,"_jetpack_memberships_contains_paywalled_content":false,"_jetpack_memberships_contains_paid_content":false,"footnotes":"","jetpack_publicize_message":"","jetpack_publicize_feature_enabled":true,"jetpack_social_post_already_shared":true,"jetpack_social_options":{"image_generator_settings":{"template":"highway","default_image_id":0,"font":"","enabled":false},"version":2},"_wpas_customize_per_network":false},"categories":[8],"tags":[244],"class_list":["post-157384","post","type-post","status-publish","format-standard","has-post-thumbnail","hentry","category-sociedad","tag-municipio-2","generate-columns","tablet-grid-50","mobile-grid-100","grid-parent","grid-50"],"jetpack_publicize_connections":[],"jetpack_featured_media_url":"https:\/\/www.hoymercedes.com.ar\/principal\/wp-content\/uploads\/2023\/01\/adultos-mayores-2.jpg","wps_subtitle":"","jetpack_sharing_enabled":true,"_links":{"self":[{"href":"https:\/\/www.hoymercedes.com.ar\/principal\/wp-json\/wp\/v2\/posts\/157384","targetHints":{"allow":["GET"]}}],"collection":[{"href":"https:\/\/www.hoymercedes.com.ar\/principal\/wp-json\/wp\/v2\/posts"}],"about":[{"href":"https:\/\/www.hoymercedes.com.ar\/principal\/wp-json\/wp\/v2\/types\/post"}],"author":[{"embeddable":true,"href":"https:\/\/www.hoymercedes.com.ar\/principal\/wp-json\/wp\/v2\/users\/1"}],"replies":[{"embeddable":true,"href":"https:\/\/www.hoymercedes.com.ar\/principal\/wp-json\/wp\/v2\/comments?post=157384"}],"version-history":[{"count":0,"href":"https:\/\/www.hoymercedes.com.ar\/principal\/wp-json\/wp\/v2\/posts\/157384\/revisions"}],"wp:featuredmedia":[{"embeddable":true,"href":"https:\/\/www.hoymercedes.com.ar\/principal\/wp-json\/wp\/v2\/media\/157386"}],"wp:attachment":[{"href":"https:\/\/www.hoymercedes.com.ar\/principal\/wp-json\/wp\/v2\/media?parent=157384"}],"wp:term":[{"taxonomy":"category","embeddable":true,"href":"https:\/\/www.hoymercedes.com.ar\/principal\/wp-json\/wp\/v2\/categories?post=157384"},{"taxonomy":"post_tag","embeddable":true,"href":"https:\/\/www.hoymercedes.com.ar\/principal\/wp-json\/wp\/v2\/tags?post=157384"}],"curies":[{"name":"wp","href":"https:\/\/api.w.org\/{rel}","templated":true}]}}