{"id":157440,"date":"2023-01-19T08:40:05","date_gmt":"2023-01-19T11:40:05","guid":{"rendered":"https:\/\/www.hoymercedes.com.ar\/principal\/?p=157440"},"modified":"2023-01-19T08:40:09","modified_gmt":"2023-01-19T11:40:09","slug":"municipio-suma-otros-100-contenedores-de-residuos","status":"publish","type":"post","link":"https:\/\/www.hoymercedes.com.ar\/principal\/2023\/01\/19\/municipio-suma-otros-100-contenedores-de-residuos\/","title":{"rendered":"Municipio suma otros 100 contenedores de residuos"},"content":{"rendered":"\n<figure class=\"wp-block-image size-full is-resized\"><img loading=\"lazy\" decoding=\"async\" data-attachment-id=\"157441\" data-permalink=\"https:\/\/www.hoymercedes.com.ar\/principal\/2023\/01\/19\/municipio-suma-otros-100-contenedores-de-residuos\/contenedores-2\/#main\" data-orig-file=\"https:\/\/www.hoymercedes.com.ar\/principal\/wp-content\/uploads\/2023\/01\/contenedores.2.jpg\" data-orig-size=\"800,801\" data-comments-opened=\"0\" data-image-meta=\"{&quot;aperture&quot;:&quot;0&quot;,&quot;credit&quot;:&quot;&quot;,&quot;camera&quot;:&quot;&quot;,&quot;caption&quot;:&quot;&quot;,&quot;created_timestamp&quot;:&quot;0&quot;,&quot;copyright&quot;:&quot;&quot;,&quot;focal_length&quot;:&quot;0&quot;,&quot;iso&quot;:&quot;0&quot;,&quot;shutter_speed&quot;:&quot;0&quot;,&quot;title&quot;:&quot;&quot;,&quot;orientation&quot;:&quot;0&quot;}\" data-image-title=\"contenedores.2\" data-image-description=\"\" data-image-caption=\"\" data-large-file=\"https:\/\/www.hoymercedes.com.ar\/principal\/wp-content\/uploads\/2023\/01\/contenedores.2.jpg\" src=\"https:\/\/www.hoymercedes.com.ar\/principal\/wp-content\/uploads\/2023\/01\/contenedores.2.jpg\" alt=\"\" class=\"wp-image-157441\" width=\"960\" height=\"961\" srcset=\"https:\/\/www.hoymercedes.com.ar\/principal\/wp-content\/uploads\/2023\/01\/contenedores.2.jpg 800w, https:\/\/www.hoymercedes.com.ar\/principal\/wp-content\/uploads\/2023\/01\/contenedores.2-619x620.jpg 619w, https:\/\/www.hoymercedes.com.ar\/principal\/wp-content\/uploads\/2023\/01\/contenedores.2-150x150.jpg 150w\" sizes=\"auto, (max-width: 960px) 100vw, 960px\" \/><\/figure>\n\n\n\n<p>El Municipio de Mercedes contin\u00faa con el compromiso de mejorar las condiciones de higiene urbana y ambiental, por lo que adquiri\u00f3, en lo que es una primera tanda, 100 nuevos contenedores destinados para la recolecci\u00f3n de los residuos s\u00f3lidos urbanos de la ciudad.<\/p>\n\n\n\n<p>Luis Ponce, subsecretario de Servicios P\u00fablicos manifest\u00f3 \u00abde esta manera queremos mejorar el servicio extendiendo los circuitos de recolecci\u00f3n y reemplazando aquellos que se encuentran en mal estado\u201d.<\/p>\n\n\n\n<p>Asimismo, Ponce se\u00f1al\u00f3 \u201cen el \u00faltimo a\u00f1o m\u00e1s de 60 contenedores fueron quemados o da\u00f1ados completamente o inclusive robados de los puntos de dep\u00f3sito. Por eso queremos transmitirles a los vecinos la necesidad de cuidarlos, de poder estar atentos ante cualquier posible siniestro y en caso de que se presente alguno se comuniquen al 147&#8243; y agreg\u00f3 \u201cla compra de estos contenedores conlleva una gran inversi\u00f3n, misma que realizamos entre todos, por lo que el cuidado de los mismo, es en beneficio de toda la ciudad\u201d.<\/p>\n\n\n\n<p>Asimismo, es importante recordar que a trav\u00e9s del programa \u201cMunicipios de Pie\u201d impulsado por el Ministerio del interior que encabeza Eduardo De Pedro, se incorporaron al corral\u00f3n municipal 3 camiones de gran porte para la recolecci\u00f3n.<\/p>\n\n\n\n<p>En este sentido, desde Municipio de Mercedes se viene llevando adelante una importante campa\u00f1a de concientizaci\u00f3n ambiental, que apunta a la separaci\u00f3n en origen con la colocaci\u00f3n de campanas de separaci\u00f3n de residuos, metodolog\u00eda que apunta al cuidado del medio ambiente volviendo a nuestra ciudad m\u00e1s sustentable.&nbsp;<\/p>\n","protected":false},"excerpt":{"rendered":"<p>El Municipio de Mercedes contin\u00faa con el compromiso de mejorar las condiciones de higiene urbana y ambiental, por lo que &#8230; <a title=\"Municipio suma otros 100 contenedores de residuos\" class=\"read-more\" href=\"https:\/\/www.hoymercedes.com.ar\/principal\/2023\/01\/19\/municipio-suma-otros-100-contenedores-de-residuos\/\" aria-label=\"Leer m\u00e1s sobre Municipio suma otros 100 contenedores de residuos\">Leer m\u00e1s<\/a><\/p>\n","protected":false},"author":1,"featured_media":157441,"comment_status":"closed","ping_status":"open","sticky":false,"template":"","format":"standard","meta":{"_monsterinsights_skip_tracking":false,"_monsterinsights_sitenote_active":false,"_monsterinsights_sitenote_note":"","_monsterinsights_sitenote_category":0,"jetpack_post_was_ever_published":false,"_jetpack_newsletter_access":"","_jetpack_dont_email_post_to_subs":false,"_jetpack_newsletter_tier_id":0,"_jetpack_memberships_contains_paywalled_content":false,"_jetpack_memberships_contains_paid_content":false,"footnotes":"","jetpack_publicize_message":"","jetpack_publicize_feature_enabled":true,"jetpack_social_post_already_shared":true,"jetpack_social_options":{"image_generator_settings":{"template":"highway","default_image_id":0,"font":"","enabled":false},"version":2},"_wpas_customize_per_network":false},"categories":[30],"tags":[8628],"class_list":["post-157440","post","type-post","status-publish","format-standard","has-post-thumbnail","hentry","category-municipio","tag-servicios-publicos","generate-columns","tablet-grid-50","mobile-grid-100","grid-parent","grid-50"],"jetpack_publicize_connections":[],"jetpack_featured_media_url":"https:\/\/www.hoymercedes.com.ar\/principal\/wp-content\/uploads\/2023\/01\/contenedores.2.jpg","wps_subtitle":"Servicios P\u00fablicos ","jetpack_sharing_enabled":true,"_links":{"self":[{"href":"https:\/\/www.hoymercedes.com.ar\/principal\/wp-json\/wp\/v2\/posts\/157440","targetHints":{"allow":["GET"]}}],"collection":[{"href":"https:\/\/www.hoymercedes.com.ar\/principal\/wp-json\/wp\/v2\/posts"}],"about":[{"href":"https:\/\/www.hoymercedes.com.ar\/principal\/wp-json\/wp\/v2\/types\/post"}],"author":[{"embeddable":true,"href":"https:\/\/www.hoymercedes.com.ar\/principal\/wp-json\/wp\/v2\/users\/1"}],"replies":[{"embeddable":true,"href":"https:\/\/www.hoymercedes.com.ar\/principal\/wp-json\/wp\/v2\/comments?post=157440"}],"version-history":[{"count":0,"href":"https:\/\/www.hoymercedes.com.ar\/principal\/wp-json\/wp\/v2\/posts\/157440\/revisions"}],"wp:featuredmedia":[{"embeddable":true,"href":"https:\/\/www.hoymercedes.com.ar\/principal\/wp-json\/wp\/v2\/media\/157441"}],"wp:attachment":[{"href":"https:\/\/www.hoymercedes.com.ar\/principal\/wp-json\/wp\/v2\/media?parent=157440"}],"wp:term":[{"taxonomy":"category","embeddable":true,"href":"https:\/\/www.hoymercedes.com.ar\/principal\/wp-json\/wp\/v2\/categories?post=157440"},{"taxonomy":"post_tag","embeddable":true,"href":"https:\/\/www.hoymercedes.com.ar\/principal\/wp-json\/wp\/v2\/tags?post=157440"}],"curies":[{"name":"wp","href":"https:\/\/api.w.org\/{rel}","templated":true}]}}