{"id":157450,"date":"2023-01-19T11:34:58","date_gmt":"2023-01-19T14:34:58","guid":{"rendered":"https:\/\/www.hoymercedes.com.ar\/principal\/?p=157450"},"modified":"2023-01-19T11:37:05","modified_gmt":"2023-01-19T14:37:05","slug":"siguen-las-grabaciones-del-disco-del-polaco-zelazek","status":"publish","type":"post","link":"https:\/\/www.hoymercedes.com.ar\/principal\/2023\/01\/19\/siguen-las-grabaciones-del-disco-del-polaco-zelazek\/","title":{"rendered":"Siguen las grabaciones del disco del Polaco Zelazek"},"content":{"rendered":"\n<p>En este a\u00f1o 2023 contin\u00faan las visitas y grabaci\u00f3n de canciones para el disco de covers que est\u00e1 produciendo en nuestra ciudad el Polaco Robert Zelazek, hist\u00f3rico bajista de la banda de punk rock Los Violadores sigue sumando visitantes y nuevas canciones para su disco en el que participan m\u00fasicos de trayectoria a nivel nacional con otros locales.&nbsp;<\/p>\n\n\n\n<p>En esta vez oportunidad, el jueves 26 de enero la cantante Sissi Hansen llega a Mercedes para poner su voz al tema \u201cOne way or another\u201d de Blondie. Desde sus comienzos en Caf\u00e9 Einstein, cantando y trabajando en dicho bar junto a Omar Chab\u00e1n y Katya Alemann; particip\u00f3 en bandas como la Hurlingham Reggae Band, Geniol con Coca, aport\u00f3 su voz en trabajos de Los Violadores, Michel Peyronel y Vitico, Martes MentaA, El Bordo, Buddha Sounds, Stuk@Pil, Stukas en Vuelo, Caf\u00e9 Ibiza, etc. Tambi\u00e9n produjo y compuso el disco de la modelo Nicole Neumann. <\/p>\n\n\n<div class=\"wp-block-image\">\n<figure class=\"alignright size-full\"><img decoding=\"async\" data-attachment-id=\"157452\" data-permalink=\"https:\/\/www.hoymercedes.com.ar\/principal\/2023\/01\/19\/siguen-las-grabaciones-del-disco-del-polaco-zelazek\/sissi-hansen\/#main\" data-orig-file=\"https:\/\/www.hoymercedes.com.ar\/principal\/wp-content\/uploads\/2023\/01\/Sissi-Hansen-e1674138978170.jpg\" data-orig-size=\"391,439\" data-comments-opened=\"0\" data-image-meta=\"{&quot;aperture&quot;:&quot;0&quot;,&quot;credit&quot;:&quot;&quot;,&quot;camera&quot;:&quot;&quot;,&quot;caption&quot;:&quot;&quot;,&quot;created_timestamp&quot;:&quot;0&quot;,&quot;copyright&quot;:&quot;&quot;,&quot;focal_length&quot;:&quot;0&quot;,&quot;iso&quot;:&quot;0&quot;,&quot;shutter_speed&quot;:&quot;0&quot;,&quot;title&quot;:&quot;&quot;,&quot;orientation&quot;:&quot;0&quot;}\" data-image-title=\"Sissi Hansen\" data-image-description=\"\" data-image-caption=\"\" data-large-file=\"https:\/\/www.hoymercedes.com.ar\/principal\/wp-content\/uploads\/2023\/01\/Sissi-Hansen-e1674138978170.jpg\" src=\"https:\/\/www.hoymercedes.com.ar\/principal\/wp-content\/uploads\/2023\/01\/Sissi-Hansen.jpg\" alt=\"\" class=\"wp-image-157452\"\/><\/figure>\n<\/div>\n\n\n<p>Hasta el presente, Sissi Hansen lleva tres d\u00e9cadas en el under, manteni\u00e9ndose siempre activa y relacionada con las nuevas corrientes en la m\u00fasica. Dentro de su amplia carrera podemos destacar su primer producci\u00f3n discogr\u00e1fica en1986 \u00abMi Religi\u00f3n\u00bb (Producido por Alejandro Seoane y Stuka), en 1992 \u00abSissi Hansen &amp; Vogue\u00bb se presento en programas de TV, como: Xuxa y Feliz Domingo entre otros. En 1997 \u00abAdrenalina\u00bb (editado como banda, bajo el nombre Santa junto a Alejandro Seoane, grabado y mezclado por Alvaro Villagra). Este disco sali\u00f3 primero en USA por Rudy Sarzo (Quiet Riot, Whitesnake, Dio, etc), la llevo de gira por ese pa\u00eds. Tambi\u00e9n realizo algunas grabaciones destinadas a discos tributo de bandas como Massacre(Resuena Mi Ni\u00f1ez), Los Violadores (Sentimiento Fatal, junto a Stuka). Y un tema junto a Horacio\u00bf \u201cGamexane\u201d Villafa\u00f1e (Nada Me Importa), con invitados de lujo como: Sergio Rotman, Braulio D&#8217;Aguirre, Superman Troglio, Miguel \u00c1ngel Tallarita y F\u00e9lix Guti\u00e9rrez de Todos Tus Muertos. <\/p>\n\n\n\n<p>P\u00e1rrafo aparte: su carrera como modelo y actriz durante todos estos a\u00f1os .participando como actriz y cantante en la obra \u00abLocomotor\u00bb dirigida por la actriz Inda Ledesma representada en el Teatro Vitral y tambi\u00e9n fue con esta obra al programa de Antonio Gasalla.&nbsp;<\/p>\n\n\n\n<p>En 2014 se edita el primer disco de Te Veo en R\u00edo junto a los m\u00fasicos Duke Baires, Pablo Gack y  Fernando Lebuchorskyj y realizan varias presentaciones por los clubs de capital.&nbsp;En 2017 se sigue presentando junto a su banda&nbsp; por distintos escenarios de Buenos Aires ya con otra formaci\u00f3n,&nbsp; la banda grabo y mezclo su nuevo vinilo titulado LA MENOR TRAGEDIA&nbsp; en los estudios Monsterland del ingeniero \u00c1lvaro Villagra,&nbsp; edit\u00e1ndose en julio de 2019, coloc\u00e1ndose en todas las plataformas digitales.&nbsp;<\/p>\n\n\n\n<p>Ese a\u00f1o conoce al m\u00fasico y compositor Javier Repicky y juntos arman un proyecto con el nombre The Construccion y grabaron una canci\u00f3n titulada \u201cLo mejor que me pas\u00f3\u201d bajo la producci\u00f3n de \u00c1lvaro Villagra que gestion\u00f3 la participaci\u00f3n de Mariano Mart\u00ednez (Attaque 77) En el 2020 concibieron y realizaron un EP de 6 canciones al que llamaron \u201cEl animal\u201d, en alusi\u00f3n a una de las canciones del EP. Actualmente el EP fue publicado en todas las plataformas digitales de manera independiente y tambi\u00e9n se puede ver un streaming, publicado por del sello submarino at\u00f3mico, del cantautor CiroI Mart\u00ednez, en&nbsp;Monsterland records sello del m\u00fasico y productor \u00c1lvaro Villagra. Se present\u00f3 este show&nbsp; el 15 de septiembre de 2022 en Strummer Bar y tambi\u00e9n&nbsp; el documental del M\u00edtico Caf\u00e9 Einstein titulado \u201cCharlas de Caf\u00e9\u201d,&nbsp; realizado por Sissi Hansen y Leandro Di Marco, siendo todo un \u00e9xito.&nbsp;<\/p>\n\n\n\n<p>Para la grabaci\u00f3n en los estudios mercedinos Inroom, a la cantante Sissi Hansen, la acompa\u00f1ar\u00e1n los mercedinos Tula Ismael en la bater\u00eda, Diego Velazquez en guitarras. Luego se sumar\u00e1 Yoana Gieco en teclados y el Polaco Zelazek en bajo.&nbsp;<\/p>\n\n\n<div class=\"wp-block-image\">\n<figure class=\"alignleft size-large is-resized\"><img decoding=\"async\" data-attachment-id=\"157451\" data-permalink=\"https:\/\/www.hoymercedes.com.ar\/principal\/2023\/01\/19\/siguen-las-grabaciones-del-disco-del-polaco-zelazek\/leonel-suite\/#main\" data-orig-file=\"https:\/\/www.hoymercedes.com.ar\/principal\/wp-content\/uploads\/2023\/01\/Leonel-Suite.jpg\" data-orig-size=\"1995,1995\" data-comments-opened=\"0\" data-image-meta=\"{&quot;aperture&quot;:&quot;0&quot;,&quot;credit&quot;:&quot;&quot;,&quot;camera&quot;:&quot;&quot;,&quot;caption&quot;:&quot;&quot;,&quot;created_timestamp&quot;:&quot;0&quot;,&quot;copyright&quot;:&quot;&quot;,&quot;focal_length&quot;:&quot;0&quot;,&quot;iso&quot;:&quot;0&quot;,&quot;shutter_speed&quot;:&quot;0&quot;,&quot;title&quot;:&quot;&quot;,&quot;orientation&quot;:&quot;0&quot;}\" data-image-title=\"Leonel Suite\" data-image-description=\"\" data-image-caption=\"\" data-large-file=\"https:\/\/www.hoymercedes.com.ar\/principal\/wp-content\/uploads\/2023\/01\/Leonel-Suite-1024x1024.jpg\" src=\"https:\/\/www.hoymercedes.com.ar\/principal\/wp-content\/uploads\/2023\/01\/Leonel-Suite-1024x1024.jpg\" alt=\"\" class=\"wp-image-157451\" width=\"-523\" height=\"-523\" srcset=\"https:\/\/www.hoymercedes.com.ar\/principal\/wp-content\/uploads\/2023\/01\/Leonel-Suite-1024x1024.jpg 1024w, https:\/\/www.hoymercedes.com.ar\/principal\/wp-content\/uploads\/2023\/01\/Leonel-Suite-620x620.jpg 620w, https:\/\/www.hoymercedes.com.ar\/principal\/wp-content\/uploads\/2023\/01\/Leonel-Suite-150x150.jpg 150w, https:\/\/www.hoymercedes.com.ar\/principal\/wp-content\/uploads\/2023\/01\/Leonel-Suite-1536x1536.jpg 1536w, https:\/\/www.hoymercedes.com.ar\/principal\/wp-content\/uploads\/2023\/01\/Leonel-Suite.jpg 1995w\" sizes=\"(max-width: 1024px) 100vw, 1024px\" \/><\/figure>\n<\/div>\n\n\n<p>El otro visitante es Leonel Suite, nacido en el barrio porte\u00f1o de Villa Ortuza, ha pisado los m\u00e1s emblem\u00e1ticos escenarios de Los Angeles, The Troubadour, The Key Club, Viper Room, Cat Clun y House of Blues son solo alguno de ellos, en su estad\u00eda por el pa\u00eds del norte form\u00f3 parte de varios proyectos en los cuales se destaca Blue Vinyl (producido por Gilby Clarke Guns and Roses) y New Word Idols banda que tambi\u00e9n integraban Keri Kelli (Salsh, Alice Copper, Night Ranger) Chad Stewart (L. A. Guns \/ Faster Pussycat) y Kris Maggiere (Pretty Boy Floyd) NWI fue producido por Roy Thomas Baker (Queen, Motley Crue T-Rex entre otros) adem\u00e1s realiz\u00f3 colaboraciones para Faster Pussycat, Motochrist y L. A. Guns, tambi\u00e9n form\u00f3 Denotts grupo de punk rock con el cual registr\u00f3 su disco debut en los Paramount Studios de Los Angeles. En su regreso al pa\u00eds ingres\u00f3 en los legendarios Gatos Sucios y armo su propio grupo Turbocoopers con quienes fue parte de los shows de Backyard Babies, Glen Matlock (Sex Pistols) y Richie Ramone, con Turbocoopers realiz\u00f3 el primer streaming de toda la escena local en pandemia. La banda viene presentando desde el a\u00f1o pasado Argentinaction Rock su album debut, pr\u00f3ximamente a editarse en formato vinilo para el sello espa\u00f1ol Ghost Highway Recording. Sumar\u00e1 su guitarra y voz al tema \u201cBathroom\u201d de Faster Pussycat, cuyo batero Chad Stewart ya grab\u00f3 las batas, el Polaco el bajo y los coros ser\u00e1n de los mercedinos Diego y Tula .&nbsp;&nbsp;<\/p>\n\n\n\n<p>Al cierre de esta informaci\u00f3n se siguen sumando m\u00fasicos de primer nivel que desean participar del disco grabado entre amigos en sesiones de grabaci\u00f3n, cervezas, pileta y familia.&nbsp;<\/p>\n\n\n\n<p>Colaboraci\u00f3n: Fernando Viloria&nbsp;<\/p>\n","protected":false},"excerpt":{"rendered":"<p>En este a\u00f1o 2023 contin\u00faan las visitas y grabaci\u00f3n de canciones para el disco de covers que est\u00e1 produciendo en &#8230; <a title=\"Siguen las grabaciones del disco del Polaco Zelazek\" class=\"read-more\" href=\"https:\/\/www.hoymercedes.com.ar\/principal\/2023\/01\/19\/siguen-las-grabaciones-del-disco-del-polaco-zelazek\/\" aria-label=\"Leer m\u00e1s sobre Siguen las grabaciones del disco del Polaco Zelazek\">Leer m\u00e1s<\/a><\/p>\n","protected":false},"author":1,"featured_media":157452,"comment_status":"closed","ping_status":"open","sticky":false,"template":"","format":"standard","meta":{"_monsterinsights_skip_tracking":false,"_monsterinsights_sitenote_active":false,"_monsterinsights_sitenote_note":"","_monsterinsights_sitenote_category":0,"jetpack_post_was_ever_published":false,"_jetpack_newsletter_access":"","_jetpack_dont_email_post_to_subs":false,"_jetpack_newsletter_tier_id":0,"_jetpack_memberships_contains_paywalled_content":false,"_jetpack_memberships_contains_paid_content":false,"footnotes":"","jetpack_publicize_message":"","jetpack_publicize_feature_enabled":true,"jetpack_social_post_already_shared":true,"jetpack_social_options":{"image_generator_settings":{"template":"highway","default_image_id":0,"font":"","enabled":false},"version":2},"_wpas_customize_per_network":false},"categories":[104],"tags":[7805],"class_list":["post-157450","post","type-post","status-publish","format-standard","has-post-thumbnail","hentry","category-cultura","tag-cultura","generate-columns","tablet-grid-50","mobile-grid-100","grid-parent","grid-50"],"jetpack_publicize_connections":[],"jetpack_featured_media_url":"https:\/\/www.hoymercedes.com.ar\/principal\/wp-content\/uploads\/2023\/01\/Sissi-Hansen-e1674138978170.jpg","wps_subtitle":"","jetpack_sharing_enabled":true,"_links":{"self":[{"href":"https:\/\/www.hoymercedes.com.ar\/principal\/wp-json\/wp\/v2\/posts\/157450","targetHints":{"allow":["GET"]}}],"collection":[{"href":"https:\/\/www.hoymercedes.com.ar\/principal\/wp-json\/wp\/v2\/posts"}],"about":[{"href":"https:\/\/www.hoymercedes.com.ar\/principal\/wp-json\/wp\/v2\/types\/post"}],"author":[{"embeddable":true,"href":"https:\/\/www.hoymercedes.com.ar\/principal\/wp-json\/wp\/v2\/users\/1"}],"replies":[{"embeddable":true,"href":"https:\/\/www.hoymercedes.com.ar\/principal\/wp-json\/wp\/v2\/comments?post=157450"}],"version-history":[{"count":0,"href":"https:\/\/www.hoymercedes.com.ar\/principal\/wp-json\/wp\/v2\/posts\/157450\/revisions"}],"wp:featuredmedia":[{"embeddable":true,"href":"https:\/\/www.hoymercedes.com.ar\/principal\/wp-json\/wp\/v2\/media\/157452"}],"wp:attachment":[{"href":"https:\/\/www.hoymercedes.com.ar\/principal\/wp-json\/wp\/v2\/media?parent=157450"}],"wp:term":[{"taxonomy":"category","embeddable":true,"href":"https:\/\/www.hoymercedes.com.ar\/principal\/wp-json\/wp\/v2\/categories?post=157450"},{"taxonomy":"post_tag","embeddable":true,"href":"https:\/\/www.hoymercedes.com.ar\/principal\/wp-json\/wp\/v2\/tags?post=157450"}],"curies":[{"name":"wp","href":"https:\/\/api.w.org\/{rel}","templated":true}]}}