{"id":157464,"date":"2023-01-19T18:23:00","date_gmt":"2023-01-19T21:23:00","guid":{"rendered":"https:\/\/www.hoymercedes.com.ar\/principal\/?p=157464"},"modified":"2023-01-19T21:16:46","modified_gmt":"2023-01-20T00:16:46","slug":"terro-y-animacion-en-el-cine-mercedes","status":"publish","type":"post","link":"https:\/\/www.hoymercedes.com.ar\/principal\/2023\/01\/19\/terro-y-animacion-en-el-cine-mercedes\/","title":{"rendered":"Terror y animaci\u00f3n en el Cine Mercedes"},"content":{"rendered":"\n<p>Desde viernes 20 al martes 24 de enero, el Cine Mercedes presentar\u00e1 dos pel\u00edculas. Los d\u00edas s\u00e1bado 21 y domingo 22 contin\u00faa El Gato con Botas a la hora 17:30, mientras que durante los d\u00edas de proyecci\u00f3n, en dos funciones 17:45 y 22 horas, se presenta M3GAN. <\/p>\n\n\n<div class=\"wp-block-image\">\n<figure class=\"aligncenter size-full\"><img loading=\"lazy\" decoding=\"async\" width=\"676\" height=\"800\" data-attachment-id=\"157461\" data-permalink=\"https:\/\/www.hoymercedes.com.ar\/principal\/2023\/01\/19\/realizaron-jornada-recreativa-para-adultos-mayores\/gacetilla-cine-mercedes-13-2\/#main\" data-orig-file=\"https:\/\/www.hoymercedes.com.ar\/principal\/wp-content\/uploads\/2023\/01\/Gacetilla-Cine-Mercedes-13.jpg\" data-orig-size=\"676,800\" data-comments-opened=\"0\" data-image-meta=\"{&quot;aperture&quot;:&quot;0&quot;,&quot;credit&quot;:&quot;&quot;,&quot;camera&quot;:&quot;&quot;,&quot;caption&quot;:&quot;&quot;,&quot;created_timestamp&quot;:&quot;0&quot;,&quot;copyright&quot;:&quot;&quot;,&quot;focal_length&quot;:&quot;0&quot;,&quot;iso&quot;:&quot;0&quot;,&quot;shutter_speed&quot;:&quot;0&quot;,&quot;title&quot;:&quot;&quot;,&quot;orientation&quot;:&quot;1&quot;}\" data-image-title=\"Gacetilla Cine Mercedes (13)\" data-image-description=\"\" data-image-caption=\"\" data-large-file=\"https:\/\/www.hoymercedes.com.ar\/principal\/wp-content\/uploads\/2023\/01\/Gacetilla-Cine-Mercedes-13.jpg\" src=\"https:\/\/www.hoymercedes.com.ar\/principal\/wp-content\/uploads\/2023\/01\/Gacetilla-Cine-Mercedes-13.jpg\" alt=\"\" class=\"wp-image-157461\" srcset=\"https:\/\/www.hoymercedes.com.ar\/principal\/wp-content\/uploads\/2023\/01\/Gacetilla-Cine-Mercedes-13.jpg 676w, https:\/\/www.hoymercedes.com.ar\/principal\/wp-content\/uploads\/2023\/01\/Gacetilla-Cine-Mercedes-13-524x620.jpg 524w, https:\/\/www.hoymercedes.com.ar\/principal\/wp-content\/uploads\/2023\/01\/Gacetilla-Cine-Mercedes-13-127x150.jpg 127w\" sizes=\"auto, (max-width: 676px) 100vw, 676px\" \/><\/figure>\n<\/div>\n\n\n<p>Sinopsis \u00abEl Gato con Botas\u00bb: Secuela de &#8216;El gato con botas&#8217; (2011). El Gato con Botas descubre que su pasi\u00f3n por la aventura le ha pasado factura: ha consumido ocho de sus nueve vidas, por ello emprende un viaje \u00e9pico para encontrar el m\u00edtico \u00daltimo Deseo y restaurar sus nueve vidas<\/p>\n\n\n\n<p>Sinopsis \u00abM3GAN\u00bb: M3GAN es una maravilla de la inteligencia artificial, una mu\u00f1eca realista programada para ser la mejor compa\u00f1era de los ni\u00f1os y la mayor aliada de los padres. Dise\u00f1ada por Gemma, M3GAN es capaz de escuchar, observar y aprender mientras se convierte en amiga, profesora, compa\u00f1era de juegos y protectora del ni\u00f1o al que se vincule. Cuando, inesperadamente, Gemma se convierte en la tutora legal de Cady, su sobrina hu\u00e9rfana de 9 a\u00f1os, no sabe muy bien qu\u00e9 hacer ni se siente preparada para ejercer de madre. Sometida a un intenso estr\u00e9s laboral, Gemma decide vincular su prototipo de M3GAN a Cady en un intento de resolver ambos problemas, pero no tardar\u00e1 en descubrir las inimaginables consecuencias de su decisi\u00f3n<\/p>\n","protected":false},"excerpt":{"rendered":"<p>Desde viernes 20 al martes 24 de enero, el Cine Mercedes presentar\u00e1 dos pel\u00edculas. Los d\u00edas s\u00e1bado 21 y domingo &#8230; <a title=\"Terror y animaci\u00f3n en el Cine Mercedes\" class=\"read-more\" href=\"https:\/\/www.hoymercedes.com.ar\/principal\/2023\/01\/19\/terro-y-animacion-en-el-cine-mercedes\/\" aria-label=\"Leer m\u00e1s sobre Terror y animaci\u00f3n en el Cine Mercedes\">Leer m\u00e1s<\/a><\/p>\n","protected":false},"author":1,"featured_media":157460,"comment_status":"closed","ping_status":"open","sticky":false,"template":"","format":"standard","meta":{"_monsterinsights_skip_tracking":false,"_monsterinsights_sitenote_active":false,"_monsterinsights_sitenote_note":"","_monsterinsights_sitenote_category":0,"jetpack_post_was_ever_published":false,"_jetpack_newsletter_access":"","_jetpack_dont_email_post_to_subs":false,"_jetpack_newsletter_tier_id":0,"_jetpack_memberships_contains_paywalled_content":false,"_jetpack_memberships_contains_paid_content":false,"footnotes":"","jetpack_publicize_message":"","jetpack_publicize_feature_enabled":true,"jetpack_social_post_already_shared":true,"jetpack_social_options":{"image_generator_settings":{"template":"highway","default_image_id":0,"font":"","enabled":false},"version":2},"_wpas_customize_per_network":false},"categories":[104],"tags":[7805],"class_list":["post-157464","post","type-post","status-publish","format-standard","has-post-thumbnail","hentry","category-cultura","tag-cultura","generate-columns","tablet-grid-50","mobile-grid-100","grid-parent","grid-50"],"jetpack_publicize_connections":[],"jetpack_featured_media_url":"https:\/\/www.hoymercedes.com.ar\/principal\/wp-content\/uploads\/2023\/01\/M3GAN.jpg","wps_subtitle":"","jetpack_sharing_enabled":true,"_links":{"self":[{"href":"https:\/\/www.hoymercedes.com.ar\/principal\/wp-json\/wp\/v2\/posts\/157464","targetHints":{"allow":["GET"]}}],"collection":[{"href":"https:\/\/www.hoymercedes.com.ar\/principal\/wp-json\/wp\/v2\/posts"}],"about":[{"href":"https:\/\/www.hoymercedes.com.ar\/principal\/wp-json\/wp\/v2\/types\/post"}],"author":[{"embeddable":true,"href":"https:\/\/www.hoymercedes.com.ar\/principal\/wp-json\/wp\/v2\/users\/1"}],"replies":[{"embeddable":true,"href":"https:\/\/www.hoymercedes.com.ar\/principal\/wp-json\/wp\/v2\/comments?post=157464"}],"version-history":[{"count":0,"href":"https:\/\/www.hoymercedes.com.ar\/principal\/wp-json\/wp\/v2\/posts\/157464\/revisions"}],"wp:featuredmedia":[{"embeddable":true,"href":"https:\/\/www.hoymercedes.com.ar\/principal\/wp-json\/wp\/v2\/media\/157460"}],"wp:attachment":[{"href":"https:\/\/www.hoymercedes.com.ar\/principal\/wp-json\/wp\/v2\/media?parent=157464"}],"wp:term":[{"taxonomy":"category","embeddable":true,"href":"https:\/\/www.hoymercedes.com.ar\/principal\/wp-json\/wp\/v2\/categories?post=157464"},{"taxonomy":"post_tag","embeddable":true,"href":"https:\/\/www.hoymercedes.com.ar\/principal\/wp-json\/wp\/v2\/tags?post=157464"}],"curies":[{"name":"wp","href":"https:\/\/api.w.org\/{rel}","templated":true}]}}