{"id":157472,"date":"2023-01-20T09:49:10","date_gmt":"2023-01-20T12:49:10","guid":{"rendered":"https:\/\/www.hoymercedes.com.ar\/principal\/?p=157472"},"modified":"2023-01-20T09:49:15","modified_gmt":"2023-01-20T12:49:15","slug":"defensa-del-consumidor-continua-con-la-atencion","status":"publish","type":"post","link":"https:\/\/www.hoymercedes.com.ar\/principal\/2023\/01\/20\/defensa-del-consumidor-continua-con-la-atencion\/","title":{"rendered":"Defensa del Consumidor contin\u00faa con la atenci\u00f3n"},"content":{"rendered":"\n<p>Las oficinas de Defensa del Consumidor de Mercedes anunciaron que contin\u00faan trabajando de lunes a vienes de 8:00 a 14:00, como as\u00ed tambi\u00e9n, en lo que refiere a reclamos competentes a esta oficina se pueden hacer de manera online. Adem\u00e1s, ya se planifican operativos por los barrios para este 2023.<\/p>\n\n\n\n<p>Eugenia C\u00f3dega, responsable de Defensa del Consumidor local explic\u00f3 que \u201caunque esta es una \u00e9poca especial del a\u00f1o, desde nuestra \u00e1rea seguimos trabajando junto a los vecinos, en lo que tiene que ver con los programas, este 9 de febrero retomamos el Mercado en T\u00fa Barrio y el Estado en t\u00fa barrio, donde se despliega un operativo interministerial, para que los vecinos puedan realizar tr\u00e1mites, y eso se conjuga, con la venta de productos y alimentos a precios accesibles\u201d y a\u00f1adi\u00f3 \u201cestos operativos comenzar\u00e1n en el complejo Cultural la Trocha, all\u00ed se dar\u00e1 el puntapi\u00e9 inicial\u201d.<\/p>\n\n\n\n<p>\u201cEn estos operativos se pueden realizar el tr\u00e1mite del DNI, la licencia de conducir, vacunarnos, tramitamos las tarjetas SUBE, tambi\u00e9n est\u00e1n los chicos de ambiente y el vivero biotecnol\u00f3gico municipal, quienes entregan a los vecinos una plantita, como as\u00ed tambi\u00e9n, hay asesoramientos de todas las \u00e1reas municipales para agilizar e informarse sobre muchos tr\u00e1mites\u201d indic\u00f3 C\u00f3dega.<\/p>\n\n\n\n<p>Asimismo, C\u00f3dega, y en referencia a los costos de la sube ante posibles aumentos, se\u00f1al\u00f3 \u201choy en d\u00eda tenemos un stock de 800 subes, gracias a las gestiones que hacemos todos los meses, y quiero aclarar, que por gesti\u00f3n de nuestro intendente Juan Ignacio Ustarroz, en nuestra ciudad, mantendr\u00e1 el precio que tiene hoy en d\u00eda, que es de 126 pesos\u201d y enfatiz\u00f3 \u201caquellos que no tienen SUBE aprovechen a tramitarla ahora porque el precio de estas tarjetas que tenemos en Defensa del Consumidor mantendr\u00e1n el precio sin aumento, y aclarar que nosotros no cobramos nada ni manejamos dinero, sino que cuando cargan la misma se les hace el descuento, lo que hacemos es entregar la tarjeta SUBE registrada\u201d.<\/p>\n\n\n\n<p>\u201cPara quienes necesiten asesorarse o informarse, pueden venir a nuestras oficinas en la 30 entre 29 y 27 de 08:00 a 14:00 o llamar al 427645\u201d indic\u00f3 C\u00f3dega.<\/p>\n","protected":false},"excerpt":{"rendered":"<p>Las oficinas de Defensa del Consumidor de Mercedes anunciaron que contin\u00faan trabajando de lunes a vienes de 8:00 a 14:00, &#8230; <a title=\"Defensa del Consumidor contin\u00faa con la atenci\u00f3n\" class=\"read-more\" href=\"https:\/\/www.hoymercedes.com.ar\/principal\/2023\/01\/20\/defensa-del-consumidor-continua-con-la-atencion\/\" aria-label=\"Leer m\u00e1s sobre Defensa del Consumidor contin\u00faa con la atenci\u00f3n\">Leer m\u00e1s<\/a><\/p>\n","protected":false},"author":1,"featured_media":157473,"comment_status":"closed","ping_status":"open","sticky":false,"template":"","format":"standard","meta":{"_monsterinsights_skip_tracking":false,"_monsterinsights_sitenote_active":false,"_monsterinsights_sitenote_note":"","_monsterinsights_sitenote_category":0,"jetpack_post_was_ever_published":false,"_jetpack_newsletter_access":"","_jetpack_dont_email_post_to_subs":false,"_jetpack_newsletter_tier_id":0,"_jetpack_memberships_contains_paywalled_content":false,"_jetpack_memberships_contains_paid_content":false,"footnotes":"","jetpack_publicize_message":"","jetpack_publicize_feature_enabled":true,"jetpack_social_post_already_shared":true,"jetpack_social_options":{"image_generator_settings":{"template":"highway","default_image_id":0,"font":"","enabled":false},"version":2},"_wpas_customize_per_network":false},"categories":[30],"tags":[244],"class_list":["post-157472","post","type-post","status-publish","format-standard","has-post-thumbnail","hentry","category-municipio","tag-municipio-2","generate-columns","tablet-grid-50","mobile-grid-100","grid-parent","grid-50"],"jetpack_publicize_connections":[],"jetpack_featured_media_url":"https:\/\/www.hoymercedes.com.ar\/principal\/wp-content\/uploads\/2023\/01\/defensa-del-consumidor.jpg","wps_subtitle":"","jetpack_sharing_enabled":true,"_links":{"self":[{"href":"https:\/\/www.hoymercedes.com.ar\/principal\/wp-json\/wp\/v2\/posts\/157472","targetHints":{"allow":["GET"]}}],"collection":[{"href":"https:\/\/www.hoymercedes.com.ar\/principal\/wp-json\/wp\/v2\/posts"}],"about":[{"href":"https:\/\/www.hoymercedes.com.ar\/principal\/wp-json\/wp\/v2\/types\/post"}],"author":[{"embeddable":true,"href":"https:\/\/www.hoymercedes.com.ar\/principal\/wp-json\/wp\/v2\/users\/1"}],"replies":[{"embeddable":true,"href":"https:\/\/www.hoymercedes.com.ar\/principal\/wp-json\/wp\/v2\/comments?post=157472"}],"version-history":[{"count":0,"href":"https:\/\/www.hoymercedes.com.ar\/principal\/wp-json\/wp\/v2\/posts\/157472\/revisions"}],"wp:featuredmedia":[{"embeddable":true,"href":"https:\/\/www.hoymercedes.com.ar\/principal\/wp-json\/wp\/v2\/media\/157473"}],"wp:attachment":[{"href":"https:\/\/www.hoymercedes.com.ar\/principal\/wp-json\/wp\/v2\/media?parent=157472"}],"wp:term":[{"taxonomy":"category","embeddable":true,"href":"https:\/\/www.hoymercedes.com.ar\/principal\/wp-json\/wp\/v2\/categories?post=157472"},{"taxonomy":"post_tag","embeddable":true,"href":"https:\/\/www.hoymercedes.com.ar\/principal\/wp-json\/wp\/v2\/tags?post=157472"}],"curies":[{"name":"wp","href":"https:\/\/api.w.org\/{rel}","templated":true}]}}