{"id":157475,"date":"2023-01-20T13:38:31","date_gmt":"2023-01-20T16:38:31","guid":{"rendered":"https:\/\/www.hoymercedes.com.ar\/principal\/?p=157475"},"modified":"2023-01-20T18:14:18","modified_gmt":"2023-01-20T21:14:18","slug":"comenzo-la-construccion-de-la-autovia-mercedes-suipacha","status":"publish","type":"post","link":"https:\/\/www.hoymercedes.com.ar\/principal\/2023\/01\/20\/comenzo-la-construccion-de-la-autovia-mercedes-suipacha\/","title":{"rendered":"Comenz\u00f3 la construcci\u00f3n de la autov\u00eda Mercedes &#8211; Suipacha"},"content":{"rendered":"\n<figure class=\"wp-block-image size-large is-resized\"><img loading=\"lazy\" decoding=\"async\" data-attachment-id=\"157476\" data-permalink=\"https:\/\/www.hoymercedes.com.ar\/principal\/2023\/01\/20\/comenzo-la-construccion-de-la-autovia-mercedes-suipacha\/1m5a3146\/#main\" data-orig-file=\"https:\/\/www.hoymercedes.com.ar\/principal\/wp-content\/uploads\/2023\/01\/1M5A3146.jpg\" data-orig-size=\"1318,879\" data-comments-opened=\"0\" data-image-meta=\"{&quot;aperture&quot;:&quot;0&quot;,&quot;credit&quot;:&quot;&quot;,&quot;camera&quot;:&quot;&quot;,&quot;caption&quot;:&quot;&quot;,&quot;created_timestamp&quot;:&quot;0&quot;,&quot;copyright&quot;:&quot;&quot;,&quot;focal_length&quot;:&quot;0&quot;,&quot;iso&quot;:&quot;0&quot;,&quot;shutter_speed&quot;:&quot;0&quot;,&quot;title&quot;:&quot;&quot;,&quot;orientation&quot;:&quot;0&quot;}\" data-image-title=\"1M5A3146\" data-image-description=\"\" data-image-caption=\"\" data-large-file=\"https:\/\/www.hoymercedes.com.ar\/principal\/wp-content\/uploads\/2023\/01\/1M5A3146-1024x683.jpg\" src=\"https:\/\/www.hoymercedes.com.ar\/principal\/wp-content\/uploads\/2023\/01\/1M5A3146-1024x683.jpg\" alt=\"\" class=\"wp-image-157476\" width=\"962\" height=\"641\" srcset=\"https:\/\/www.hoymercedes.com.ar\/principal\/wp-content\/uploads\/2023\/01\/1M5A3146-1024x683.jpg 1024w, https:\/\/www.hoymercedes.com.ar\/principal\/wp-content\/uploads\/2023\/01\/1M5A3146-630x420.jpg 630w, https:\/\/www.hoymercedes.com.ar\/principal\/wp-content\/uploads\/2023\/01\/1M5A3146-150x100.jpg 150w, https:\/\/www.hoymercedes.com.ar\/principal\/wp-content\/uploads\/2023\/01\/1M5A3146-700x465.jpg 700w, https:\/\/www.hoymercedes.com.ar\/principal\/wp-content\/uploads\/2023\/01\/1M5A3146.jpg 1318w\" sizes=\"auto, (max-width: 962px) 100vw, 962px\" \/><\/figure>\n\n\n\n<p>Con la presencia de ministros nacionales y el intendente Ustarroz se inici\u00f3 el trabajo de las m\u00e1quinas para la construcci\u00f3n de la autov\u00eda entre Mercedes y Suipacha. Es una gran noticia para la ciudad y toda la zona que mejorar\u00e1 la seguridad y optimizar\u00e1 las perspectivas econ\u00f3micas de la regi\u00f3n. Ustarroz, los ministros de obras, Gabriel Katopodis, del interior, Wado de Pedro, el administrador de vialidad nacional, Gustavo Arrieta, entre otros, fueron parte de este encuentro tan importante.<\/p>\n\n\n\n<p><strong>Inicio<\/strong><\/p>\n\n\n\n<p>All\u00ed estuvo presente el intendente Juan Ignacio Ustarroz qui\u00e9n manifest\u00f3 \u201cla verdad que estamos muy felices, contentos y orgullosos, el a\u00f1o pasado estuvimos con Gustavo Arrieta, administrador general de Vialidad Nacional, en el Concejo Deliberante, atendiendo a todos los sectores de nuestra comunidad, explicando, argumentando cu\u00e1l eran las obras que est\u00e1bamos planificando y hoy estamos dando el inicio de esta importante obra\u201d.<\/p>\n\n\n\n<figure class=\"wp-block-image size-large\"><img loading=\"lazy\" decoding=\"async\" width=\"1024\" height=\"683\" data-attachment-id=\"157477\" data-permalink=\"https:\/\/www.hoymercedes.com.ar\/principal\/2023\/01\/20\/comenzo-la-construccion-de-la-autovia-mercedes-suipacha\/1m5a3133\/#main\" data-orig-file=\"https:\/\/www.hoymercedes.com.ar\/principal\/wp-content\/uploads\/2023\/01\/1M5A3133.jpg\" data-orig-size=\"1318,879\" data-comments-opened=\"0\" data-image-meta=\"{&quot;aperture&quot;:&quot;0&quot;,&quot;credit&quot;:&quot;&quot;,&quot;camera&quot;:&quot;&quot;,&quot;caption&quot;:&quot;&quot;,&quot;created_timestamp&quot;:&quot;0&quot;,&quot;copyright&quot;:&quot;&quot;,&quot;focal_length&quot;:&quot;0&quot;,&quot;iso&quot;:&quot;0&quot;,&quot;shutter_speed&quot;:&quot;0&quot;,&quot;title&quot;:&quot;&quot;,&quot;orientation&quot;:&quot;0&quot;}\" data-image-title=\"1M5A3133\" data-image-description=\"\" data-image-caption=\"\" data-large-file=\"https:\/\/www.hoymercedes.com.ar\/principal\/wp-content\/uploads\/2023\/01\/1M5A3133-1024x683.jpg\" src=\"https:\/\/www.hoymercedes.com.ar\/principal\/wp-content\/uploads\/2023\/01\/1M5A3133-1024x683.jpg\" alt=\"\" class=\"wp-image-157477\" srcset=\"https:\/\/www.hoymercedes.com.ar\/principal\/wp-content\/uploads\/2023\/01\/1M5A3133-1024x683.jpg 1024w, https:\/\/www.hoymercedes.com.ar\/principal\/wp-content\/uploads\/2023\/01\/1M5A3133-630x420.jpg 630w, https:\/\/www.hoymercedes.com.ar\/principal\/wp-content\/uploads\/2023\/01\/1M5A3133-150x100.jpg 150w, https:\/\/www.hoymercedes.com.ar\/principal\/wp-content\/uploads\/2023\/01\/1M5A3133.jpg 1318w\" sizes=\"auto, (max-width: 1024px) 100vw, 1024px\" \/><\/figure>\n\n\n\n<p><strong>Obras<\/strong><\/p>\n\n\n\n<p>Conjuntamente el intendente Ustarroz opin\u00f3 \u201cel primer punto, es la seguridad vial, el segundo es desarrollar al pa\u00eds desde una perspectiva federal, generar empleo a trav\u00e9s de la obra p\u00fablica y en ese sentido, felicitar y agradecer el enorme trabajo del administrador general de Vialidad Nacional, Gustavo Arrieta y del Ministro de Obras P\u00fablicas de Naci\u00f3n, Gabriel Katopodis\u201d y apuntando a este \u00faltimo remarc\u00f3 \u201cquien le viene aportando obras a toda la Argentina, pero en particular a nuestra ciudad, donde tenemos obras de viviendas, asfalto, cloaca, agua, el\u00e9ctricas, en los clubes, en las escuelas, y eso es gracias a un Estado Nacional y Provincial que en consonancia con el Municipio y la comunidad de Mercedes planifican, desarrollan y hacen obras, lo que mejora la calidad de vida de los vecinos\u201d.\u00a0<\/p>\n\n\n\n<figure class=\"wp-block-image size-full is-resized\"><img loading=\"lazy\" decoding=\"async\" data-attachment-id=\"157478\" data-permalink=\"https:\/\/www.hoymercedes.com.ar\/principal\/2023\/01\/20\/comenzo-la-construccion-de-la-autovia-mercedes-suipacha\/1m5a2998\/#main\" data-orig-file=\"https:\/\/www.hoymercedes.com.ar\/principal\/wp-content\/uploads\/2023\/01\/1M5A2998.jpg\" data-orig-size=\"477,318\" data-comments-opened=\"0\" data-image-meta=\"{&quot;aperture&quot;:&quot;0&quot;,&quot;credit&quot;:&quot;&quot;,&quot;camera&quot;:&quot;&quot;,&quot;caption&quot;:&quot;&quot;,&quot;created_timestamp&quot;:&quot;0&quot;,&quot;copyright&quot;:&quot;&quot;,&quot;focal_length&quot;:&quot;0&quot;,&quot;iso&quot;:&quot;0&quot;,&quot;shutter_speed&quot;:&quot;0&quot;,&quot;title&quot;:&quot;&quot;,&quot;orientation&quot;:&quot;0&quot;}\" data-image-title=\"1M5A2998\" data-image-description=\"\" data-image-caption=\"\" data-large-file=\"https:\/\/www.hoymercedes.com.ar\/principal\/wp-content\/uploads\/2023\/01\/1M5A2998.jpg\" src=\"https:\/\/www.hoymercedes.com.ar\/principal\/wp-content\/uploads\/2023\/01\/1M5A2998.jpg\" alt=\"\" class=\"wp-image-157478\" width=\"959\" height=\"639\" srcset=\"https:\/\/www.hoymercedes.com.ar\/principal\/wp-content\/uploads\/2023\/01\/1M5A2998.jpg 477w, https:\/\/www.hoymercedes.com.ar\/principal\/wp-content\/uploads\/2023\/01\/1M5A2998-150x100.jpg 150w\" sizes=\"auto, (max-width: 959px) 100vw, 959px\" \/><\/figure>\n\n\n\n<p><strong>Acompa\u00f1amiento<\/strong><\/p>\n\n\n\n<p>A su vez, Ustarroz, remarc\u00f3 \u201cel gran trabajo, acompa\u00f1amiento y la perspectiva y horizonte de futuro del ministro \u201cWado\u201d De Pedro, quien, a trav\u00e9s de la escucha, la comprensi\u00f3n, el di\u00e1logo con todos los sectores, desarrolla a trav\u00e9s de estos principios y valores, un proyecto de ciudad, provincia y pa\u00eds\u201d &nbsp;&nbsp;&nbsp;<\/p>\n\n\n\n<p><strong>Interior<\/strong><\/p>\n\n\n\n<p>Quien tambi\u00e9n estuvo presente en este arranque de obra es el ministro del interior, Eduardo \u201cWado\u201d De Pedro, vecino de nuestra ciudad, quien dijo \u201cesta obra para los que vivimos en Mercedes tiene una doble importancia, por un lado, continuar con el proyecto y el proceso de obras p\u00fablicas realizadas entre el 2003 y 2015, que se vieron truncadas entre el 2015 y el 2019, donde en la ruta 5 se vio frenada. Como as\u00ed tambi\u00e9n, sabemos la cantidad de siniestros que han ocurrido, por lo que esta obra tiene que ver con seguir apostando a la vida, de un Gobierno que define las inversiones seg\u00fan las necesidades de la gente\u201d.&nbsp;&nbsp;<\/p>\n\n\n\n<p>\u201cCon lo cual para nosotros poder apostar a estas obras que las consideramos estrat\u00e9gicas, no s\u00f3lo porque est\u00e1 en juego la vida de los argentinos, sino tambi\u00e9n, porque son obras que tienen que ver con el tejido productivo\u201d.<\/p>\n\n\n\n<p><strong>Inversi\u00f3n<\/strong><\/p>\n\n\n\n<p>En este sentido, Wado De Pedro indic\u00f3 \u201cnosotros apostamos a utilizar los fondos p\u00fablicos para recomponer el tejido productivo y encender el motor productivo, junto al Gobernador, de la provincia de Buenos Aires y para eso se necesita log\u00edstica, ferrocarriles y rutas\u201d.<\/p>\n\n\n\n<p><strong>Importancia<\/strong><\/p>\n\n\n\n<p>El ministro de Obras P\u00fablicas de Naci\u00f3n, Gabriel Katopodis se\u00f1al\u00f3 \u201cesta es una de las rutas m\u00e1s importantes de la provincia de Buenos Aires que permite que toda la producci\u00f3n de esta zona pueda salir a los puertos, seguir apostando a la producci\u00f3n agropecuaria\u201d y destac\u00f3 \u201cesta, tambi\u00e9n, es una obra que ha gestionado el intendente de Mercedes, Juan Ignacio Ustarroz, esta es la doble v\u00eda Mercedes-Suipacha pero que calza con la traves\u00eda urbana de la ciudad de Mercedes\u201d.<\/p>\n\n\n\n<p><strong>Trabajo<\/strong><\/p>\n\n\n\n<p>\u201cEstos ser\u00e1n m\u00e1s de 100 kil\u00f3metros de ruta, donde en esta primera etapa de 25 kil\u00f3metros con la traves\u00eda urbana, nos va a permitir dar el punto de arranque, una obra de 100 kil\u00f3metros que nos va a llevar tiempo, pero lo importante es que est\u00e1 arrancando, obras que son para el desarrollo, la producci\u00f3n y para una Argentina que tiene futuro\u201d indic\u00f3 Katopodis y a\u00f1adi\u00f3 \u201cdetr\u00e1s de cada obra, hay trabajadores, Pymes, familias, corralones, comunidades beneficiadas y eso es lo importante, 450 mil puestos de trabajo en el sector de la construcci\u00f3n, por lo que con esta obra, muchos vecinos de la ciudad de Mercedes, seguro ven\u00edan trabajando en la construcci\u00f3n y van a poder seguir sum\u00e1ndose a este tipo de obras\u201d.<\/p>\n\n\n\n<figure class=\"wp-block-image size-large\"><img loading=\"lazy\" decoding=\"async\" width=\"1024\" height=\"683\" data-attachment-id=\"157479\" data-permalink=\"https:\/\/www.hoymercedes.com.ar\/principal\/2023\/01\/20\/comenzo-la-construccion-de-la-autovia-mercedes-suipacha\/1m5a3081\/#main\" data-orig-file=\"https:\/\/www.hoymercedes.com.ar\/principal\/wp-content\/uploads\/2023\/01\/1M5A3081.jpg\" data-orig-size=\"1318,879\" data-comments-opened=\"0\" data-image-meta=\"{&quot;aperture&quot;:&quot;0&quot;,&quot;credit&quot;:&quot;&quot;,&quot;camera&quot;:&quot;&quot;,&quot;caption&quot;:&quot;&quot;,&quot;created_timestamp&quot;:&quot;0&quot;,&quot;copyright&quot;:&quot;&quot;,&quot;focal_length&quot;:&quot;0&quot;,&quot;iso&quot;:&quot;0&quot;,&quot;shutter_speed&quot;:&quot;0&quot;,&quot;title&quot;:&quot;&quot;,&quot;orientation&quot;:&quot;0&quot;}\" data-image-title=\"1M5A3081\" data-image-description=\"\" data-image-caption=\"\" data-large-file=\"https:\/\/www.hoymercedes.com.ar\/principal\/wp-content\/uploads\/2023\/01\/1M5A3081-1024x683.jpg\" src=\"https:\/\/www.hoymercedes.com.ar\/principal\/wp-content\/uploads\/2023\/01\/1M5A3081-1024x683.jpg\" alt=\"\" class=\"wp-image-157479\" srcset=\"https:\/\/www.hoymercedes.com.ar\/principal\/wp-content\/uploads\/2023\/01\/1M5A3081-1024x683.jpg 1024w, https:\/\/www.hoymercedes.com.ar\/principal\/wp-content\/uploads\/2023\/01\/1M5A3081-630x420.jpg 630w, https:\/\/www.hoymercedes.com.ar\/principal\/wp-content\/uploads\/2023\/01\/1M5A3081-150x100.jpg 150w, https:\/\/www.hoymercedes.com.ar\/principal\/wp-content\/uploads\/2023\/01\/1M5A3081.jpg 1318w\" sizes=\"auto, (max-width: 1024px) 100vw, 1024px\" \/><\/figure>\n\n\n\n<p><strong>Vialidad<\/strong><\/p>\n\n\n\n<p>Por su parte, el administrador general de Vialidad Nacional, Gustavo Arrieta expres\u00f3 \u201cestamos iniciando la obra salida de la variante Mercedes \u2013Suipacha, estos 20 kil\u00f3metros que son un gran desaf\u00edo, que el Gobierno anterior lo inici\u00f3 dos veces y no avanz\u00f3, con una inversi\u00f3n muy importante por parte del Estado argentino, con una decisi\u00f3n del Presidente, la Vicepresidenta, el Ministro de Obras P\u00fablicas de la Naci\u00f3n, de entender que la Ruta 5 es una de las v\u00edas de desarrollo de la provincia de Buenos Aires\u201d.<\/p>\n\n\n\n<p>Asimismo, apunt\u00f3 \u201cesta ser\u00e1 una obra de 36 meses que tiene 5 puentes, dos distribuidores con la firme decisi\u00f3n del Gobierno Nacional de dotarla de muchos fondos para que no se paralice\u201d.\u00a0\u00a0\u00a0<\/p>\n\n\n\n<p>Info: Prensa\/Redes\/HM<\/p>\n","protected":false},"excerpt":{"rendered":"<p>Con la presencia de ministros nacionales y el intendente Ustarroz se inici\u00f3 el trabajo de las m\u00e1quinas para la construcci\u00f3n &#8230; <a title=\"Comenz\u00f3 la construcci\u00f3n de la autov\u00eda Mercedes &#8211; Suipacha\" class=\"read-more\" href=\"https:\/\/www.hoymercedes.com.ar\/principal\/2023\/01\/20\/comenzo-la-construccion-de-la-autovia-mercedes-suipacha\/\" aria-label=\"Leer m\u00e1s sobre Comenz\u00f3 la construcci\u00f3n de la autov\u00eda Mercedes &#8211; Suipacha\">Leer m\u00e1s<\/a><\/p>\n","protected":false},"author":1,"featured_media":157476,"comment_status":"closed","ping_status":"open","sticky":false,"template":"","format":"standard","meta":{"_monsterinsights_skip_tracking":false,"_monsterinsights_sitenote_active":false,"_monsterinsights_sitenote_note":"","_monsterinsights_sitenote_category":0,"jetpack_post_was_ever_published":false,"_jetpack_newsletter_access":"","_jetpack_dont_email_post_to_subs":false,"_jetpack_newsletter_tier_id":0,"_jetpack_memberships_contains_paywalled_content":false,"_jetpack_memberships_contains_paid_content":false,"footnotes":"","jetpack_publicize_message":"","jetpack_publicize_feature_enabled":true,"jetpack_social_post_already_shared":true,"jetpack_social_options":{"image_generator_settings":{"template":"highway","default_image_id":0,"font":"","enabled":false},"version":2},"_wpas_customize_per_network":false},"categories":[17182],"tags":[18036,3521,16090,16677,424,281],"class_list":["post-157475","post","type-post","status-publish","format-standard","has-post-thumbnail","hentry","category-nacion","tag-autopista-mercedes-suipacha","tag-autovia-5","tag-katopodis","tag-mercedes-y-suipacha","tag-ustarroz","tag-wado-de-pedro","generate-columns","tablet-grid-50","mobile-grid-100","grid-parent","grid-50"],"jetpack_publicize_connections":[],"jetpack_featured_media_url":"https:\/\/www.hoymercedes.com.ar\/principal\/wp-content\/uploads\/2023\/01\/1M5A3146.jpg","wps_subtitle":"Infraestructura vial","jetpack_sharing_enabled":true,"_links":{"self":[{"href":"https:\/\/www.hoymercedes.com.ar\/principal\/wp-json\/wp\/v2\/posts\/157475","targetHints":{"allow":["GET"]}}],"collection":[{"href":"https:\/\/www.hoymercedes.com.ar\/principal\/wp-json\/wp\/v2\/posts"}],"about":[{"href":"https:\/\/www.hoymercedes.com.ar\/principal\/wp-json\/wp\/v2\/types\/post"}],"author":[{"embeddable":true,"href":"https:\/\/www.hoymercedes.com.ar\/principal\/wp-json\/wp\/v2\/users\/1"}],"replies":[{"embeddable":true,"href":"https:\/\/www.hoymercedes.com.ar\/principal\/wp-json\/wp\/v2\/comments?post=157475"}],"version-history":[{"count":0,"href":"https:\/\/www.hoymercedes.com.ar\/principal\/wp-json\/wp\/v2\/posts\/157475\/revisions"}],"wp:featuredmedia":[{"embeddable":true,"href":"https:\/\/www.hoymercedes.com.ar\/principal\/wp-json\/wp\/v2\/media\/157476"}],"wp:attachment":[{"href":"https:\/\/www.hoymercedes.com.ar\/principal\/wp-json\/wp\/v2\/media?parent=157475"}],"wp:term":[{"taxonomy":"category","embeddable":true,"href":"https:\/\/www.hoymercedes.com.ar\/principal\/wp-json\/wp\/v2\/categories?post=157475"},{"taxonomy":"post_tag","embeddable":true,"href":"https:\/\/www.hoymercedes.com.ar\/principal\/wp-json\/wp\/v2\/tags?post=157475"}],"curies":[{"name":"wp","href":"https:\/\/api.w.org\/{rel}","templated":true}]}}