{"id":157494,"date":"2023-01-20T19:45:00","date_gmt":"2023-01-20T22:45:00","guid":{"rendered":"https:\/\/www.hoymercedes.com.ar\/principal\/?p=157494"},"modified":"2023-01-20T19:07:45","modified_gmt":"2023-01-20T22:07:45","slug":"el-ballet-municipal-participara-en-cosquin-2023","status":"publish","type":"post","link":"https:\/\/www.hoymercedes.com.ar\/principal\/2023\/01\/20\/el-ballet-municipal-participara-en-cosquin-2023\/","title":{"rendered":"El Ballet Municipal participar\u00e1 en Cosqu\u00edn 2023"},"content":{"rendered":"\n<p>Por Prensa Municipal &#8211; El ballet municipal \u201cEstrella del Sur\u201d participar\u00e1 en la 63\u00b0 Festival Nacional de Folklore Cosqu\u00edn 2023, a trav\u00e9s del denominado \u201cPatio del Festival\u201d el cual se desarrollar\u00e1 del 21 al 29 de enero. Por lo que este jueves, desde el Palacio Municipal, el intendente Juan Ignacio Ustarroz junto al \u00e1rea de cultura hicieron entrega de un subsidio que ayuda a que este sue\u00f1o sea cumplido.<\/p>\n\n\n<div class=\"wp-block-image\">\n<figure class=\"aligncenter size-large\"><img loading=\"lazy\" decoding=\"async\" width=\"1024\" height=\"683\" data-attachment-id=\"157495\" data-permalink=\"https:\/\/www.hoymercedes.com.ar\/principal\/2023\/01\/20\/el-ballet-municipal-participara-en-cosquin-2023\/dsc04091\/#main\" data-orig-file=\"https:\/\/www.hoymercedes.com.ar\/principal\/wp-content\/uploads\/2023\/01\/DSC04091.jpg\" data-orig-size=\"1318,879\" data-comments-opened=\"0\" data-image-meta=\"{&quot;aperture&quot;:&quot;0&quot;,&quot;credit&quot;:&quot;&quot;,&quot;camera&quot;:&quot;&quot;,&quot;caption&quot;:&quot;&quot;,&quot;created_timestamp&quot;:&quot;0&quot;,&quot;copyright&quot;:&quot;&quot;,&quot;focal_length&quot;:&quot;0&quot;,&quot;iso&quot;:&quot;0&quot;,&quot;shutter_speed&quot;:&quot;0&quot;,&quot;title&quot;:&quot;&quot;,&quot;orientation&quot;:&quot;0&quot;}\" data-image-title=\"DSC04091\" data-image-description=\"\" data-image-caption=\"\" data-large-file=\"https:\/\/www.hoymercedes.com.ar\/principal\/wp-content\/uploads\/2023\/01\/DSC04091-1024x683.jpg\" src=\"https:\/\/www.hoymercedes.com.ar\/principal\/wp-content\/uploads\/2023\/01\/DSC04091-1024x683.jpg\" alt=\"\" class=\"wp-image-157495\" srcset=\"https:\/\/www.hoymercedes.com.ar\/principal\/wp-content\/uploads\/2023\/01\/DSC04091-1024x683.jpg 1024w, https:\/\/www.hoymercedes.com.ar\/principal\/wp-content\/uploads\/2023\/01\/DSC04091-630x420.jpg 630w, https:\/\/www.hoymercedes.com.ar\/principal\/wp-content\/uploads\/2023\/01\/DSC04091-150x100.jpg 150w, https:\/\/www.hoymercedes.com.ar\/principal\/wp-content\/uploads\/2023\/01\/DSC04091.jpg 1318w\" sizes=\"auto, (max-width: 1024px) 100vw, 1024px\" \/><\/figure>\n<\/div>\n\n\n<p>El intendente Juan Ignacio Ustarroz manifest\u00f3 \u201cquiero felicitar el gran trabajo de esta escuela donde claramente este es un reconocimiento, que la Comisi\u00f3n Municipal de Folklore de Cosqu\u00edn, nada m\u00e1s ni nada menos, haga esta convocatoria es valorar un trabajo extraordinario de mucho tiempo\u201d.<\/p>\n\n\n\n<p>En este sentido, Ustarroz se\u00f1al\u00f3 \u201ccreo que el arte y la cultura son muy importantes, es muy bueno para la ciudad que haya muchos espacios culturales, porque propician el encuentro, donde son espacios recreativos y se aprende. Y que estemos representados en Cosqu\u00edn, es algo realmente muy bueno, es tambi\u00e9n un incentivo para todos aquellos que quieran sumarse a las escuelas municipales, saber que adem\u00e1s del disfrute de la actividad, pueden estar estos premios y reconocimientos\u201d.<\/p>\n\n\n\n<p>Stella \u201cTete\u201d Betancour creadora de la Escuela Municipal de Danzas Nativas \u00abEstrella del Sur\u00bb remarc\u00f3 \u201cpara nosotros es valios\u00edsimo el apoyo del Municipio de Mercedes, del se\u00f1or intendente Juan Ignacio Ustarroz que siempre nos est\u00e1 apoyando e impulsando todo lo que tiene que ver con lo art\u00edstico, cultural y del folklore\u201d y agreg\u00f3 \u201cpara nosotros es un gran paso de acuerdo al nivel que hemos tenido durante el 2022, por lo que para nosotros es un orgullo y nos invita a seguir elevando el nivel de la disciplina en nuestra ciudad\u201d.<\/p>\n\n\n\n<p>A su vez, cont\u00f3 \u201cfuimos elegidos entre muchos ballets, cuerpos y grupos de danza. Mandamos nuestras presentaciones, videos, rese\u00f1as hist\u00f3ricas y fuimos seleccionados para participar del Patio del Festival\u201d y apunt\u00f3 \u201cnuestra presentaci\u00f3n ser\u00e1 el s\u00e1bado 21, el d\u00eda de apertura del festival\u201d.<\/p>\n\n\n\n<p>Jimena Rivas, quien es parte del \u00e1rea de Cultura manifest\u00f3 \u201cpara todos es un orgullo que la Escuela Municipal de Folklore \u201cEstrella del Sur\u201d puedan viajar y participar en esta convocatoria tan prestigiosa\u201d y a\u00f1adi\u00f3 \u201cesto forma parte de gran trabajo que se viene realizando hace a\u00f1os dentro de la escuela, como as\u00ed tambi\u00e9n, la decisi\u00f3n de nuestro intendente Juan Ignacio Ustarroz de continuar haciendo crecer este tipo de espacios y fortaleciendo el desarrollo art\u00edstico y educativo\u201d.<\/p>\n","protected":false},"excerpt":{"rendered":"<p>El ballet municipal \u201cEstrella del Sur\u201d participar\u00e1 en la 63\u00b0 Festival Nacional de Folklore Cosqu\u00edn 2023, a trav\u00e9s del denominado \u201cPatio del Festival\u201d el cual se desarrollar\u00e1 del 21 al 29 de enero.<\/p>\n","protected":false},"author":1,"featured_media":157495,"comment_status":"closed","ping_status":"open","sticky":false,"template":"","format":"standard","meta":{"_monsterinsights_skip_tracking":false,"_monsterinsights_sitenote_active":false,"_monsterinsights_sitenote_note":"","_monsterinsights_sitenote_category":0,"jetpack_post_was_ever_published":false,"_jetpack_newsletter_access":"","_jetpack_dont_email_post_to_subs":false,"_jetpack_newsletter_tier_id":0,"_jetpack_memberships_contains_paywalled_content":false,"_jetpack_memberships_contains_paid_content":false,"footnotes":"","jetpack_publicize_message":"","jetpack_publicize_feature_enabled":true,"jetpack_social_post_already_shared":true,"jetpack_social_options":{"image_generator_settings":{"template":"highway","default_image_id":0,"font":"","enabled":false},"version":2},"_wpas_customize_per_network":false},"categories":[104],"tags":[7805,244],"class_list":["post-157494","post","type-post","status-publish","format-standard","has-post-thumbnail","hentry","category-cultura","tag-cultura","tag-municipio-2","generate-columns","tablet-grid-50","mobile-grid-100","grid-parent","grid-50"],"jetpack_publicize_connections":[],"jetpack_featured_media_url":"https:\/\/www.hoymercedes.com.ar\/principal\/wp-content\/uploads\/2023\/01\/DSC04091.jpg","wps_subtitle":"","jetpack_sharing_enabled":true,"_links":{"self":[{"href":"https:\/\/www.hoymercedes.com.ar\/principal\/wp-json\/wp\/v2\/posts\/157494","targetHints":{"allow":["GET"]}}],"collection":[{"href":"https:\/\/www.hoymercedes.com.ar\/principal\/wp-json\/wp\/v2\/posts"}],"about":[{"href":"https:\/\/www.hoymercedes.com.ar\/principal\/wp-json\/wp\/v2\/types\/post"}],"author":[{"embeddable":true,"href":"https:\/\/www.hoymercedes.com.ar\/principal\/wp-json\/wp\/v2\/users\/1"}],"replies":[{"embeddable":true,"href":"https:\/\/www.hoymercedes.com.ar\/principal\/wp-json\/wp\/v2\/comments?post=157494"}],"version-history":[{"count":0,"href":"https:\/\/www.hoymercedes.com.ar\/principal\/wp-json\/wp\/v2\/posts\/157494\/revisions"}],"wp:featuredmedia":[{"embeddable":true,"href":"https:\/\/www.hoymercedes.com.ar\/principal\/wp-json\/wp\/v2\/media\/157495"}],"wp:attachment":[{"href":"https:\/\/www.hoymercedes.com.ar\/principal\/wp-json\/wp\/v2\/media?parent=157494"}],"wp:term":[{"taxonomy":"category","embeddable":true,"href":"https:\/\/www.hoymercedes.com.ar\/principal\/wp-json\/wp\/v2\/categories?post=157494"},{"taxonomy":"post_tag","embeddable":true,"href":"https:\/\/www.hoymercedes.com.ar\/principal\/wp-json\/wp\/v2\/tags?post=157494"}],"curies":[{"name":"wp","href":"https:\/\/api.w.org\/{rel}","templated":true}]}}