{"id":157543,"date":"2023-01-22T13:13:00","date_gmt":"2023-01-22T16:13:00","guid":{"rendered":"https:\/\/www.hoymercedes.com.ar\/principal\/?p=157543"},"modified":"2023-01-21T19:16:42","modified_gmt":"2023-01-21T22:16:42","slug":"defensores-invertira-lo-recaudado-por-show-de-la-renga-en-infraestructura","status":"publish","type":"post","link":"https:\/\/www.hoymercedes.com.ar\/principal\/2023\/01\/22\/defensores-invertira-lo-recaudado-por-show-de-la-renga-en-infraestructura\/","title":{"rendered":"Defensores invertir\u00e1 lo recaudado por show de La Renga en infraestructura"},"content":{"rendered":"\n<figure class=\"wp-block-image size-large is-resized\"><img loading=\"lazy\" decoding=\"async\" data-attachment-id=\"157544\" data-permalink=\"https:\/\/www.hoymercedes.com.ar\/principal\/2023\/01\/22\/defensores-invertira-lo-recaudado-por-show-de-la-renga-en-infraestructura\/defensores-1-2\/#main\" data-orig-file=\"https:\/\/www.hoymercedes.com.ar\/principal\/wp-content\/uploads\/2023\/01\/Defensores.1.jpg\" data-orig-size=\"1318,879\" data-comments-opened=\"0\" data-image-meta=\"{&quot;aperture&quot;:&quot;0&quot;,&quot;credit&quot;:&quot;&quot;,&quot;camera&quot;:&quot;&quot;,&quot;caption&quot;:&quot;&quot;,&quot;created_timestamp&quot;:&quot;0&quot;,&quot;copyright&quot;:&quot;&quot;,&quot;focal_length&quot;:&quot;0&quot;,&quot;iso&quot;:&quot;0&quot;,&quot;shutter_speed&quot;:&quot;0&quot;,&quot;title&quot;:&quot;&quot;,&quot;orientation&quot;:&quot;0&quot;}\" data-image-title=\"Defensores.1\" data-image-description=\"\" data-image-caption=\"\" data-large-file=\"https:\/\/www.hoymercedes.com.ar\/principal\/wp-content\/uploads\/2023\/01\/Defensores.1-1024x683.jpg\" src=\"https:\/\/www.hoymercedes.com.ar\/principal\/wp-content\/uploads\/2023\/01\/Defensores.1-1024x683.jpg\" alt=\"\" class=\"wp-image-157544\" width=\"959\" height=\"639\" srcset=\"https:\/\/www.hoymercedes.com.ar\/principal\/wp-content\/uploads\/2023\/01\/Defensores.1-1024x683.jpg 1024w, https:\/\/www.hoymercedes.com.ar\/principal\/wp-content\/uploads\/2023\/01\/Defensores.1-630x420.jpg 630w, https:\/\/www.hoymercedes.com.ar\/principal\/wp-content\/uploads\/2023\/01\/Defensores.1-150x100.jpg 150w, https:\/\/www.hoymercedes.com.ar\/principal\/wp-content\/uploads\/2023\/01\/Defensores.1-700x465.jpg 700w, https:\/\/www.hoymercedes.com.ar\/principal\/wp-content\/uploads\/2023\/01\/Defensores.1.jpg 1318w\" sizes=\"auto, (max-width: 959px) 100vw, 959px\" \/><\/figure>\n\n\n\n<p>Mauricio Gil, desde Club Defensores, expres\u00f3 que el show de La Renga \u201cnos ayud\u00f3 mucho a los clubes. Estuvo todo realmente muy bien, muy tranquilo\u201d manifest\u00f3<\/p>\n\n\n\n<p>Coment\u00f3 que \u201ctuvimos gente de Mendoza, San Lu\u00eds, La Pampa, ac\u00e1 cerca de Luj\u00e1n y Moreno, la verdad un excelente p\u00fablico al que le abrimos el predio, acamparon, estacionaron, utilizaron parrillas, consumieron en la cantina que preparamos para recibirlos\u201d especific\u00f3.<\/p>\n\n\n\n<p>Narr\u00f3 que \u201ccon lo recaudado vamos arreglar las canchas de 9 y 11, es decir, lo vamos a colocar en infraestructura para el club\u201d<\/p>\n\n\n\n<p>Respecto a la iniciativa especific\u00f3 que \u201ces algo muy bueno. No es de ahora, desde hace rato venimos trabajando en comunidad, solidariamente, siempre lo digo, sin la ayuda de Deportes, de la intendencia, ser\u00eda sumamente dif\u00edcil, nosotros no cobramos cuota, es todo a pulm\u00f3n, por eso estas acciones son sumamente importante\u201d cont\u00f3 el hist\u00f3rico dirigente de la instituci\u00f3n de calle 6 y 35.<\/p>\n\n\n\n<p>En Defensores se pudo ver c\u00f3mo las canchas se convirtieron en espacio de alojamiento de carpas y asistentes al show que, adem\u00e1s, en la ciudad dejaron un saldo muy positivo para el comercio, la gastronom\u00eda, la generaci\u00f3n de m\u00e1s de 300 empleos durante muchos d\u00edas en el armado y desarmado de las instalaciones y donde hubo muchos aspectos a corregir y que ya se tom\u00f3 nota desde el Ejecutivo a sabiendas que el beneficio para la sociedad fue finalmente positivo.<\/p>\n","protected":false},"excerpt":{"rendered":"<p>Mauricio Gil, desde Club Defensores, expres\u00f3 que el show de La Renga \u201cnos ayud\u00f3 mucho a los clubes. Estuvo todo &#8230; <a title=\"Defensores invertir\u00e1 lo recaudado por show de La Renga en infraestructura\" class=\"read-more\" href=\"https:\/\/www.hoymercedes.com.ar\/principal\/2023\/01\/22\/defensores-invertira-lo-recaudado-por-show-de-la-renga-en-infraestructura\/\" aria-label=\"Leer m\u00e1s sobre Defensores invertir\u00e1 lo recaudado por show de La Renga en infraestructura\">Leer m\u00e1s<\/a><\/p>\n","protected":false},"author":1,"featured_media":157545,"comment_status":"closed","ping_status":"open","sticky":false,"template":"","format":"standard","meta":{"_monsterinsights_skip_tracking":false,"_monsterinsights_sitenote_active":false,"_monsterinsights_sitenote_note":"","_monsterinsights_sitenote_category":0,"jetpack_post_was_ever_published":false,"_jetpack_newsletter_access":"","_jetpack_dont_email_post_to_subs":false,"_jetpack_newsletter_tier_id":0,"_jetpack_memberships_contains_paywalled_content":false,"_jetpack_memberships_contains_paid_content":false,"footnotes":"","jetpack_publicize_message":"","jetpack_publicize_feature_enabled":true,"jetpack_social_post_already_shared":true,"jetpack_social_options":{"image_generator_settings":{"template":"highway","default_image_id":0,"font":"","enabled":false},"version":2},"_wpas_customize_per_network":false},"categories":[21],"tags":[7333,10892,14313,4137,18639],"class_list":["post-157543","post","type-post","status-publish","format-standard","has-post-thumbnail","hentry","category-deportes","tag-club-defensores","tag-defensores","tag-direccion-de-deportes-2","tag-la-renga","tag-la-renga-en-mercedes","generate-columns","tablet-grid-50","mobile-grid-100","grid-parent","grid-50"],"jetpack_publicize_connections":[],"jetpack_featured_media_url":"https:\/\/www.hoymercedes.com.ar\/principal\/wp-content\/uploads\/2023\/01\/Defensores.2.jpg","wps_subtitle":"Solidaridad e instituciones","jetpack_sharing_enabled":true,"_links":{"self":[{"href":"https:\/\/www.hoymercedes.com.ar\/principal\/wp-json\/wp\/v2\/posts\/157543","targetHints":{"allow":["GET"]}}],"collection":[{"href":"https:\/\/www.hoymercedes.com.ar\/principal\/wp-json\/wp\/v2\/posts"}],"about":[{"href":"https:\/\/www.hoymercedes.com.ar\/principal\/wp-json\/wp\/v2\/types\/post"}],"author":[{"embeddable":true,"href":"https:\/\/www.hoymercedes.com.ar\/principal\/wp-json\/wp\/v2\/users\/1"}],"replies":[{"embeddable":true,"href":"https:\/\/www.hoymercedes.com.ar\/principal\/wp-json\/wp\/v2\/comments?post=157543"}],"version-history":[{"count":0,"href":"https:\/\/www.hoymercedes.com.ar\/principal\/wp-json\/wp\/v2\/posts\/157543\/revisions"}],"wp:featuredmedia":[{"embeddable":true,"href":"https:\/\/www.hoymercedes.com.ar\/principal\/wp-json\/wp\/v2\/media\/157545"}],"wp:attachment":[{"href":"https:\/\/www.hoymercedes.com.ar\/principal\/wp-json\/wp\/v2\/media?parent=157543"}],"wp:term":[{"taxonomy":"category","embeddable":true,"href":"https:\/\/www.hoymercedes.com.ar\/principal\/wp-json\/wp\/v2\/categories?post=157543"},{"taxonomy":"post_tag","embeddable":true,"href":"https:\/\/www.hoymercedes.com.ar\/principal\/wp-json\/wp\/v2\/tags?post=157543"}],"curies":[{"name":"wp","href":"https:\/\/api.w.org\/{rel}","templated":true}]}}