{"id":157586,"date":"2023-01-23T18:05:00","date_gmt":"2023-01-23T21:05:00","guid":{"rendered":"https:\/\/www.hoymercedes.com.ar\/principal\/?p=157586"},"modified":"2023-01-23T15:09:45","modified_gmt":"2023-01-23T18:09:45","slug":"club-union-presento-su-cuerpo-tecnico","status":"publish","type":"post","link":"https:\/\/www.hoymercedes.com.ar\/principal\/2023\/01\/23\/club-union-presento-su-cuerpo-tecnico\/","title":{"rendered":"Club Uni\u00f3n present\u00f3 su cuerpo t\u00e9cnico\u00a0"},"content":{"rendered":"\n<p><strong><em>Desde sus redes sociales, dieron a conocer los nombres de cara a lo que se viene. Adem\u00e1s, la pretemporada ya tiene fecha de inicio para todas las categor\u00edas.\u00a0<\/em><\/strong><\/p>\n\n\n<div class=\"wp-block-image\">\n<figure class=\"aligncenter size-full is-resized\"><img loading=\"lazy\" decoding=\"async\" data-attachment-id=\"157583\" data-permalink=\"https:\/\/www.hoymercedes.com.ar\/principal\/2023\/01\/24\/prevencion-del-botulismo-en-el-consumo-de-conservas-y-envasados\/union-2301\/#main\" data-orig-file=\"https:\/\/www.hoymercedes.com.ar\/principal\/wp-content\/uploads\/2023\/01\/union-2301.jpeg\" data-orig-size=\"494,373\" data-comments-opened=\"0\" data-image-meta=\"{&quot;aperture&quot;:&quot;0&quot;,&quot;credit&quot;:&quot;&quot;,&quot;camera&quot;:&quot;&quot;,&quot;caption&quot;:&quot;&quot;,&quot;created_timestamp&quot;:&quot;0&quot;,&quot;copyright&quot;:&quot;&quot;,&quot;focal_length&quot;:&quot;0&quot;,&quot;iso&quot;:&quot;0&quot;,&quot;shutter_speed&quot;:&quot;0&quot;,&quot;title&quot;:&quot;&quot;,&quot;orientation&quot;:&quot;0&quot;}\" data-image-title=\"union 2301\" data-image-description=\"\" data-image-caption=\"\" data-large-file=\"https:\/\/www.hoymercedes.com.ar\/principal\/wp-content\/uploads\/2023\/01\/union-2301.jpeg\" src=\"https:\/\/www.hoymercedes.com.ar\/principal\/wp-content\/uploads\/2023\/01\/union-2301.jpeg\" alt=\"\" class=\"wp-image-157583\" width=\"574\" height=\"433\" srcset=\"https:\/\/www.hoymercedes.com.ar\/principal\/wp-content\/uploads\/2023\/01\/union-2301.jpeg 494w, https:\/\/www.hoymercedes.com.ar\/principal\/wp-content\/uploads\/2023\/01\/union-2301-150x113.jpeg 150w\" sizes=\"auto, (max-width: 574px) 100vw, 574px\" \/><figcaption class=\"wp-element-caption\">Uni\u00f3n present\u00f3 su cuerpo t\u00e9cnico para la infanto juvenil.\u00a0<\/figcaption><\/figure>\n<\/div>\n\n\n<p>Otro de los clubes que parece estar listo para iniciar con la temporada 2023 para el f\u00fatbol infantil es el Club Recreativo Uni\u00f3n.&nbsp;<\/p>\n\n\n\n<p>Desde sus redes sociales, dieron a conocer como estar\u00e1 conformado el cuerpo t\u00e9cnico de cara a lo que se viene y a la espera de comenzar con las actividades.&nbsp;<\/p>\n\n\n\n<p>Para este a\u00f1o, Uni\u00f3n tendr\u00e1 en el banco de suplentes los siguientes nombres:&nbsp;<\/p>\n\n\n\n<p>\u2022 Categor\u00eda 2009: Ramiro Zeballos\u00a0\u00a0<\/p>\n\n\n\n<p>\u2022 Categor\u00eda 2008 \/5ta: Diego Ludue\u00f1a\u00a0\u00a0<\/p>\n\n\n\n<p>\u2022 Categor\u00eda 2010\/ 2011: Miguel Lopez\u00a0<\/p>\n\n\n\n<p>Coordinador de Juveniles: Pablo Flores.&nbsp;<\/p>\n\n\n\n<p>\u2022 Categor\u00eda 2012\u00a0: Braian Toranza\u00a0<\/p>\n\n\n\n<p>\u2022 Categor\u00eda 2013\/2014: Juan Pablo Garcia\u00a0\u00a0<\/p>\n\n\n\n<p>\u2022 Categor\u00eda 2014\/2015\u00a0: Alejo\u00a0 Bertera\u00a0\u00a0<\/p>\n\n\n\n<p>Coordinador de Infantiles: Marcelo Longarelo.&nbsp;<\/p>\n\n\n\n<p><strong>Con fecha de inicio<\/strong>\u00a0<br>En tanto, tambi\u00e9n anunciaron el comienzo de los entrenamientos tanto en su campo de deportes ubicado en el Acceso Sur como en la sede de 103 y 28.\u00a0<\/p>\n\n\n\n<p>La fecha inicial ser\u00e1 el pr\u00f3ximo 6 de febrero con las categor\u00edas 2015\/2014 (en la sede) y 2011 \/2010 (en el campo de deportes).&nbsp;<\/p>\n\n\n\n<p>Al d\u00eda siguiente ser\u00e1 el turno de 2013\/2012 (en la sede) y 2009\/2008 y 5ta en el campo de deportes.&nbsp;<\/p>\n\n\n\n<p><\/p>\n\n\n\n<p><\/p>\n","protected":false},"excerpt":{"rendered":"<p>Desde sus redes sociales, dieron a conocer los nombres de cara a lo que se viene. Adem\u00e1s, la pretemporada ya &#8230; <a title=\"Club Uni\u00f3n present\u00f3 su cuerpo t\u00e9cnico\u00a0\" class=\"read-more\" href=\"https:\/\/www.hoymercedes.com.ar\/principal\/2023\/01\/23\/club-union-presento-su-cuerpo-tecnico\/\" aria-label=\"Leer m\u00e1s sobre Club Uni\u00f3n present\u00f3 su cuerpo t\u00e9cnico\u00a0\">Leer m\u00e1s<\/a><\/p>\n","protected":false},"author":1,"featured_media":157583,"comment_status":"closed","ping_status":"open","sticky":false,"template":"","format":"standard","meta":{"_monsterinsights_skip_tracking":false,"_monsterinsights_sitenote_active":false,"_monsterinsights_sitenote_note":"","_monsterinsights_sitenote_category":0,"jetpack_post_was_ever_published":false,"_jetpack_newsletter_access":"","_jetpack_dont_email_post_to_subs":false,"_jetpack_newsletter_tier_id":0,"_jetpack_memberships_contains_paywalled_content":false,"_jetpack_memberships_contains_paid_content":false,"footnotes":"","jetpack_publicize_message":"","jetpack_publicize_feature_enabled":true,"jetpack_social_post_already_shared":true,"jetpack_social_options":{"image_generator_settings":{"template":"highway","default_image_id":0,"font":"","enabled":false},"version":2},"_wpas_customize_per_network":false},"categories":[8],"tags":[204],"class_list":["post-157586","post","type-post","status-publish","format-standard","has-post-thumbnail","hentry","category-sociedad","tag-deportes-2","generate-columns","tablet-grid-50","mobile-grid-100","grid-parent","grid-50"],"jetpack_publicize_connections":[],"jetpack_featured_media_url":"https:\/\/www.hoymercedes.com.ar\/principal\/wp-content\/uploads\/2023\/01\/union-2301.jpeg","wps_subtitle":"Futbol infanto juvenil ","jetpack_sharing_enabled":true,"_links":{"self":[{"href":"https:\/\/www.hoymercedes.com.ar\/principal\/wp-json\/wp\/v2\/posts\/157586","targetHints":{"allow":["GET"]}}],"collection":[{"href":"https:\/\/www.hoymercedes.com.ar\/principal\/wp-json\/wp\/v2\/posts"}],"about":[{"href":"https:\/\/www.hoymercedes.com.ar\/principal\/wp-json\/wp\/v2\/types\/post"}],"author":[{"embeddable":true,"href":"https:\/\/www.hoymercedes.com.ar\/principal\/wp-json\/wp\/v2\/users\/1"}],"replies":[{"embeddable":true,"href":"https:\/\/www.hoymercedes.com.ar\/principal\/wp-json\/wp\/v2\/comments?post=157586"}],"version-history":[{"count":0,"href":"https:\/\/www.hoymercedes.com.ar\/principal\/wp-json\/wp\/v2\/posts\/157586\/revisions"}],"wp:featuredmedia":[{"embeddable":true,"href":"https:\/\/www.hoymercedes.com.ar\/principal\/wp-json\/wp\/v2\/media\/157583"}],"wp:attachment":[{"href":"https:\/\/www.hoymercedes.com.ar\/principal\/wp-json\/wp\/v2\/media?parent=157586"}],"wp:term":[{"taxonomy":"category","embeddable":true,"href":"https:\/\/www.hoymercedes.com.ar\/principal\/wp-json\/wp\/v2\/categories?post=157586"},{"taxonomy":"post_tag","embeddable":true,"href":"https:\/\/www.hoymercedes.com.ar\/principal\/wp-json\/wp\/v2\/tags?post=157586"}],"curies":[{"name":"wp","href":"https:\/\/api.w.org\/{rel}","templated":true}]}}