{"id":15764,"date":"2012-09-03T02:40:56","date_gmt":"2012-09-03T02:40:56","guid":{"rendered":"http:\/\/www.hoymercedes.com.ar\/principal\/?p=15764"},"modified":"2012-09-03T02:41:15","modified_gmt":"2012-09-03T02:41:15","slug":"se-conocen-detalles-del-viaje-de-selva-a-brasil","status":"publish","type":"post","link":"https:\/\/www.hoymercedes.com.ar\/principal\/2012\/09\/03\/se-conocen-detalles-del-viaje-de-selva-a-brasil\/","title":{"rendered":"Se conocen detalles del viaje de Selva a Brasil"},"content":{"rendered":"<p style=\"text-align: justify;\"><a href=\"https:\/\/www.hoymercedes.com.ar\/principal\/wp-content\/uploads\/2012\/09\/Selva-Brasil.jpg\"><img loading=\"lazy\" decoding=\"async\" data-attachment-id=\"15766\" data-permalink=\"https:\/\/www.hoymercedes.com.ar\/principal\/2012\/09\/03\/se-conocen-detalles-del-viaje-de-selva-a-brasil\/selva-brasil\/#main\" data-orig-file=\"https:\/\/www.hoymercedes.com.ar\/principal\/wp-content\/uploads\/2012\/09\/Selva-Brasil.jpg\" data-orig-size=\"614,411\" data-comments-opened=\"1\" data-image-meta=\"{&quot;aperture&quot;:&quot;2.8&quot;,&quot;credit&quot;:&quot;&quot;,&quot;camera&quot;:&quot;NIKON D80&quot;,&quot;caption&quot;:&quot;&quot;,&quot;created_timestamp&quot;:&quot;1345818343&quot;,&quot;copyright&quot;:&quot;&quot;,&quot;focal_length&quot;:&quot;24&quot;,&quot;iso&quot;:&quot;320&quot;,&quot;shutter_speed&quot;:&quot;0.02&quot;,&quot;title&quot;:&quot;&quot;}\" data-image-title=\"Selva-Brasil\" data-image-description=\"\" data-image-caption=\"\" data-large-file=\"https:\/\/www.hoymercedes.com.ar\/principal\/wp-content\/uploads\/2012\/09\/Selva-Brasil.jpg\" class=\"aligncenter size-full wp-image-15766\" title=\"Selva-Brasil\" src=\"https:\/\/www.hoymercedes.com.ar\/principal\/wp-content\/uploads\/2012\/09\/Selva-Brasil.jpg\" alt=\"\" width=\"614\" height=\"411\" \/><\/a><\/p>\n<p style=\"text-align: justify;\">El intendente Carlos Selva llev\u00f3 adelante una visita a la ciudad de R\u00edo de Janeiro, junto a un grupo de intendentes en representaci\u00f3n de la provincia, e intercambi\u00f3 experiencias con alcalde y gobernador de esta ciudad en materias trascendentales como tratamiento de residuos y seguridad.<\/p>\n<p style=\"text-align: justify;\">El primer mandatario mercedino visit\u00f3 la ciudad de R\u00edo de Janeiro, como parte de una comitiva integrada por otros intendentes bonaerenses: San Miguel, Hurlingham, San Fernando, General Villegas, Alvarado y Tigre.<\/p>\n<p style=\"text-align: justify;\">Recorrieron la Compa\u00f1\u00eda Municipal de Limpieza Urbana (COMLURB), la favela Chapeu Mangeira urbanizada por la Prefectura de R\u00edo, el trabajo de la Unidad de Polic\u00eda Pacificadora y un centro de operaciones de R\u00edo de Janeiro desde donde se monitorean las c\u00e1maras de seguridad y se gestiona el sistema de emergencias de la ciudad. \u201cEsta visita fue muy importante para los intendentes; nos sirvi\u00f3 mucho. Ya en las reuniones de trabajo posteriores a las visitas de los diferentes lugares empezamos a charlar sobre c\u00f3mo llevar adelante algunas de estas pol\u00edticas del estado brasile\u00f1o en nuestros municipios. Siempre hay que tener en cuenta que no existe comparaci\u00f3n entre esta ciudad enorme y nuestros municipios\u201d, dijo el intendente Selva a su regreso.<\/p>\n<p style=\"text-align: justify;\">El gran protagonista y l\u00edder de la visita a la ciudad brasile\u00f1a fue el intendente de Tigre, Sergio Massa, quien realiz\u00f3 declaraciones sobre el viaje. \u00abLa pol\u00edtica pierde demasiado tiempo con temas que no interesan a la sociedad. Lo que quiere la gente es vernos resolviendo los problemas y nuestra \u00fanica ideolog\u00eda es resolver los problemas de la gente\u00bb, asegur\u00f3 Massa.<\/p>\n<p style=\"text-align: justify;\"><a href=\"https:\/\/www.hoymercedes.com.ar\/principal\/wp-content\/uploads\/2012\/09\/Selva-Brasil-B.jpg\"><img loading=\"lazy\" decoding=\"async\" data-attachment-id=\"15767\" data-permalink=\"https:\/\/www.hoymercedes.com.ar\/principal\/2012\/09\/03\/se-conocen-detalles-del-viaje-de-selva-a-brasil\/selva-brasil-b\/#main\" data-orig-file=\"https:\/\/www.hoymercedes.com.ar\/principal\/wp-content\/uploads\/2012\/09\/Selva-Brasil-B.jpg\" data-orig-size=\"614,461\" data-comments-opened=\"1\" data-image-meta=\"{&quot;aperture&quot;:&quot;2.4&quot;,&quot;credit&quot;:&quot;&quot;,&quot;camera&quot;:&quot;iPhone 4S&quot;,&quot;caption&quot;:&quot;&quot;,&quot;created_timestamp&quot;:&quot;1339411030&quot;,&quot;copyright&quot;:&quot;&quot;,&quot;focal_length&quot;:&quot;4.28&quot;,&quot;iso&quot;:&quot;100&quot;,&quot;shutter_speed&quot;:&quot;0.05&quot;,&quot;title&quot;:&quot;&quot;}\" data-image-title=\"Selva-Brasil-B\" data-image-description=\"\" data-image-caption=\"\" data-large-file=\"https:\/\/www.hoymercedes.com.ar\/principal\/wp-content\/uploads\/2012\/09\/Selva-Brasil-B.jpg\" class=\"aligncenter size-full wp-image-15767\" title=\"Selva-Brasil-B\" src=\"https:\/\/www.hoymercedes.com.ar\/principal\/wp-content\/uploads\/2012\/09\/Selva-Brasil-B.jpg\" alt=\"\" width=\"614\" height=\"461\" srcset=\"https:\/\/www.hoymercedes.com.ar\/principal\/wp-content\/uploads\/2012\/09\/Selva-Brasil-B.jpg 614w, https:\/\/www.hoymercedes.com.ar\/principal\/wp-content\/uploads\/2012\/09\/Selva-Brasil-B-300x225.jpg 300w\" sizes=\"auto, (max-width: 614px) 100vw, 614px\" \/><\/a><\/p>\n<p style=\"text-align: justify;\">A prop\u00f3sito de la visita de los intendentes al Centro de Monitoreo de la Prefectura de R\u00edo de Janeiro, Selva enfatiz\u00f3 el trabajo que se hace en esta \u00e1rea. \u201cEl centro de monitoreo para ellos va m\u00e1s all\u00e1 de la cuesti\u00f3n de seguridad, ellos lo aplican en forma m\u00e1s integral y les ayuda en otros aspectos de la vida de la ciudad. Nosotros hoy en la ciudad tenemos 30 c\u00e1maras funcionando y en poco tiempo vamos a tener 17 m\u00e1s, gracias al esfuerzo que estamos haciendo\u201d, dijo el primer mandatario mercedino.<\/p>\n<p style=\"text-align: justify;\">Tambi\u00e9n destac\u00f3 la inversi\u00f3n en tecnolog\u00eda y seguridad como prioritarios ya que \u201clos presupuestos definen para un gobernante lo que es prioritario, por eso invertimos en seguridad\u201d.<\/p>\n<p style=\"text-align: justify;\">En la favela Chapeu Mangeira los jefes comunales compartieron el trabajo de la prefectura de R\u00edo, las mejoras de los accesos e infraestructura con arquitectura sustentable para la integraci\u00f3n de asentamientos precarios e informales. All\u00ed recorrieron los trabajos de urbanismo con elementos de sustentabilidad, como el revestimiento vegetal de taludes, contenedores ecol\u00f3gicos, decks de madera pl\u00e1stica reciclada, paneles solares y recolecci\u00f3n selectiva.<\/p>\n<p style=\"text-align: justify;\">\u201cEl tema ambiental no tiene muchos secretos y tiene que haber una fuerte decisi\u00f3n pol\u00edtica para llevarlo adelante. Ellos tienen una gran conciencia como sociedad sobre c\u00f3mo manejarse con el tema de los residuos en esa gran urbe, en especial con las poblaciones que viven en los morros. En R\u00edo hacen una gran inversi\u00f3n y esa es la clave\u201d, dijo Selva.<\/p>\n<p style=\"text-align: justify;\">En el Centro de Operaciones de R\u00edo de Janeiro los intendentes compartieron el trabajo en materia de gesti\u00f3n y tecnolog\u00eda para responder a los problemas que surgen en la ciudad, de una forma r\u00e1pida y eficiente. El centro re\u00fane informaci\u00f3n de una treintena de organismos p\u00fablicos, incluyendo datos sobre tr\u00e1fico, seguridad y salud.<\/p>\n<p style=\"text-align: justify;\">Es as\u00ed como el Centro de Operaciones de R\u00edo se ajusta a la estrategia global de ciudades inteligentes. Los intendentes analizaron el sistema de emergencias, c\u00f3mo se trabaja en la integraci\u00f3n de varios departamentos de gobierno con el fin de mejorar la seguridad de la ciudad, as\u00ed como la creaci\u00f3n de un sistema de alertas en el caso de posibles inundaciones o cat\u00e1strofes naturales para actuar de manera r\u00e1pida ante tales emergencias mediante el uso de las comunicaciones v\u00eda m\u00f3vil, incluidas las notificaciones autom\u00e1ticas por correo electr\u00f3nico y mensajer\u00eda instant\u00e1nea, manteniendo informados a todos los departamentos y a los ciudadanos.<\/p>\n<p style=\"text-align: justify;\">Adem\u00e1s los intendentes fueron agasajados por Gobernador de R\u00edo de Janeiro, Sergio Cabral, en el Palacio Guanabara donde trataron temas de gesti\u00f3n p\u00fablica y planificaci\u00f3n estrat\u00e9gica. \u201cEsta ha sido una gran experiencia para nosotros porque podemos compartir programas y proyectos para solucionar las prioridades de la gente. Analizar c\u00f3mo se organiza una gran ciudad para responder a la necesidad con inversiones en seguridad, medio ambiente e inclusi\u00f3n con la pacificaci\u00f3n de favelas y ver el nivel de ejecutividad cuando hay voluntad, es muy importante\u201d, asegur\u00f3 el intendente Carlos Selva sobre el final de su racconto en el viaje a R\u00edo de Janeiro junto con otros intendentes bonaerenses.<\/p>\n","protected":false},"excerpt":{"rendered":"<p>El intendente Carlos Selva llev\u00f3 adelante una visita a la ciudad de R\u00edo de Janeiro, junto a un grupo de &#8230; <a title=\"Se conocen detalles del viaje de Selva a Brasil\" class=\"read-more\" href=\"https:\/\/www.hoymercedes.com.ar\/principal\/2012\/09\/03\/se-conocen-detalles-del-viaje-de-selva-a-brasil\/\" aria-label=\"Leer m\u00e1s sobre Se conocen detalles del viaje de Selva a Brasil\">Leer m\u00e1s<\/a><\/p>\n","protected":false},"author":1,"featured_media":0,"comment_status":"open","ping_status":"open","sticky":false,"template":"","format":"standard","meta":{"_monsterinsights_skip_tracking":false,"_monsterinsights_sitenote_active":false,"_monsterinsights_sitenote_note":"","_monsterinsights_sitenote_category":0,"jetpack_post_was_ever_published":false,"_jetpack_newsletter_access":"","_jetpack_dont_email_post_to_subs":false,"_jetpack_newsletter_tier_id":0,"_jetpack_memberships_contains_paywalled_content":false,"_jetpack_memberships_contains_paid_content":false,"footnotes":"","jetpack_publicize_message":"","jetpack_publicize_feature_enabled":true,"jetpack_social_post_already_shared":false,"jetpack_social_options":{"image_generator_settings":{"template":"highway","default_image_id":0,"font":"","enabled":false},"version":2},"_wpas_customize_per_network":false},"categories":[5],"tags":[39,2684],"class_list":["post-15764","post","type-post","status-publish","format-standard","hentry","category-politica","tag-carlos-selva","tag-sergio-massa","generate-columns","tablet-grid-50","mobile-grid-100","grid-parent","grid-50"],"jetpack_publicize_connections":[],"jetpack_featured_media_url":"","wps_subtitle":"","jetpack_sharing_enabled":true,"_links":{"self":[{"href":"https:\/\/www.hoymercedes.com.ar\/principal\/wp-json\/wp\/v2\/posts\/15764","targetHints":{"allow":["GET"]}}],"collection":[{"href":"https:\/\/www.hoymercedes.com.ar\/principal\/wp-json\/wp\/v2\/posts"}],"about":[{"href":"https:\/\/www.hoymercedes.com.ar\/principal\/wp-json\/wp\/v2\/types\/post"}],"author":[{"embeddable":true,"href":"https:\/\/www.hoymercedes.com.ar\/principal\/wp-json\/wp\/v2\/users\/1"}],"replies":[{"embeddable":true,"href":"https:\/\/www.hoymercedes.com.ar\/principal\/wp-json\/wp\/v2\/comments?post=15764"}],"version-history":[{"count":0,"href":"https:\/\/www.hoymercedes.com.ar\/principal\/wp-json\/wp\/v2\/posts\/15764\/revisions"}],"wp:attachment":[{"href":"https:\/\/www.hoymercedes.com.ar\/principal\/wp-json\/wp\/v2\/media?parent=15764"}],"wp:term":[{"taxonomy":"category","embeddable":true,"href":"https:\/\/www.hoymercedes.com.ar\/principal\/wp-json\/wp\/v2\/categories?post=15764"},{"taxonomy":"post_tag","embeddable":true,"href":"https:\/\/www.hoymercedes.com.ar\/principal\/wp-json\/wp\/v2\/tags?post=15764"}],"curies":[{"name":"wp","href":"https:\/\/api.w.org\/{rel}","templated":true}]}}