{"id":157660,"date":"2023-01-25T11:46:00","date_gmt":"2023-01-25T14:46:00","guid":{"rendered":"https:\/\/www.hoymercedes.com.ar\/principal\/?p=157660"},"modified":"2023-01-25T18:54:47","modified_gmt":"2023-01-25T21:54:47","slug":"entregan-grupos-electroginos-para-instituciones","status":"publish","type":"post","link":"https:\/\/www.hoymercedes.com.ar\/principal\/2023\/01\/25\/entregan-grupos-electroginos-para-instituciones\/","title":{"rendered":"Entregan grupos electr\u00f3ginos para instituciones"},"content":{"rendered":"\n<p>El Municipio de Mercedes gestion\u00f3 mediante el Estado Nacional la recepci\u00f3n de m\u00e1s de un centenar de grupos electr\u00f3genos que ser\u00e1n distribuidos en clubes, instituciones educativas, sociedades de fomento y dependencias municipales. <\/p>\n\n\n<div class=\"wp-block-image\">\n<figure class=\"aligncenter size-full\"><img loading=\"lazy\" decoding=\"async\" width=\"800\" height=\"533\" data-attachment-id=\"157661\" data-permalink=\"https:\/\/www.hoymercedes.com.ar\/principal\/2023\/01\/25\/entregan-grupos-electroginos-para-instituciones\/327110784_550672083790963_4099015261286745692_n\/#main\" data-orig-file=\"https:\/\/www.hoymercedes.com.ar\/principal\/wp-content\/uploads\/2023\/01\/327110784_550672083790963_4099015261286745692_n.jpg\" data-orig-size=\"800,533\" data-comments-opened=\"0\" data-image-meta=\"{&quot;aperture&quot;:&quot;0&quot;,&quot;credit&quot;:&quot;&quot;,&quot;camera&quot;:&quot;&quot;,&quot;caption&quot;:&quot;&quot;,&quot;created_timestamp&quot;:&quot;0&quot;,&quot;copyright&quot;:&quot;&quot;,&quot;focal_length&quot;:&quot;0&quot;,&quot;iso&quot;:&quot;0&quot;,&quot;shutter_speed&quot;:&quot;0&quot;,&quot;title&quot;:&quot;&quot;,&quot;orientation&quot;:&quot;0&quot;}\" data-image-title=\"327110784_550672083790963_4099015261286745692_n\" data-image-description=\"\" data-image-caption=\"\" data-large-file=\"https:\/\/www.hoymercedes.com.ar\/principal\/wp-content\/uploads\/2023\/01\/327110784_550672083790963_4099015261286745692_n.jpg\" src=\"https:\/\/www.hoymercedes.com.ar\/principal\/wp-content\/uploads\/2023\/01\/327110784_550672083790963_4099015261286745692_n.jpg\" alt=\"\" class=\"wp-image-157661\" srcset=\"https:\/\/www.hoymercedes.com.ar\/principal\/wp-content\/uploads\/2023\/01\/327110784_550672083790963_4099015261286745692_n.jpg 800w, https:\/\/www.hoymercedes.com.ar\/principal\/wp-content\/uploads\/2023\/01\/327110784_550672083790963_4099015261286745692_n-630x420.jpg 630w, https:\/\/www.hoymercedes.com.ar\/principal\/wp-content\/uploads\/2023\/01\/327110784_550672083790963_4099015261286745692_n-150x100.jpg 150w, https:\/\/www.hoymercedes.com.ar\/principal\/wp-content\/uploads\/2023\/01\/327110784_550672083790963_4099015261286745692_n-700x465.jpg 700w\" sizes=\"auto, (max-width: 800px) 100vw, 800px\" \/><\/figure>\n<\/div>\n\n\n<p>\u00abLa Subsecretaria de Asuntos Pol\u00edticos a trav\u00e9s de la Aduana gestionan mercader\u00eda que ha querido ser ingresada al pa\u00eds de manera ilegal. La cual se incauta y luego se le da un fin social, para que puedan ser utilizados por aquellos que lo necesitan\u00bb, explican desde el Municipio de Mercedes. \u00a0<\/p>\n\n\n\n<p>El intendente Juan Ignacio Ustarroz manifest\u00f3 \u201cla verdad que muy agradecidos por la articulaci\u00f3n y el trabajo con los municipios en general y en particular con nosotros, la ciudad de Mercedes\u201d. \u00a0<\/p>\n\n\n\n<p>Asimismo, el intendente Ustarroz se\u00f1al\u00f3 \u201chemos recibido estos generadores que son muy importantes para nuestra ciudad porque, por un lado, para lo que es servicios p\u00fablicos en el trabajo diario viene muy bien, y por otro, nosotros vamos a articular con las instituciones de nuestra ciudad, como los clubes, las escuelas, para poder proveerlos de estas herramientas para que cuando haya alg\u00fan corte de luz o no haya servicio de luz en alguna zona sirven para brindar el mismo\u201d. <\/p>\n\n\n\n<p>\u201cEstamos muy contentos, esta es una tanda de generadores muy importantes que estamos recibiendo y creo que es una gran iniciativa, cuando nos hablaron sobre esta inquietud, lo gestionamos lo m\u00e1s r\u00e1pido posible y en menos de 20 d\u00edas estaban las condiciones, por lo que hoy ya llegaron a destino\u201d afirm\u00f3 Ustarroz. \u00a0<\/p>\n\n\n\n<p><strong>Naci\u00f3n &nbsp;<\/strong><\/p>\n\n\n\n<p>Por su parte, Nicol\u00e1s Ritacco, Subsecretario de Asuntos Pol\u00edticos, quien estuvo a cargo de la entrega de estos grupos electr\u00f3genos expres\u00f3 \u201ces muy importante recalcar que estos rezagos de aduana es todo aquellos que se intenta ingresar de forma ilegal al pa\u00eds o que no tiene su documentaci\u00f3n en orden, esto se confisca, y por decisi\u00f3n pol\u00edtica, se pone a disposici\u00f3n de la comunidad, de la gente y las instituciones\u201d. <\/p>\n\n\n\n<p>A lo que agreg\u00f3 \u201cesto coordinado con municipios que creemos son muy eficaces, que funcionan bien, que saben d\u00f3nde est\u00e1 la necesidad y donde pueden ser mejor utilizados, como es el caso del Municipio de Mercedes\u201d. \u00a0<\/p>\n\n\n\n<p>\u201cEn este caso estamos acercando m\u00e1s de cien grupos electr\u00f3genos \u2013generadores de energ\u00eda- para, junto al Municipio de Mercedes, fortalecer instituciones que creemos son clave en la comunidad\u201d asegur\u00f3 Ritacco. &nbsp;<\/p>\n","protected":false},"excerpt":{"rendered":"<p>El Municipio de Mercedes gestion\u00f3 mediante el Estado Nacional la recepci\u00f3n de m\u00e1s de un centenar de grupos electr\u00f3genos que ser\u00e1n distribuidos en clubes, instituciones educativas, sociedades de fomento y dependencias municipales. <\/p>\n","protected":false},"author":1,"featured_media":157661,"comment_status":"closed","ping_status":"open","sticky":false,"template":"","format":"standard","meta":{"_monsterinsights_skip_tracking":false,"_monsterinsights_sitenote_active":false,"_monsterinsights_sitenote_note":"","_monsterinsights_sitenote_category":0,"jetpack_post_was_ever_published":false,"_jetpack_newsletter_access":"","_jetpack_dont_email_post_to_subs":false,"_jetpack_newsletter_tier_id":0,"_jetpack_memberships_contains_paywalled_content":false,"_jetpack_memberships_contains_paid_content":false,"footnotes":"","jetpack_publicize_message":"","jetpack_publicize_feature_enabled":true,"jetpack_social_post_already_shared":true,"jetpack_social_options":{"image_generator_settings":{"template":"highway","default_image_id":0,"font":"","enabled":false},"version":2},"_wpas_customize_per_network":false},"categories":[8],"tags":[],"class_list":["post-157660","post","type-post","status-publish","format-standard","has-post-thumbnail","hentry","category-sociedad","generate-columns","tablet-grid-50","mobile-grid-100","grid-parent","grid-50"],"jetpack_publicize_connections":[],"jetpack_featured_media_url":"https:\/\/www.hoymercedes.com.ar\/principal\/wp-content\/uploads\/2023\/01\/327110784_550672083790963_4099015261286745692_n.jpg","wps_subtitle":"","jetpack_sharing_enabled":true,"_links":{"self":[{"href":"https:\/\/www.hoymercedes.com.ar\/principal\/wp-json\/wp\/v2\/posts\/157660","targetHints":{"allow":["GET"]}}],"collection":[{"href":"https:\/\/www.hoymercedes.com.ar\/principal\/wp-json\/wp\/v2\/posts"}],"about":[{"href":"https:\/\/www.hoymercedes.com.ar\/principal\/wp-json\/wp\/v2\/types\/post"}],"author":[{"embeddable":true,"href":"https:\/\/www.hoymercedes.com.ar\/principal\/wp-json\/wp\/v2\/users\/1"}],"replies":[{"embeddable":true,"href":"https:\/\/www.hoymercedes.com.ar\/principal\/wp-json\/wp\/v2\/comments?post=157660"}],"version-history":[{"count":0,"href":"https:\/\/www.hoymercedes.com.ar\/principal\/wp-json\/wp\/v2\/posts\/157660\/revisions"}],"wp:featuredmedia":[{"embeddable":true,"href":"https:\/\/www.hoymercedes.com.ar\/principal\/wp-json\/wp\/v2\/media\/157661"}],"wp:attachment":[{"href":"https:\/\/www.hoymercedes.com.ar\/principal\/wp-json\/wp\/v2\/media?parent=157660"}],"wp:term":[{"taxonomy":"category","embeddable":true,"href":"https:\/\/www.hoymercedes.com.ar\/principal\/wp-json\/wp\/v2\/categories?post=157660"},{"taxonomy":"post_tag","embeddable":true,"href":"https:\/\/www.hoymercedes.com.ar\/principal\/wp-json\/wp\/v2\/tags?post=157660"}],"curies":[{"name":"wp","href":"https:\/\/api.w.org\/{rel}","templated":true}]}}