{"id":157673,"date":"2023-01-25T22:21:00","date_gmt":"2023-01-26T01:21:00","guid":{"rendered":"https:\/\/www.hoymercedes.com.ar\/principal\/?p=157673"},"modified":"2023-01-25T20:26:41","modified_gmt":"2023-01-25T23:26:41","slug":"jueves-de-recreacion-para-adultos-mayores","status":"publish","type":"post","link":"https:\/\/www.hoymercedes.com.ar\/principal\/2023\/01\/25\/jueves-de-recreacion-para-adultos-mayores\/","title":{"rendered":"Jueves de recreaci\u00f3n para adultos mayores"},"content":{"rendered":"\n<figure class=\"wp-block-image size-large\"><img loading=\"lazy\" decoding=\"async\" width=\"1024\" height=\"681\" data-attachment-id=\"157674\" data-permalink=\"https:\/\/www.hoymercedes.com.ar\/principal\/2023\/01\/25\/jueves-de-recreacion-para-adultos-mayores\/adultosmayores\/#main\" data-orig-file=\"https:\/\/www.hoymercedes.com.ar\/principal\/wp-content\/uploads\/2023\/01\/AdultosMayores.jpg\" data-orig-size=\"1322,879\" data-comments-opened=\"0\" data-image-meta=\"{&quot;aperture&quot;:&quot;0&quot;,&quot;credit&quot;:&quot;&quot;,&quot;camera&quot;:&quot;&quot;,&quot;caption&quot;:&quot;&quot;,&quot;created_timestamp&quot;:&quot;0&quot;,&quot;copyright&quot;:&quot;&quot;,&quot;focal_length&quot;:&quot;0&quot;,&quot;iso&quot;:&quot;0&quot;,&quot;shutter_speed&quot;:&quot;0&quot;,&quot;title&quot;:&quot;&quot;,&quot;orientation&quot;:&quot;0&quot;}\" data-image-title=\"AdultosMayores\" data-image-description=\"\" data-image-caption=\"\" data-large-file=\"https:\/\/www.hoymercedes.com.ar\/principal\/wp-content\/uploads\/2023\/01\/AdultosMayores-1024x681.jpg\" src=\"https:\/\/www.hoymercedes.com.ar\/principal\/wp-content\/uploads\/2023\/01\/AdultosMayores-1024x681.jpg\" alt=\"\" class=\"wp-image-157674\" srcset=\"https:\/\/www.hoymercedes.com.ar\/principal\/wp-content\/uploads\/2023\/01\/AdultosMayores-1024x681.jpg 1024w, https:\/\/www.hoymercedes.com.ar\/principal\/wp-content\/uploads\/2023\/01\/AdultosMayores-630x419.jpg 630w, https:\/\/www.hoymercedes.com.ar\/principal\/wp-content\/uploads\/2023\/01\/AdultosMayores-150x100.jpg 150w, https:\/\/www.hoymercedes.com.ar\/principal\/wp-content\/uploads\/2023\/01\/AdultosMayores-700x465.jpg 700w, https:\/\/www.hoymercedes.com.ar\/principal\/wp-content\/uploads\/2023\/01\/AdultosMayores.jpg 1322w\" sizes=\"auto, (max-width: 1024px) 100vw, 1024px\" \/><\/figure>\n\n\n\n<p>El Municipio de Mercedes a trav\u00e9s de la Direcci\u00f3n de Adultos Mayores llevar\u00e1 adelante durante todos los jueves de febrero (2,9,16 y 23) jornadas recreativas en el Complejo Cultural La Trocha. All\u00ed, los adultos mayores de nuestra ciudad podr\u00e1n disfrutar de juegos, premios, desayunos saludables y fundamentalmente disfrutar de una hermosa ma\u00f1ana entre vecinos.&nbsp; &nbsp;<\/p>\n\n\n\n<p>Dolores Sebastiano qui\u00e9n es parte de la Direcci\u00f3n de Adultos municipal cont\u00f3 \u201cdurante los jueves de febrero vamos a arrancar con esta propuesta a partir de las 09:00 de la ma\u00f1ana hasta el mediod\u00eda m\u00e1s o menos. Estas jornadas las realiz\u00e1bamos en el predio del ex Mart\u00edn Rodr\u00edguez y ahora nos hemos trasladado al Complejo Cultural La Trocha\u201d.<\/p>\n\n\n\n<p>\u201cEl objetivo es que nuestros adultos mayores disfruten de las diferentes actividades, que se junten, charlen, interact\u00faen y compartan momentos de distensi\u00f3n y de alegr\u00eda\u201d.<\/p>\n\n\n\n<p>Asimismo, Sebastiano invit\u00f3 \u201ca todos los adultos mayores vengan que va estar muy bueno, pueden venir con sus familias, con un amigo, con un vecino, con el nieto, estamos abierto a que todo el grupo familiar pueda participar y acompa\u00f1ar a nuestros adultos mayores\u201d y agreg\u00f3 \u201cva a haber torneo de cartas, tejo, gimnasia, mateada, y, adem\u00e1s, puestos de hidrataci\u00f3n y saludables para que se puedan hidratar, comer frutas como hacemos siempre en nuestros encuentros\u201d.<\/p>\n\n\n\n<p>Info: Adultos Mayores <\/p>\n","protected":false},"excerpt":{"rendered":"<p>El Municipio de Mercedes a trav\u00e9s de la Direcci\u00f3n de Adultos Mayores llevar\u00e1 adelante durante todos los jueves de febrero &#8230; <a title=\"Jueves de recreaci\u00f3n para adultos mayores\" class=\"read-more\" href=\"https:\/\/www.hoymercedes.com.ar\/principal\/2023\/01\/25\/jueves-de-recreacion-para-adultos-mayores\/\" aria-label=\"Leer m\u00e1s sobre Jueves de recreaci\u00f3n para adultos mayores\">Leer m\u00e1s<\/a><\/p>\n","protected":false},"author":1,"featured_media":157674,"comment_status":"closed","ping_status":"open","sticky":false,"template":"","format":"standard","meta":{"_monsterinsights_skip_tracking":false,"_monsterinsights_sitenote_active":false,"_monsterinsights_sitenote_note":"","_monsterinsights_sitenote_category":0,"jetpack_post_was_ever_published":false,"_jetpack_newsletter_access":"","_jetpack_dont_email_post_to_subs":false,"_jetpack_newsletter_tier_id":0,"_jetpack_memberships_contains_paywalled_content":false,"_jetpack_memberships_contains_paid_content":false,"footnotes":"","jetpack_publicize_message":"","jetpack_publicize_feature_enabled":true,"jetpack_social_post_already_shared":true,"jetpack_social_options":{"image_generator_settings":{"template":"highway","default_image_id":0,"font":"","enabled":false},"version":2},"_wpas_customize_per_network":false},"categories":[8],"tags":[8752],"class_list":["post-157673","post","type-post","status-publish","format-standard","has-post-thumbnail","hentry","category-sociedad","tag-adultos-mayores","generate-columns","tablet-grid-50","mobile-grid-100","grid-parent","grid-50"],"jetpack_publicize_connections":[],"jetpack_featured_media_url":"https:\/\/www.hoymercedes.com.ar\/principal\/wp-content\/uploads\/2023\/01\/AdultosMayores.jpg","wps_subtitle":"Encuentros sociales ","jetpack_sharing_enabled":true,"_links":{"self":[{"href":"https:\/\/www.hoymercedes.com.ar\/principal\/wp-json\/wp\/v2\/posts\/157673","targetHints":{"allow":["GET"]}}],"collection":[{"href":"https:\/\/www.hoymercedes.com.ar\/principal\/wp-json\/wp\/v2\/posts"}],"about":[{"href":"https:\/\/www.hoymercedes.com.ar\/principal\/wp-json\/wp\/v2\/types\/post"}],"author":[{"embeddable":true,"href":"https:\/\/www.hoymercedes.com.ar\/principal\/wp-json\/wp\/v2\/users\/1"}],"replies":[{"embeddable":true,"href":"https:\/\/www.hoymercedes.com.ar\/principal\/wp-json\/wp\/v2\/comments?post=157673"}],"version-history":[{"count":0,"href":"https:\/\/www.hoymercedes.com.ar\/principal\/wp-json\/wp\/v2\/posts\/157673\/revisions"}],"wp:featuredmedia":[{"embeddable":true,"href":"https:\/\/www.hoymercedes.com.ar\/principal\/wp-json\/wp\/v2\/media\/157674"}],"wp:attachment":[{"href":"https:\/\/www.hoymercedes.com.ar\/principal\/wp-json\/wp\/v2\/media?parent=157673"}],"wp:term":[{"taxonomy":"category","embeddable":true,"href":"https:\/\/www.hoymercedes.com.ar\/principal\/wp-json\/wp\/v2\/categories?post=157673"},{"taxonomy":"post_tag","embeddable":true,"href":"https:\/\/www.hoymercedes.com.ar\/principal\/wp-json\/wp\/v2\/tags?post=157673"}],"curies":[{"name":"wp","href":"https:\/\/api.w.org\/{rel}","templated":true}]}}