{"id":157678,"date":"2023-01-25T21:44:22","date_gmt":"2023-01-26T00:44:22","guid":{"rendered":"https:\/\/www.hoymercedes.com.ar\/principal\/?p=157678"},"modified":"2023-01-25T21:46:34","modified_gmt":"2023-01-26T00:46:34","slug":"periodistas-y-fotografos-recodaron-a-jose-luis-cabezas","status":"publish","type":"post","link":"https:\/\/www.hoymercedes.com.ar\/principal\/2023\/01\/25\/periodistas-y-fotografos-recodaron-a-jose-luis-cabezas\/","title":{"rendered":"Periodistas y fot\u00f3grafos recodaron a Jos\u00e9 Luis Cabezas"},"content":{"rendered":"\n<p>Este 25 de enero se conmemoraron los 26 a\u00f1os del asesinato del fot\u00f3grafo Jos\u00e9 Luis Cabezas. Esto signific\u00f3 que en diferentes lugares del pa\u00eds se lo recuerde en el marco del D\u00eda del Reportero Gr\u00e1fico. Mercedes no fue la excepci\u00f3n y en la ma\u00f1ana de este mi\u00e9rcoles, en la esquina donde funcion\u00f3 el Diario El Oeste periodistas y fot\u00f3grafos se dieron cita para homenajear al reportero gr\u00e1fico. <\/p>\n\n\n\n<figure class=\"wp-block-embed is-type-video is-provider-youtube wp-block-embed-youtube wp-embed-aspect-16-9 wp-has-aspect-ratio\"><div class=\"wp-block-embed__wrapper\">\n<span class=\"embed-youtube\" style=\"text-align:center; display: block;\"><iframe loading=\"lazy\" class=\"youtube-player\" width=\"1200\" height=\"675\" src=\"https:\/\/www.youtube.com\/embed\/QSPbh-y3Faw?version=3&#038;rel=1&#038;showsearch=0&#038;showinfo=1&#038;iv_load_policy=1&#038;fs=1&#038;hl=es-ES&#038;autohide=2&#038;wmode=transparent\" allowfullscreen=\"true\" style=\"border:0;\" sandbox=\"allow-scripts allow-same-origin allow-popups allow-presentation allow-popups-to-escape-sandbox\"><\/iframe><\/span>\n<\/div><\/figure>\n\n\n\n<p>Convocados en la esquina de calle 33 y 28, un grupo de periodistas locales y trabajadores de los medios se reunieron en torno al afiche gigante que se coloc\u00f3 el pasado 7 de junio en conmemoraci\u00f3n del d\u00eda del periodista.\u00a0<\/p>\n\n\n\n<p>En esta oportunidad, al cumplirse un nuevo aniversario del asesinato del fot\u00f3grafo argentino, la convocatoria estuvo abocada al recuerdo de su persona bajo el popular \u201cNo se olviden de Cabezas\u201d sumado a una lectura de palabras alusivas por parte de los periodistas autoconvocados.&nbsp;<\/p>\n\n\n\n<p>&nbsp;Entre otros puntos, se remarc\u00f3 que \u201cfue v\u00edctima de un poder macabro que, manteni\u00e9ndose en las sombras, manejaba las marionetas a su antojo\u201d.&nbsp;<\/p>\n\n\n\n<p>Adem\u00e1s, se a\u00f1adi\u00f3 que \u201ctu muerte marc\u00f3 y dio a conocer p\u00fablica y abiertamente el inicio de la violencia, que hoy es moneda corriente. Para masacrarte buscaron un lugar aislado y oscuro, all\u00e1 en Pinamar, se escondieron, lo hicieron arteramente, entre las sombras, con sigilo, a sabiendas del aberrante crimen que estaban cometiendo, del mensaje que estaban enviando\u201d.&nbsp;<\/p>\n\n\n\n<p>Como parte de la convocatoria, se realiz\u00f3 un minuto de silencio en recuerdo de Jos\u00e9 Luis Cabezas sumado al pedido de continuar visibilizando la necesidad de la libertad de expresi\u00f3n y el respeto hacia los trabajadores de los medios de comunicaci\u00f3n.\u00a0<\/p>\n\n\n\n<p>La actividad de Mercedes fue una de las tantas organizadas en el d\u00eda de hoy en memoria de Jos\u00e9 Luis Cabezas, en todo el pa\u00eds. Hubo un acto central en la Ciudad de Buenos Aires coordinado por ARGRA (Asociaci\u00f3n de Reporteros Gr\u00e1ficos de la Rep\u00fablica Argentina); FATPREN y SIPREBA, a 26 a\u00f1os del asesinato del reportero en Pinamar.<\/p>\n\n\n<div class=\"wp-block-image\">\n<figure class=\"aligncenter size-full\"><img loading=\"lazy\" decoding=\"async\" width=\"800\" height=\"533\" data-attachment-id=\"157679\" data-permalink=\"https:\/\/www.hoymercedes.com.ar\/principal\/2023\/01\/25\/periodistas-y-fotografos-recodaron-a-jose-luis-cabezas\/cabezas-2023-2\/#main\" data-orig-file=\"https:\/\/www.hoymercedes.com.ar\/principal\/wp-content\/uploads\/2023\/01\/cabezas-2023-2.jpeg\" data-orig-size=\"800,533\" data-comments-opened=\"0\" data-image-meta=\"{&quot;aperture&quot;:&quot;0&quot;,&quot;credit&quot;:&quot;&quot;,&quot;camera&quot;:&quot;&quot;,&quot;caption&quot;:&quot;&quot;,&quot;created_timestamp&quot;:&quot;0&quot;,&quot;copyright&quot;:&quot;&quot;,&quot;focal_length&quot;:&quot;0&quot;,&quot;iso&quot;:&quot;0&quot;,&quot;shutter_speed&quot;:&quot;0&quot;,&quot;title&quot;:&quot;&quot;,&quot;orientation&quot;:&quot;0&quot;}\" data-image-title=\"cabezas 2023 2\" data-image-description=\"\" data-image-caption=\"\" data-large-file=\"https:\/\/www.hoymercedes.com.ar\/principal\/wp-content\/uploads\/2023\/01\/cabezas-2023-2.jpeg\" src=\"https:\/\/www.hoymercedes.com.ar\/principal\/wp-content\/uploads\/2023\/01\/cabezas-2023-2.jpeg\" alt=\"\" class=\"wp-image-157679\" srcset=\"https:\/\/www.hoymercedes.com.ar\/principal\/wp-content\/uploads\/2023\/01\/cabezas-2023-2.jpeg 800w, https:\/\/www.hoymercedes.com.ar\/principal\/wp-content\/uploads\/2023\/01\/cabezas-2023-2-630x420.jpeg 630w, https:\/\/www.hoymercedes.com.ar\/principal\/wp-content\/uploads\/2023\/01\/cabezas-2023-2-150x100.jpeg 150w, https:\/\/www.hoymercedes.com.ar\/principal\/wp-content\/uploads\/2023\/01\/cabezas-2023-2-700x465.jpeg 700w\" sizes=\"auto, (max-width: 800px) 100vw, 800px\" \/><\/figure>\n<\/div>\n\n\n<p><strong>No se olviden de Cabezas\u00a0<\/strong><\/p>\n\n\n\n<p>Jos\u00e9 Luis Cabezas, reportero gr\u00e1fico de la editorial Perfil, fue asesinado en la madrugada del 25 de enero de 1997 en Pinamar, Provincia de Buenos Aires. Su cad\u00e1ver esposado, con signos de haber sido ferozmente golpeado y con dos disparos en la cabeza, fue encontrado dentro de su veh\u00edculo incinerado.&nbsp;<\/p>\n\n\n\n<p>Al momento de ser asesinado, cubr\u00eda la temporada para el semanario Noticias en el centro de veraneo de la clase pol\u00edtica y empresarial. Su seguimiento y secuestro se produjo a escasos 80 metros de la residencia del entonces gobernador de Buenos Aires, al retirarse de una concurrida fiesta ofrecida por un importante empresario.&nbsp;<\/p>\n\n\n\n<p>Si bien las instituciones se ocuparon formalmente del caso, la realidad demostr\u00f3 que s\u00f3lo luego de la movilizaci\u00f3n de la poblaci\u00f3n civil comenz\u00f3 a conocerse lo ocurrido. En efecto, la investigaci\u00f3n estuvo signada por una inadmisible injerencia del poder ejecutivo provincial en cada uno de los pasos dados; por una sorda lucha de facciones policiales corruptas, que sembraron el expediente de pistas falsas; por una pelea pol\u00edtica entre los entonces hombres fuertes de la pol\u00edtica argentina, Carlos Menem y Eduardo Duhalde, (quienes se desempe\u00f1aban como presidente de la&nbsp;<\/p>\n\n\n\n<p>Naci\u00f3n y gobernador de la provincia de Buenos Aires respectivamente); y por \u00faltimo, por las presiones de Alfredo Yabr\u00e1n, importante empresario telepostal, quien pose\u00eda important\u00edsimo respaldo pol\u00edtico y econ\u00f3mico para esa \u00e9poca.&nbsp;<\/p>\n\n\n\n<p>La constancia de la movilizaci\u00f3n, el amplio arco social que dio su apoyo a las instituciones que buscaban el esclarecimiento del hecho, y la inserci\u00f3n de esta lucha en diversos reclamos populares en defensa de las instituciones democr\u00e1ticas y por la consolidaci\u00f3n de la justicia, oblig\u00f3 a un aparato estatal reticente a dar diversas vueltas de tuerca en la investigaci\u00f3n.\u00a0<\/p>\n\n\n\n<p>Colaboraci\u00f3n: Mariano Oyarz\u00fa y Pedro Caramelo (video)<\/p>\n\n\n<div class=\"wp-block-image\">\n<figure class=\"aligncenter size-full\"><img loading=\"lazy\" decoding=\"async\" width=\"585\" height=\"878\" data-attachment-id=\"157680\" data-permalink=\"https:\/\/www.hoymercedes.com.ar\/principal\/2023\/01\/25\/periodistas-y-fotografos-recodaron-a-jose-luis-cabezas\/cabezas-2023-1\/#main\" data-orig-file=\"https:\/\/www.hoymercedes.com.ar\/principal\/wp-content\/uploads\/2023\/01\/cabezas-2023-1.jpeg\" data-orig-size=\"585,878\" data-comments-opened=\"0\" data-image-meta=\"{&quot;aperture&quot;:&quot;0&quot;,&quot;credit&quot;:&quot;&quot;,&quot;camera&quot;:&quot;&quot;,&quot;caption&quot;:&quot;&quot;,&quot;created_timestamp&quot;:&quot;1674681800&quot;,&quot;copyright&quot;:&quot;&quot;,&quot;focal_length&quot;:&quot;0&quot;,&quot;iso&quot;:&quot;0&quot;,&quot;shutter_speed&quot;:&quot;0&quot;,&quot;title&quot;:&quot;&quot;,&quot;orientation&quot;:&quot;1&quot;}\" data-image-title=\"cabezas 2023 1\" data-image-description=\"\" data-image-caption=\"\" data-large-file=\"https:\/\/www.hoymercedes.com.ar\/principal\/wp-content\/uploads\/2023\/01\/cabezas-2023-1.jpeg\" src=\"https:\/\/www.hoymercedes.com.ar\/principal\/wp-content\/uploads\/2023\/01\/cabezas-2023-1.jpeg\" alt=\"\" class=\"wp-image-157680\" srcset=\"https:\/\/www.hoymercedes.com.ar\/principal\/wp-content\/uploads\/2023\/01\/cabezas-2023-1.jpeg 585w, https:\/\/www.hoymercedes.com.ar\/principal\/wp-content\/uploads\/2023\/01\/cabezas-2023-1-413x620.jpeg 413w, https:\/\/www.hoymercedes.com.ar\/principal\/wp-content\/uploads\/2023\/01\/cabezas-2023-1-100x150.jpeg 100w\" sizes=\"auto, (max-width: 585px) 100vw, 585px\" \/><\/figure>\n<\/div>","protected":false},"excerpt":{"rendered":"<p>Este 25 de enero se conmemoraron los 26 a\u00f1os del asesinato del fot\u00f3grafo Jos\u00e9 Luis Cabezas. Esto signific\u00f3 que en diferentes lugares del pa\u00eds se lo recuerde en el marco del D\u00eda del Reportero Gr\u00e1fico. Mercedes no fue la excepci\u00f3n &#8211; VER VIDEO<\/p>\n","protected":false},"author":1,"featured_media":157680,"comment_status":"closed","ping_status":"open","sticky":false,"template":"","format":"standard","meta":{"_monsterinsights_skip_tracking":false,"_monsterinsights_sitenote_active":false,"_monsterinsights_sitenote_note":"","_monsterinsights_sitenote_category":0,"jetpack_post_was_ever_published":false,"_jetpack_newsletter_access":"","_jetpack_dont_email_post_to_subs":false,"_jetpack_newsletter_tier_id":0,"_jetpack_memberships_contains_paywalled_content":false,"_jetpack_memberships_contains_paid_content":false,"footnotes":"","jetpack_publicize_message":"","jetpack_publicize_feature_enabled":true,"jetpack_social_post_already_shared":true,"jetpack_social_options":{"image_generator_settings":{"template":"highway","default_image_id":0,"font":"","enabled":false},"version":2},"_wpas_customize_per_network":false},"categories":[8],"tags":[],"class_list":["post-157678","post","type-post","status-publish","format-standard","has-post-thumbnail","hentry","category-sociedad","generate-columns","tablet-grid-50","mobile-grid-100","grid-parent","grid-50"],"jetpack_publicize_connections":[],"jetpack_featured_media_url":"https:\/\/www.hoymercedes.com.ar\/principal\/wp-content\/uploads\/2023\/01\/cabezas-2023-1.jpeg","wps_subtitle":"","jetpack_sharing_enabled":true,"_links":{"self":[{"href":"https:\/\/www.hoymercedes.com.ar\/principal\/wp-json\/wp\/v2\/posts\/157678","targetHints":{"allow":["GET"]}}],"collection":[{"href":"https:\/\/www.hoymercedes.com.ar\/principal\/wp-json\/wp\/v2\/posts"}],"about":[{"href":"https:\/\/www.hoymercedes.com.ar\/principal\/wp-json\/wp\/v2\/types\/post"}],"author":[{"embeddable":true,"href":"https:\/\/www.hoymercedes.com.ar\/principal\/wp-json\/wp\/v2\/users\/1"}],"replies":[{"embeddable":true,"href":"https:\/\/www.hoymercedes.com.ar\/principal\/wp-json\/wp\/v2\/comments?post=157678"}],"version-history":[{"count":0,"href":"https:\/\/www.hoymercedes.com.ar\/principal\/wp-json\/wp\/v2\/posts\/157678\/revisions"}],"wp:featuredmedia":[{"embeddable":true,"href":"https:\/\/www.hoymercedes.com.ar\/principal\/wp-json\/wp\/v2\/media\/157680"}],"wp:attachment":[{"href":"https:\/\/www.hoymercedes.com.ar\/principal\/wp-json\/wp\/v2\/media?parent=157678"}],"wp:term":[{"taxonomy":"category","embeddable":true,"href":"https:\/\/www.hoymercedes.com.ar\/principal\/wp-json\/wp\/v2\/categories?post=157678"},{"taxonomy":"post_tag","embeddable":true,"href":"https:\/\/www.hoymercedes.com.ar\/principal\/wp-json\/wp\/v2\/tags?post=157678"}],"curies":[{"name":"wp","href":"https:\/\/api.w.org\/{rel}","templated":true}]}}