{"id":15770,"date":"2012-09-03T02:47:27","date_gmt":"2012-09-03T02:47:27","guid":{"rendered":"http:\/\/www.hoymercedes.com.ar\/principal\/?p=15770"},"modified":"2012-09-03T02:51:47","modified_gmt":"2012-09-03T02:51:47","slug":"79-mil-pesos-en-becas-para-estudiantes-mercedinos","status":"publish","type":"post","link":"https:\/\/www.hoymercedes.com.ar\/principal\/2012\/09\/03\/79-mil-pesos-en-becas-para-estudiantes-mercedinos\/","title":{"rendered":"79 mil pesos en becas para estudiantes mercedinos"},"content":{"rendered":"<p><a href=\"https:\/\/www.hoymercedes.com.ar\/principal\/wp-content\/uploads\/2012\/09\/BecasEducativas1.jpg\"><img loading=\"lazy\" decoding=\"async\" data-attachment-id=\"15775\" data-permalink=\"https:\/\/www.hoymercedes.com.ar\/principal\/becaseducativas-2\/\" data-orig-file=\"https:\/\/www.hoymercedes.com.ar\/principal\/wp-content\/uploads\/2012\/09\/BecasEducativas1.jpg\" data-orig-size=\"614,461\" data-comments-opened=\"1\" data-image-meta=\"{&quot;aperture&quot;:&quot;0&quot;,&quot;credit&quot;:&quot;&quot;,&quot;camera&quot;:&quot;&quot;,&quot;caption&quot;:&quot;&quot;,&quot;created_timestamp&quot;:&quot;0&quot;,&quot;copyright&quot;:&quot;&quot;,&quot;focal_length&quot;:&quot;0&quot;,&quot;iso&quot;:&quot;0&quot;,&quot;shutter_speed&quot;:&quot;0&quot;,&quot;title&quot;:&quot;&quot;}\" data-image-title=\"BecasEducativas\" data-image-description=\"\" data-image-caption=\"\" data-large-file=\"https:\/\/www.hoymercedes.com.ar\/principal\/wp-content\/uploads\/2012\/09\/BecasEducativas1.jpg\" class=\"aligncenter size-full wp-image-15775\" title=\"BecasEducativas\" src=\"https:\/\/www.hoymercedes.com.ar\/principal\/wp-content\/uploads\/2012\/09\/BecasEducativas1.jpg\" alt=\"\" width=\"614\" height=\"461\" \/><\/a><\/p>\n<p>El s\u00e1bado por la ma\u00f1ana en el cuerpo de bomberos voluntarios se llev\u00f3 adelante el acto de entrega formal de 79 becas para estudiantes mercedinos. Cada una de ellas es por mil pesos, aunque el s\u00e1bado se entreg\u00f3 el primer pago. Ese programa de becas, auspiciado por el Honorable Congreso de la Provincia de Buenos Aires, es compatible con cualquier otra beca y\/o programa de ayuda del estado y se conforma con una entrega de 600 pesos y 4 cuotas de 100. En el acto estaban, adem\u00e1s de los beneficiarios, Juan Ustarroz, los diputados Espa\u00f1a y de Pedro y el ex candidato a consejero escolar por el Frente Federico Belzunces.<\/p>\n<p>\u201cEsto surgi\u00f3 despu\u00e9s que promocionamos a principio de a\u00f1o las becas del Bicentenario. Tuvimos much\u00edsima demanda y comenzamos a ver de qu\u00e9 manera pod\u00edamos articular con m\u00e1s becas para estudios universitarios, terciarios\u201d explic\u00f3 Juani Ustarroz quien coment\u00f3 que conjuntamente con Cucho Espa\u00f1a se logr\u00f3 concretar este aporte.<\/p>\n<p>A su turno el diputado Espa\u00f1a explic\u00f3 que esta iniciativa surgi\u00f3 \u201cen funci\u00f3n de una demanda para los estudiantes de la ciudad. Esperamos que el a\u00f1o que viene podamos tener m\u00e1s\u201d dijo Espa\u00f1a quien destac\u00f3 que desde su lugar en el Congreso intenta gestionar \u201ctodo tipo de herramientas para la educaci\u00f3n. A nosotros nos parece que la \u00fanica forma de igualar para arriba, que todos tengamos igualdad de oportunidades es a trav\u00e9s de la educaci\u00f3n\u201d sentenci\u00f3 y puso la banca \u201ca disposici\u00f3n de todos los mercedinos\u201d.<\/p>\n<p>Antes de formalizar la entrega Belzunces destac\u00f3 que la ayuda \u201ces para comprar apuntes y palear los gastos que demanda el estudio. Yo se el esfuerzo que hacen todos ustedes para estudiar. Yo estudie con una beca del centro de estudiantes porque el estado no se hacia cargo de nuestras demandas\u201d, dijo.<\/p>\n","protected":false},"excerpt":{"rendered":"<p>El s\u00e1bado por la ma\u00f1ana en el cuerpo de bomberos voluntarios se llev\u00f3 adelante el acto de entrega formal de &#8230; <a title=\"79 mil pesos en becas para estudiantes mercedinos\" class=\"read-more\" href=\"https:\/\/www.hoymercedes.com.ar\/principal\/2012\/09\/03\/79-mil-pesos-en-becas-para-estudiantes-mercedinos\/\" aria-label=\"Leer m\u00e1s sobre 79 mil pesos en becas para estudiantes mercedinos\">Leer m\u00e1s<\/a><\/p>\n","protected":false},"author":1,"featured_media":0,"comment_status":"open","ping_status":"open","sticky":false,"template":"","format":"standard","meta":{"_monsterinsights_skip_tracking":false,"_monsterinsights_sitenote_active":false,"_monsterinsights_sitenote_note":"","_monsterinsights_sitenote_category":0,"jetpack_post_was_ever_published":false,"_jetpack_newsletter_access":"","_jetpack_dont_email_post_to_subs":false,"_jetpack_newsletter_tier_id":0,"_jetpack_memberships_contains_paywalled_content":false,"_jetpack_memberships_contains_paid_content":false,"footnotes":"","jetpack_publicize_message":"","jetpack_publicize_feature_enabled":true,"jetpack_social_post_already_shared":false,"jetpack_social_options":{"image_generator_settings":{"template":"highway","default_image_id":0,"font":"","enabled":false},"version":2},"_wpas_customize_per_network":false},"categories":[23],"tags":[1204,585,2685,281],"class_list":["post-15770","post","type-post","status-publish","format-standard","hentry","category-educacion","tag-cucho-espana","tag-juan-ustarroz","tag-juani-ustarros","tag-wado-de-pedro","generate-columns","tablet-grid-50","mobile-grid-100","grid-parent","grid-50"],"jetpack_publicize_connections":[],"jetpack_featured_media_url":"","wps_subtitle":"","jetpack_sharing_enabled":true,"_links":{"self":[{"href":"https:\/\/www.hoymercedes.com.ar\/principal\/wp-json\/wp\/v2\/posts\/15770","targetHints":{"allow":["GET"]}}],"collection":[{"href":"https:\/\/www.hoymercedes.com.ar\/principal\/wp-json\/wp\/v2\/posts"}],"about":[{"href":"https:\/\/www.hoymercedes.com.ar\/principal\/wp-json\/wp\/v2\/types\/post"}],"author":[{"embeddable":true,"href":"https:\/\/www.hoymercedes.com.ar\/principal\/wp-json\/wp\/v2\/users\/1"}],"replies":[{"embeddable":true,"href":"https:\/\/www.hoymercedes.com.ar\/principal\/wp-json\/wp\/v2\/comments?post=15770"}],"version-history":[{"count":0,"href":"https:\/\/www.hoymercedes.com.ar\/principal\/wp-json\/wp\/v2\/posts\/15770\/revisions"}],"wp:attachment":[{"href":"https:\/\/www.hoymercedes.com.ar\/principal\/wp-json\/wp\/v2\/media?parent=15770"}],"wp:term":[{"taxonomy":"category","embeddable":true,"href":"https:\/\/www.hoymercedes.com.ar\/principal\/wp-json\/wp\/v2\/categories?post=15770"},{"taxonomy":"post_tag","embeddable":true,"href":"https:\/\/www.hoymercedes.com.ar\/principal\/wp-json\/wp\/v2\/tags?post=15770"}],"curies":[{"name":"wp","href":"https:\/\/api.w.org\/{rel}","templated":true}]}}