{"id":157701,"date":"2023-01-26T13:11:00","date_gmt":"2023-01-26T16:11:00","guid":{"rendered":"https:\/\/www.hoymercedes.com.ar\/principal\/?p=157701"},"modified":"2023-01-26T20:30:12","modified_gmt":"2023-01-26T23:30:12","slug":"realizan-obra-de-gas-en-la-escuela-tecnica-n-2-de-gowland","status":"publish","type":"post","link":"https:\/\/www.hoymercedes.com.ar\/principal\/2023\/01\/26\/realizan-obra-de-gas-en-la-escuela-tecnica-n-2-de-gowland\/","title":{"rendered":"Realizan obra de gas en la Escuela T\u00e9cnica N\u00b0 2 de Gowland"},"content":{"rendered":"\n<p>Desde el Consejo Escolar informaron que est\u00e1 avanzando la obra de gas en la Escuela T\u00e9cnica N\u00b0 2 de Gowland. La obra implica la instalaci\u00f3n de mecheros para los laboratorios, as\u00ed como calefacci\u00f3n en el gimnasio y la renovaci\u00f3n de artefactos. <\/p>\n\n\n<div class=\"wp-block-image\">\n<figure class=\"aligncenter size-full\"><img loading=\"lazy\" decoding=\"async\" width=\"800\" height=\"450\" data-attachment-id=\"157702\" data-permalink=\"https:\/\/www.hoymercedes.com.ar\/principal\/2023\/01\/26\/realizan-obra-de-gas-en-la-escuela-tecnica-n-2-de-gowland\/obrasgastecnica2\/#main\" data-orig-file=\"https:\/\/www.hoymercedes.com.ar\/principal\/wp-content\/uploads\/2023\/01\/obrasgastecnica2.jpg\" data-orig-size=\"800,450\" data-comments-opened=\"0\" data-image-meta=\"{&quot;aperture&quot;:&quot;0&quot;,&quot;credit&quot;:&quot;&quot;,&quot;camera&quot;:&quot;&quot;,&quot;caption&quot;:&quot;&quot;,&quot;created_timestamp&quot;:&quot;0&quot;,&quot;copyright&quot;:&quot;&quot;,&quot;focal_length&quot;:&quot;0&quot;,&quot;iso&quot;:&quot;0&quot;,&quot;shutter_speed&quot;:&quot;0&quot;,&quot;title&quot;:&quot;&quot;,&quot;orientation&quot;:&quot;0&quot;}\" data-image-title=\"obrasgastecnica2\" data-image-description=\"\" data-image-caption=\"\" data-large-file=\"https:\/\/www.hoymercedes.com.ar\/principal\/wp-content\/uploads\/2023\/01\/obrasgastecnica2.jpg\" src=\"https:\/\/www.hoymercedes.com.ar\/principal\/wp-content\/uploads\/2023\/01\/obrasgastecnica2.jpg\" alt=\"\" class=\"wp-image-157702\" srcset=\"https:\/\/www.hoymercedes.com.ar\/principal\/wp-content\/uploads\/2023\/01\/obrasgastecnica2.jpg 800w, https:\/\/www.hoymercedes.com.ar\/principal\/wp-content\/uploads\/2023\/01\/obrasgastecnica2-630x354.jpg 630w, https:\/\/www.hoymercedes.com.ar\/principal\/wp-content\/uploads\/2023\/01\/obrasgastecnica2-150x84.jpg 150w\" sizes=\"auto, (max-width: 800px) 100vw, 800px\" \/><\/figure>\n<\/div>\n\n\n<p>\u201cEntramos en la etapa final de la gran obra de instalaci\u00f3n completa de gas en la T\u00e9cnica 2 de Gowland. Una respuesta que demor\u00f3 un poco m\u00e1s de lo deseado porque decidimos dejar de lado el gas de chanchas para hacer la conexi\u00f3n al gas natural\u201d, cont\u00f3 el presidente del Consejo Escolar Jos\u00e9 Luis Pisano. &nbsp;<\/p>\n\n\n\n<p>Las obras se est\u00e1n llevando adelante en toda la T\u00e9cnica 2 y se estima que en semanas estar\u00e1 terminada. \u201cCon laboratorios a nuevo y bajo norma, con la instalaci\u00f3n calefacci\u00f3n con tubos radiantes en el gimnasio y renovaci\u00f3n de artefactos, nos vamos preparando para un mejor espacio de aprendizaje en el 2023\u201d, explic\u00f3 Pisano. &nbsp;<\/p>\n\n\n\n<p>El presidente del Consejo Escolar destac\u00f3 el trabajo que hace el gobierno provincial. \u201cCon una inversi\u00f3n de 5.7 millones y gracias a la decisi\u00f3n del gobernador Axel Kicillof y el acompa\u00f1amiento del intendente Ustarroz la T\u00e9cnica 2 contin\u00faa creciendo\u201d, agreg\u00f3. &nbsp;<\/p>\n","protected":false},"excerpt":{"rendered":"<p>Desde el Consejo Escolar informaron que est\u00e1 avanzando la obra de gas en la Escuela T\u00e9cnica N\u00b0 2 de Gowland. La obra implica la instalaci\u00f3n de mecheros para los laboratorios, as\u00ed como calefacci\u00f3n en el gimnasio y la renovaci\u00f3n de artefactos. <\/p>\n","protected":false},"author":1,"featured_media":157702,"comment_status":"closed","ping_status":"open","sticky":false,"template":"","format":"standard","meta":{"_monsterinsights_skip_tracking":false,"_monsterinsights_sitenote_active":false,"_monsterinsights_sitenote_note":"","_monsterinsights_sitenote_category":0,"jetpack_post_was_ever_published":false,"_jetpack_newsletter_access":"","_jetpack_dont_email_post_to_subs":false,"_jetpack_newsletter_tier_id":0,"_jetpack_memberships_contains_paywalled_content":false,"_jetpack_memberships_contains_paid_content":false,"footnotes":"","jetpack_publicize_message":"","jetpack_publicize_feature_enabled":true,"jetpack_social_post_already_shared":true,"jetpack_social_options":{"image_generator_settings":{"template":"highway","default_image_id":0,"font":"","enabled":false},"version":2},"_wpas_customize_per_network":false},"categories":[8],"tags":[47],"class_list":["post-157701","post","type-post","status-publish","format-standard","has-post-thumbnail","hentry","category-sociedad","tag-educacion-2","generate-columns","tablet-grid-50","mobile-grid-100","grid-parent","grid-50"],"jetpack_publicize_connections":[],"jetpack_featured_media_url":"https:\/\/www.hoymercedes.com.ar\/principal\/wp-content\/uploads\/2023\/01\/obrasgastecnica2.jpg","wps_subtitle":"","jetpack_sharing_enabled":true,"_links":{"self":[{"href":"https:\/\/www.hoymercedes.com.ar\/principal\/wp-json\/wp\/v2\/posts\/157701","targetHints":{"allow":["GET"]}}],"collection":[{"href":"https:\/\/www.hoymercedes.com.ar\/principal\/wp-json\/wp\/v2\/posts"}],"about":[{"href":"https:\/\/www.hoymercedes.com.ar\/principal\/wp-json\/wp\/v2\/types\/post"}],"author":[{"embeddable":true,"href":"https:\/\/www.hoymercedes.com.ar\/principal\/wp-json\/wp\/v2\/users\/1"}],"replies":[{"embeddable":true,"href":"https:\/\/www.hoymercedes.com.ar\/principal\/wp-json\/wp\/v2\/comments?post=157701"}],"version-history":[{"count":0,"href":"https:\/\/www.hoymercedes.com.ar\/principal\/wp-json\/wp\/v2\/posts\/157701\/revisions"}],"wp:featuredmedia":[{"embeddable":true,"href":"https:\/\/www.hoymercedes.com.ar\/principal\/wp-json\/wp\/v2\/media\/157702"}],"wp:attachment":[{"href":"https:\/\/www.hoymercedes.com.ar\/principal\/wp-json\/wp\/v2\/media?parent=157701"}],"wp:term":[{"taxonomy":"category","embeddable":true,"href":"https:\/\/www.hoymercedes.com.ar\/principal\/wp-json\/wp\/v2\/categories?post=157701"},{"taxonomy":"post_tag","embeddable":true,"href":"https:\/\/www.hoymercedes.com.ar\/principal\/wp-json\/wp\/v2\/tags?post=157701"}],"curies":[{"name":"wp","href":"https:\/\/api.w.org\/{rel}","templated":true}]}}