{"id":157711,"date":"2023-01-26T18:38:00","date_gmt":"2023-01-26T21:38:00","guid":{"rendered":"https:\/\/www.hoymercedes.com.ar\/principal\/?p=157711"},"modified":"2023-01-26T20:49:40","modified_gmt":"2023-01-26T23:49:40","slug":"babylon-en-estreno-en-el-cine-mercedes","status":"publish","type":"post","link":"https:\/\/www.hoymercedes.com.ar\/principal\/2023\/01\/26\/babylon-en-estreno-en-el-cine-mercedes\/","title":{"rendered":"Babylon en estreno en el Cine Mercedes"},"content":{"rendered":"\n<p>Desde el viernes 27 de enero el Cine Mercedes proyectar\u00e1 una de las pel\u00edculas premiadas en las \u00faltimas ceremonias de entregas de distinciones. Se trata de \u00abBabylon\u00bb, el film que re\u00fane a Brad Pitt y a Margot Robbie, y podr\u00e1 verse en las funciones de la hora 22. Asimismo, contin\u00faa en cartelera El Gato con Botas y M3gan. <\/p>\n\n\n\n<p><\/p>\n\n\n<div class=\"wp-block-image\">\n<figure class=\"aligncenter size-full\"><img loading=\"lazy\" decoding=\"async\" width=\"525\" height=\"800\" data-attachment-id=\"157712\" data-permalink=\"https:\/\/www.hoymercedes.com.ar\/principal\/2023\/01\/26\/babylon-en-estreno-en-el-cine-mercedes\/gacetilla-cine-mercedes-14-2\/#main\" data-orig-file=\"https:\/\/www.hoymercedes.com.ar\/principal\/wp-content\/uploads\/2023\/01\/Gacetilla-Cine-Mercedes-14.jpg\" data-orig-size=\"525,800\" data-comments-opened=\"0\" data-image-meta=\"{&quot;aperture&quot;:&quot;0&quot;,&quot;credit&quot;:&quot;&quot;,&quot;camera&quot;:&quot;&quot;,&quot;caption&quot;:&quot;&quot;,&quot;created_timestamp&quot;:&quot;0&quot;,&quot;copyright&quot;:&quot;&quot;,&quot;focal_length&quot;:&quot;0&quot;,&quot;iso&quot;:&quot;0&quot;,&quot;shutter_speed&quot;:&quot;0&quot;,&quot;title&quot;:&quot;&quot;,&quot;orientation&quot;:&quot;1&quot;}\" data-image-title=\"Gacetilla Cine Mercedes (14)\" data-image-description=\"\" data-image-caption=\"\" data-large-file=\"https:\/\/www.hoymercedes.com.ar\/principal\/wp-content\/uploads\/2023\/01\/Gacetilla-Cine-Mercedes-14.jpg\" src=\"https:\/\/www.hoymercedes.com.ar\/principal\/wp-content\/uploads\/2023\/01\/Gacetilla-Cine-Mercedes-14.jpg\" alt=\"\" class=\"wp-image-157712\" srcset=\"https:\/\/www.hoymercedes.com.ar\/principal\/wp-content\/uploads\/2023\/01\/Gacetilla-Cine-Mercedes-14.jpg 525w, https:\/\/www.hoymercedes.com.ar\/principal\/wp-content\/uploads\/2023\/01\/Gacetilla-Cine-Mercedes-14-407x620.jpg 407w, https:\/\/www.hoymercedes.com.ar\/principal\/wp-content\/uploads\/2023\/01\/Gacetilla-Cine-Mercedes-14-98x150.jpg 98w\" sizes=\"auto, (max-width: 525px) 100vw, 525px\" \/><\/figure>\n<\/div>\n\n\n<p>Sinopsis \u00abBabylon\u00bb Ambientada en Los \u00c1ngeles durante los a\u00f1os 20, cuenta una historia de ambici\u00f3n y excesos desmesurados que recorre la ascensi\u00f3n y ca\u00edda de m\u00faltiples personajes durante una \u00e9poca de desenfrenada decadencia y depravaci\u00f3n en los albores de Hollywood.<\/p>\n\n\n\n<p>Sinopsis \u00abM3GAN\u00bb: M3GAN es una maravilla de la inteligencia artificial, una mu\u00f1eca realista programada para ser la mejor compa\u00f1era de los ni\u00f1os y la mayor aliada de los padres. Dise\u00f1ada por Gemma, M3GAN es capaz de escuchar, observar y aprender mientras se convierte en amiga, profesora, compa\u00f1era de juegos y protectora del ni\u00f1o al que se vincule. Cuando, inesperadamente, Gemma se convierte en la tutora legal de Cady, su sobrina hu\u00e9rfana de 9 a\u00f1os, no sabe muy bien qu\u00e9 hacer ni se siente preparada para ejercer de madre. Sometida a un intenso estr\u00e9s laboral, Gemma decide vincular su prototipo de M3GAN a Cady en un intento de resolver ambos problemas, pero no tardar\u00e1 en descubrir las inimaginables consecuencias de su decisi\u00f3n<\/p>\n\n\n\n<p>Sinopsis \u00abEl Gato con Botas\u00bb: Secuela de &#8216;El gato con botas&#8217; (2011). El Gato con Botas descubre que su pasi\u00f3n por la aventura le ha pasado factura: ha consumido ocho de sus nueve vidas, por ello emprende un viaje \u00e9pico para encontrar el m\u00edtico \u00daltimo Deseo y restaurar sus nueve vidas<\/p>\n","protected":false},"excerpt":{"rendered":"<p>Desde el viernes 27 de enero el Cine Mercedes proyectar\u00e1 \u00abBabylon\u00bb, el film que re\u00fane a Brad Pitt y a Margot Robbie, y podr\u00e1 verse en las funciones de la hora 22. Asimismo, contin\u00faa en cartelera El Gato con Botas y M3gan. <\/p>\n","protected":false},"author":1,"featured_media":157713,"comment_status":"closed","ping_status":"open","sticky":false,"template":"","format":"standard","meta":{"_monsterinsights_skip_tracking":false,"_monsterinsights_sitenote_active":false,"_monsterinsights_sitenote_note":"","_monsterinsights_sitenote_category":0,"jetpack_post_was_ever_published":false,"_jetpack_newsletter_access":"","_jetpack_dont_email_post_to_subs":false,"_jetpack_newsletter_tier_id":0,"_jetpack_memberships_contains_paywalled_content":false,"_jetpack_memberships_contains_paid_content":false,"footnotes":"","jetpack_publicize_message":"","jetpack_publicize_feature_enabled":true,"jetpack_social_post_already_shared":true,"jetpack_social_options":{"image_generator_settings":{"template":"highway","default_image_id":0,"font":"","enabled":false},"version":2},"_wpas_customize_per_network":false},"categories":[104],"tags":[7805,244],"class_list":["post-157711","post","type-post","status-publish","format-standard","has-post-thumbnail","hentry","category-cultura","tag-cultura","tag-municipio-2","generate-columns","tablet-grid-50","mobile-grid-100","grid-parent","grid-50"],"jetpack_publicize_connections":[],"jetpack_featured_media_url":"https:\/\/www.hoymercedes.com.ar\/principal\/wp-content\/uploads\/2023\/01\/BABYLON.jpg","wps_subtitle":"","jetpack_sharing_enabled":true,"_links":{"self":[{"href":"https:\/\/www.hoymercedes.com.ar\/principal\/wp-json\/wp\/v2\/posts\/157711","targetHints":{"allow":["GET"]}}],"collection":[{"href":"https:\/\/www.hoymercedes.com.ar\/principal\/wp-json\/wp\/v2\/posts"}],"about":[{"href":"https:\/\/www.hoymercedes.com.ar\/principal\/wp-json\/wp\/v2\/types\/post"}],"author":[{"embeddable":true,"href":"https:\/\/www.hoymercedes.com.ar\/principal\/wp-json\/wp\/v2\/users\/1"}],"replies":[{"embeddable":true,"href":"https:\/\/www.hoymercedes.com.ar\/principal\/wp-json\/wp\/v2\/comments?post=157711"}],"version-history":[{"count":0,"href":"https:\/\/www.hoymercedes.com.ar\/principal\/wp-json\/wp\/v2\/posts\/157711\/revisions"}],"wp:featuredmedia":[{"embeddable":true,"href":"https:\/\/www.hoymercedes.com.ar\/principal\/wp-json\/wp\/v2\/media\/157713"}],"wp:attachment":[{"href":"https:\/\/www.hoymercedes.com.ar\/principal\/wp-json\/wp\/v2\/media?parent=157711"}],"wp:term":[{"taxonomy":"category","embeddable":true,"href":"https:\/\/www.hoymercedes.com.ar\/principal\/wp-json\/wp\/v2\/categories?post=157711"},{"taxonomy":"post_tag","embeddable":true,"href":"https:\/\/www.hoymercedes.com.ar\/principal\/wp-json\/wp\/v2\/tags?post=157711"}],"curies":[{"name":"wp","href":"https:\/\/api.w.org\/{rel}","templated":true}]}}