{"id":157733,"date":"2023-01-27T10:04:48","date_gmt":"2023-01-27T13:04:48","guid":{"rendered":"https:\/\/www.hoymercedes.com.ar\/principal\/?p=157733"},"modified":"2023-01-27T10:52:58","modified_gmt":"2023-01-27T13:52:58","slug":"despiste-y-vuelco-sobre-ruta-5-2","status":"publish","type":"post","link":"https:\/\/www.hoymercedes.com.ar\/principal\/2023\/01\/27\/despiste-y-vuelco-sobre-ruta-5-2\/","title":{"rendered":"Despiste y vuelco sobre Ruta 5"},"content":{"rendered":"\n<p>Minutos antes de las la 6 de ma\u00f1ana de este viernes, se registr\u00f3 un despiste y vuelco sobre el trazado de la ruta 5, jurisdicci\u00f3n del partido de Suipacha. Un cami\u00f3n con acoplado cargado sse despist\u00f3 en el sentido Suipacha-Chivilcoy. <\/p>\n\n\n<div class=\"wp-block-image\">\n<figure class=\"aligncenter size-full is-resized\"><img decoding=\"async\" data-attachment-id=\"157737\" data-permalink=\"https:\/\/www.hoymercedes.com.ar\/principal\/2023\/01\/27\/despiste-y-vuelco-sobre-ruta-5-2\/fb_img_16748241107422\/#main\" data-orig-file=\"https:\/\/www.hoymercedes.com.ar\/principal\/wp-content\/uploads\/2023\/01\/FB_IMG_16748241107422.jpg\" data-orig-size=\"979,499\" data-comments-opened=\"0\" data-image-meta=\"{&quot;aperture&quot;:&quot;0&quot;,&quot;credit&quot;:&quot;&quot;,&quot;camera&quot;:&quot;&quot;,&quot;caption&quot;:&quot;&quot;,&quot;created_timestamp&quot;:&quot;0&quot;,&quot;copyright&quot;:&quot;&quot;,&quot;focal_length&quot;:&quot;0&quot;,&quot;iso&quot;:&quot;0&quot;,&quot;shutter_speed&quot;:&quot;0&quot;,&quot;title&quot;:&quot;&quot;,&quot;orientation&quot;:&quot;1&quot;}\" data-image-title=\"FB_IMG_1674824110742~2\" data-image-description=\"\" data-image-caption=\"\" data-large-file=\"https:\/\/www.hoymercedes.com.ar\/principal\/wp-content\/uploads\/2023\/01\/FB_IMG_16748241107422.jpg\" src=\"https:\/\/www.hoymercedes.com.ar\/principal\/wp-content\/uploads\/2023\/01\/FB_IMG_16748241107422.jpg\" alt=\"\" class=\"wp-image-157737\" width=\"-145\" height=\"-74\" srcset=\"https:\/\/www.hoymercedes.com.ar\/principal\/wp-content\/uploads\/2023\/01\/FB_IMG_16748241107422.jpg 979w, https:\/\/www.hoymercedes.com.ar\/principal\/wp-content\/uploads\/2023\/01\/FB_IMG_16748241107422-630x321.jpg 630w, https:\/\/www.hoymercedes.com.ar\/principal\/wp-content\/uploads\/2023\/01\/FB_IMG_16748241107422-150x76.jpg 150w\" sizes=\"(max-width: 979px) 100vw, 979px\" \/><\/figure>\n<\/div>\n\n\n<p>El siniestro ocurri\u00f3 en momentos en que en la zona llov\u00eda con intensas r\u00e1fagas de viento. Esto afect\u00f3 la circulaci\u00f3n de un cami\u00f3n Mercedes Benz con acoplado cargado con cascara de arroz que circulaba en sentido Suipacha-Chivilcoy. Producto del intenso viento lateral, se despist\u00f3 volcando el acoplado en la zona de pr\u00e9stamo. <\/p>\n\n\n\n<p>El cami\u00f3n ven\u00eda desde Uruguay y se dirig\u00eda a la localidad de Moquehua.<\/p>\n\n\n<div class=\"wp-block-image\">\n<figure class=\"aligncenter size-full is-resized\"><img loading=\"lazy\" decoding=\"async\" data-attachment-id=\"157734\" data-permalink=\"https:\/\/www.hoymercedes.com.ar\/principal\/2023\/01\/27\/despiste-y-vuelco-sobre-ruta-5-2\/fb_img_16748243833242\/#main\" data-orig-file=\"https:\/\/www.hoymercedes.com.ar\/principal\/wp-content\/uploads\/2023\/01\/FB_IMG_16748243833242.jpg\" data-orig-size=\"838,499\" data-comments-opened=\"0\" data-image-meta=\"{&quot;aperture&quot;:&quot;0&quot;,&quot;credit&quot;:&quot;&quot;,&quot;camera&quot;:&quot;&quot;,&quot;caption&quot;:&quot;&quot;,&quot;created_timestamp&quot;:&quot;0&quot;,&quot;copyright&quot;:&quot;&quot;,&quot;focal_length&quot;:&quot;0&quot;,&quot;iso&quot;:&quot;0&quot;,&quot;shutter_speed&quot;:&quot;0&quot;,&quot;title&quot;:&quot;&quot;,&quot;orientation&quot;:&quot;1&quot;}\" data-image-title=\"FB_IMG_1674824383324~2\" data-image-description=\"\" data-image-caption=\"\" data-large-file=\"https:\/\/www.hoymercedes.com.ar\/principal\/wp-content\/uploads\/2023\/01\/FB_IMG_16748243833242.jpg\" src=\"https:\/\/www.hoymercedes.com.ar\/principal\/wp-content\/uploads\/2023\/01\/FB_IMG_16748243833242.jpg\" alt=\"\" class=\"wp-image-157734\" width=\"606\" height=\"360\" srcset=\"https:\/\/www.hoymercedes.com.ar\/principal\/wp-content\/uploads\/2023\/01\/FB_IMG_16748243833242.jpg 838w, https:\/\/www.hoymercedes.com.ar\/principal\/wp-content\/uploads\/2023\/01\/FB_IMG_16748243833242-630x375.jpg 630w, https:\/\/www.hoymercedes.com.ar\/principal\/wp-content\/uploads\/2023\/01\/FB_IMG_16748243833242-150x89.jpg 150w, https:\/\/www.hoymercedes.com.ar\/principal\/wp-content\/uploads\/2023\/01\/FB_IMG_16748243833242-445x265.jpg 445w\" sizes=\"auto, (max-width: 606px) 100vw, 606px\" \/><\/figure>\n<\/div>\n\n\n<p>Asimismo m\u00e1s tarde una ambulancia de Bragado que pasaba por el lugar se despist\u00f3 al intentar detenerse en el lugar para brindar asistencia.<\/p>\n\n\n\n<p>El tr\u00e1nsito se la ruta 5 estuvo interrumpido mientras se recataba la ambulancia, gentileza de un cami\u00f3n que colabor\u00f3 en la tarea, para que la misma pudiera seguir viaje.<\/p>\n\n\n\n<p>Afortunadamente no se registraron heridos.<br>Intervino Bomberos Voluntarios, Polic\u00eda Comunal de Suipacha y personal del concesionario Vial Corredores Viales .<\/p>\n\n\n\n<p>Colaboraci\u00f3n Jorge Lasala <\/p>\n\n\n\n<figure class=\"wp-block-gallery has-nested-images columns-default is-cropped wp-block-gallery-1 is-layout-flex wp-block-gallery-is-layout-flex\">\n<figure class=\"wp-block-image size-large\"><img loading=\"lazy\" decoding=\"async\" width=\"748\" height=\"499\" data-attachment-id=\"157736\" data-permalink=\"https:\/\/www.hoymercedes.com.ar\/principal\/2023\/01\/27\/despiste-y-vuelco-sobre-ruta-5-2\/fb_img_16748241224392\/#main\" data-orig-file=\"https:\/\/www.hoymercedes.com.ar\/principal\/wp-content\/uploads\/2023\/01\/FB_IMG_16748241224392.jpg\" data-orig-size=\"748,499\" data-comments-opened=\"0\" data-image-meta=\"{&quot;aperture&quot;:&quot;0&quot;,&quot;credit&quot;:&quot;&quot;,&quot;camera&quot;:&quot;&quot;,&quot;caption&quot;:&quot;&quot;,&quot;created_timestamp&quot;:&quot;0&quot;,&quot;copyright&quot;:&quot;&quot;,&quot;focal_length&quot;:&quot;0&quot;,&quot;iso&quot;:&quot;0&quot;,&quot;shutter_speed&quot;:&quot;0&quot;,&quot;title&quot;:&quot;&quot;,&quot;orientation&quot;:&quot;1&quot;}\" data-image-title=\"FB_IMG_1674824122439~2\" data-image-description=\"\" data-image-caption=\"\" data-large-file=\"https:\/\/www.hoymercedes.com.ar\/principal\/wp-content\/uploads\/2023\/01\/FB_IMG_16748241224392.jpg\" data-id=\"157736\" src=\"https:\/\/www.hoymercedes.com.ar\/principal\/wp-content\/uploads\/2023\/01\/FB_IMG_16748241224392.jpg\" alt=\"\" class=\"wp-image-157736\" srcset=\"https:\/\/www.hoymercedes.com.ar\/principal\/wp-content\/uploads\/2023\/01\/FB_IMG_16748241224392.jpg 748w, https:\/\/www.hoymercedes.com.ar\/principal\/wp-content\/uploads\/2023\/01\/FB_IMG_16748241224392-630x420.jpg 630w, https:\/\/www.hoymercedes.com.ar\/principal\/wp-content\/uploads\/2023\/01\/FB_IMG_16748241224392-150x100.jpg 150w\" sizes=\"auto, (max-width: 748px) 100vw, 748px\" \/><\/figure>\n\n\n\n<figure class=\"wp-block-image size-large\"><img loading=\"lazy\" decoding=\"async\" width=\"748\" height=\"499\" data-attachment-id=\"157735\" data-permalink=\"https:\/\/www.hoymercedes.com.ar\/principal\/2023\/01\/27\/despiste-y-vuelco-sobre-ruta-5-2\/fb_img_16748241162282\/#main\" data-orig-file=\"https:\/\/www.hoymercedes.com.ar\/principal\/wp-content\/uploads\/2023\/01\/FB_IMG_16748241162282.jpg\" data-orig-size=\"748,499\" data-comments-opened=\"0\" data-image-meta=\"{&quot;aperture&quot;:&quot;0&quot;,&quot;credit&quot;:&quot;&quot;,&quot;camera&quot;:&quot;&quot;,&quot;caption&quot;:&quot;&quot;,&quot;created_timestamp&quot;:&quot;0&quot;,&quot;copyright&quot;:&quot;&quot;,&quot;focal_length&quot;:&quot;0&quot;,&quot;iso&quot;:&quot;0&quot;,&quot;shutter_speed&quot;:&quot;0&quot;,&quot;title&quot;:&quot;&quot;,&quot;orientation&quot;:&quot;1&quot;}\" data-image-title=\"FB_IMG_1674824116228~2\" data-image-description=\"\" data-image-caption=\"\" data-large-file=\"https:\/\/www.hoymercedes.com.ar\/principal\/wp-content\/uploads\/2023\/01\/FB_IMG_16748241162282.jpg\" data-id=\"157735\" src=\"https:\/\/www.hoymercedes.com.ar\/principal\/wp-content\/uploads\/2023\/01\/FB_IMG_16748241162282.jpg\" alt=\"\" class=\"wp-image-157735\" srcset=\"https:\/\/www.hoymercedes.com.ar\/principal\/wp-content\/uploads\/2023\/01\/FB_IMG_16748241162282.jpg 748w, https:\/\/www.hoymercedes.com.ar\/principal\/wp-content\/uploads\/2023\/01\/FB_IMG_16748241162282-630x420.jpg 630w, https:\/\/www.hoymercedes.com.ar\/principal\/wp-content\/uploads\/2023\/01\/FB_IMG_16748241162282-150x100.jpg 150w\" sizes=\"auto, (max-width: 748px) 100vw, 748px\" \/><\/figure>\n<\/figure>\n\n\n\n<p><\/p>\n","protected":false},"excerpt":{"rendered":"<p>Minutos antes de las la 6 de ma\u00f1ana de este viernes, se registr\u00f3 un despiste y vuelco sobre el trazado &#8230; <a title=\"Despiste y vuelco sobre Ruta 5\" class=\"read-more\" href=\"https:\/\/www.hoymercedes.com.ar\/principal\/2023\/01\/27\/despiste-y-vuelco-sobre-ruta-5-2\/\" aria-label=\"Leer m\u00e1s sobre Despiste y vuelco sobre Ruta 5\">Leer m\u00e1s<\/a><\/p>\n","protected":false},"author":1,"featured_media":157736,"comment_status":"closed","ping_status":"open","sticky":false,"template":"","format":"standard","meta":{"_monsterinsights_skip_tracking":false,"_monsterinsights_sitenote_active":false,"_monsterinsights_sitenote_note":"","_monsterinsights_sitenote_category":0,"jetpack_post_was_ever_published":false,"_jetpack_newsletter_access":"","_jetpack_dont_email_post_to_subs":false,"_jetpack_newsletter_tier_id":0,"_jetpack_memberships_contains_paywalled_content":false,"_jetpack_memberships_contains_paid_content":false,"footnotes":"","jetpack_publicize_message":"","jetpack_publicize_feature_enabled":true,"jetpack_social_post_already_shared":true,"jetpack_social_options":{"image_generator_settings":{"template":"highway","default_image_id":0,"font":"","enabled":false},"version":2},"_wpas_customize_per_network":false},"categories":[5501],"tags":[1057,538,10395],"class_list":["post-157733","post","type-post","status-publish","format-standard","has-post-thumbnail","hentry","category-region","tag-regional","tag-ruta-5","tag-siniestro-vial","generate-columns","tablet-grid-50","mobile-grid-100","grid-parent","grid-50"],"jetpack_publicize_connections":[],"jetpack_featured_media_url":"https:\/\/www.hoymercedes.com.ar\/principal\/wp-content\/uploads\/2023\/01\/FB_IMG_16748241224392.jpg","wps_subtitle":"","jetpack_sharing_enabled":true,"_links":{"self":[{"href":"https:\/\/www.hoymercedes.com.ar\/principal\/wp-json\/wp\/v2\/posts\/157733","targetHints":{"allow":["GET"]}}],"collection":[{"href":"https:\/\/www.hoymercedes.com.ar\/principal\/wp-json\/wp\/v2\/posts"}],"about":[{"href":"https:\/\/www.hoymercedes.com.ar\/principal\/wp-json\/wp\/v2\/types\/post"}],"author":[{"embeddable":true,"href":"https:\/\/www.hoymercedes.com.ar\/principal\/wp-json\/wp\/v2\/users\/1"}],"replies":[{"embeddable":true,"href":"https:\/\/www.hoymercedes.com.ar\/principal\/wp-json\/wp\/v2\/comments?post=157733"}],"version-history":[{"count":0,"href":"https:\/\/www.hoymercedes.com.ar\/principal\/wp-json\/wp\/v2\/posts\/157733\/revisions"}],"wp:featuredmedia":[{"embeddable":true,"href":"https:\/\/www.hoymercedes.com.ar\/principal\/wp-json\/wp\/v2\/media\/157736"}],"wp:attachment":[{"href":"https:\/\/www.hoymercedes.com.ar\/principal\/wp-json\/wp\/v2\/media?parent=157733"}],"wp:term":[{"taxonomy":"category","embeddable":true,"href":"https:\/\/www.hoymercedes.com.ar\/principal\/wp-json\/wp\/v2\/categories?post=157733"},{"taxonomy":"post_tag","embeddable":true,"href":"https:\/\/www.hoymercedes.com.ar\/principal\/wp-json\/wp\/v2\/tags?post=157733"}],"curies":[{"name":"wp","href":"https:\/\/api.w.org\/{rel}","templated":true}]}}