{"id":157772,"date":"2023-01-28T11:23:43","date_gmt":"2023-01-28T14:23:43","guid":{"rendered":"https:\/\/www.hoymercedes.com.ar\/principal\/?p=157772"},"modified":"2023-01-28T11:23:47","modified_gmt":"2023-01-28T14:23:47","slug":"los-dias-4-y-5-de-febrero-se-hara-una-nueva-edicion-del-paseo-del-vino","status":"publish","type":"post","link":"https:\/\/www.hoymercedes.com.ar\/principal\/2023\/01\/28\/los-dias-4-y-5-de-febrero-se-hara-una-nueva-edicion-del-paseo-del-vino\/","title":{"rendered":"Los d\u00edas 4 y 5 de febrero se har\u00e1 una nueva edici\u00f3n del \u00abPaseo del Vino\u00bb"},"content":{"rendered":"\n<p>D\u00edas atr\u00e1s el Municipio junto a referentes locales de bodegas del pais anunciaron la realizaci\u00f3n de una nueva edici\u00f3n del Paseo del Vino que llega con algunos cambios a los eventos anteriores. En esta oportunidad, el evento se realizar\u00e1 en el Parque Municipal los d\u00edas 4 y 5 de febrero. Con entrada libre y gratuita, a la venta anticipada est\u00e1n los cupones para la degustaci\u00f3n de vinos. <\/p>\n\n\n\n<figure class=\"wp-block-image size-full\"><img loading=\"lazy\" decoding=\"async\" width=\"800\" height=\"534\" data-attachment-id=\"157773\" data-permalink=\"https:\/\/www.hoymercedes.com.ar\/principal\/2023\/01\/28\/los-dias-4-y-5-de-febrero-se-hara-una-nueva-edicion-del-paseo-del-vino\/paseovino-verano-12\/#main\" data-orig-file=\"https:\/\/www.hoymercedes.com.ar\/principal\/wp-content\/uploads\/2023\/01\/PaseoVino-Verano.12.jpg\" data-orig-size=\"800,534\" data-comments-opened=\"0\" data-image-meta=\"{&quot;aperture&quot;:&quot;0&quot;,&quot;credit&quot;:&quot;&quot;,&quot;camera&quot;:&quot;&quot;,&quot;caption&quot;:&quot;&quot;,&quot;created_timestamp&quot;:&quot;0&quot;,&quot;copyright&quot;:&quot;&quot;,&quot;focal_length&quot;:&quot;0&quot;,&quot;iso&quot;:&quot;0&quot;,&quot;shutter_speed&quot;:&quot;0&quot;,&quot;title&quot;:&quot;&quot;,&quot;orientation&quot;:&quot;0&quot;}\" data-image-title=\"PaseoVino-Verano.12\" data-image-description=\"\" data-image-caption=\"\" data-large-file=\"https:\/\/www.hoymercedes.com.ar\/principal\/wp-content\/uploads\/2023\/01\/PaseoVino-Verano.12.jpg\" src=\"https:\/\/www.hoymercedes.com.ar\/principal\/wp-content\/uploads\/2023\/01\/PaseoVino-Verano.12.jpg\" alt=\"\" class=\"wp-image-157773\" srcset=\"https:\/\/www.hoymercedes.com.ar\/principal\/wp-content\/uploads\/2023\/01\/PaseoVino-Verano.12.jpg 800w, https:\/\/www.hoymercedes.com.ar\/principal\/wp-content\/uploads\/2023\/01\/PaseoVino-Verano.12-630x421.jpg 630w, https:\/\/www.hoymercedes.com.ar\/principal\/wp-content\/uploads\/2023\/01\/PaseoVino-Verano.12-150x100.jpg 150w\" sizes=\"auto, (max-width: 800px) 100vw, 800px\" \/><\/figure>\n\n\n\n<p>En la presentaci\u00f3n del evento, las autoridades municipales adelantaron c\u00f3mo ser\u00e1 la edici\u00f3n del Paseo del Vino. El cambio de lugar permitir\u00e1 que m\u00e1s familias puedan acercarse al predio. No obstante, el evento continuar\u00e1 con la modalidad de cataci\u00f3n de vinos. A trav\u00e9s de una cuponera que se puede adquirir de manera anticipada en las vinotecas auspiciantes. Esto le permitir\u00e1 a la persona que la adquiera tener una copa de regalo y cupones para 5 degustaciones. <\/p>\n\n\n\n<p>Miembro del \u00e1rea de Cultura, Francisco Dinova, explic\u00f3 que \u00abla cuponera se encuentra a la venta en las dos vinotecas participantes, P\u00e1ramo y Malbec, y de manera online. Sale 2.200 pesos \u2013anticipada- y 2.500 en el predio, viene con una copa de regalo y 5 degustaciones\u201d. Asimismo cont\u00f3 que en el predio se retirar\u00e1n las cuponeras compradas onilne o comprarlas en el mismo momento. Adem\u00e1s, con la compra de esa cuponera \u00abestar\u00e1n participando para una estad\u00eda para 4 personas, dos mayores y dos menores en un resort de Bariloche\u201d. \u00a0<\/p>\n\n\n\n<p>No obstante, el Paseo del Vino est\u00e1 abierto a la familia. Incluso si no les gusta el vino. La entrada ser\u00e1 libre y gratuita, para sumarse m\u00fasica en vivo, intervenciones art\u00edsticas, food trucks con ofertas gastron\u00f3micas diversas. <\/p>\n\n\n\n<p><\/p>\n","protected":false},"excerpt":{"rendered":"<p>Una nueva edici\u00f3n del Paseo del Vino se realizar\u00e1 en el Parque Municipal los d\u00edas 4 y 5 de febrero. La venta anticipada de los cupones para la degustaci\u00f3n de vinos ya comenz\u00f3. <\/p>\n","protected":false},"author":1,"featured_media":157773,"comment_status":"closed","ping_status":"open","sticky":false,"template":"","format":"standard","meta":{"_monsterinsights_skip_tracking":false,"_monsterinsights_sitenote_active":false,"_monsterinsights_sitenote_note":"","_monsterinsights_sitenote_category":0,"jetpack_post_was_ever_published":false,"_jetpack_newsletter_access":"","_jetpack_dont_email_post_to_subs":false,"_jetpack_newsletter_tier_id":0,"_jetpack_memberships_contains_paywalled_content":false,"_jetpack_memberships_contains_paid_content":false,"footnotes":"","jetpack_publicize_message":"","jetpack_publicize_feature_enabled":true,"jetpack_social_post_already_shared":true,"jetpack_social_options":{"image_generator_settings":{"template":"highway","default_image_id":0,"font":"","enabled":false},"version":2},"_wpas_customize_per_network":false},"categories":[8],"tags":[],"class_list":["post-157772","post","type-post","status-publish","format-standard","has-post-thumbnail","hentry","category-sociedad","generate-columns","tablet-grid-50","mobile-grid-100","grid-parent","grid-50"],"jetpack_publicize_connections":[],"jetpack_featured_media_url":"https:\/\/www.hoymercedes.com.ar\/principal\/wp-content\/uploads\/2023\/01\/PaseoVino-Verano.12.jpg","wps_subtitle":"","jetpack_sharing_enabled":true,"_links":{"self":[{"href":"https:\/\/www.hoymercedes.com.ar\/principal\/wp-json\/wp\/v2\/posts\/157772","targetHints":{"allow":["GET"]}}],"collection":[{"href":"https:\/\/www.hoymercedes.com.ar\/principal\/wp-json\/wp\/v2\/posts"}],"about":[{"href":"https:\/\/www.hoymercedes.com.ar\/principal\/wp-json\/wp\/v2\/types\/post"}],"author":[{"embeddable":true,"href":"https:\/\/www.hoymercedes.com.ar\/principal\/wp-json\/wp\/v2\/users\/1"}],"replies":[{"embeddable":true,"href":"https:\/\/www.hoymercedes.com.ar\/principal\/wp-json\/wp\/v2\/comments?post=157772"}],"version-history":[{"count":0,"href":"https:\/\/www.hoymercedes.com.ar\/principal\/wp-json\/wp\/v2\/posts\/157772\/revisions"}],"wp:featuredmedia":[{"embeddable":true,"href":"https:\/\/www.hoymercedes.com.ar\/principal\/wp-json\/wp\/v2\/media\/157773"}],"wp:attachment":[{"href":"https:\/\/www.hoymercedes.com.ar\/principal\/wp-json\/wp\/v2\/media?parent=157772"}],"wp:term":[{"taxonomy":"category","embeddable":true,"href":"https:\/\/www.hoymercedes.com.ar\/principal\/wp-json\/wp\/v2\/categories?post=157772"},{"taxonomy":"post_tag","embeddable":true,"href":"https:\/\/www.hoymercedes.com.ar\/principal\/wp-json\/wp\/v2\/tags?post=157772"}],"curies":[{"name":"wp","href":"https:\/\/api.w.org\/{rel}","templated":true}]}}