{"id":157866,"date":"2023-02-01T07:26:00","date_gmt":"2023-02-01T10:26:00","guid":{"rendered":"https:\/\/www.hoymercedes.com.ar\/principal\/?p=157866"},"modified":"2023-02-01T09:54:03","modified_gmt":"2023-02-01T12:54:03","slug":"se-viene-el-altamira-rock-rural","status":"publish","type":"post","link":"https:\/\/www.hoymercedes.com.ar\/principal\/2023\/02\/01\/se-viene-el-altamira-rock-rural\/","title":{"rendered":"Se viene el Altamira Rock Rural"},"content":{"rendered":"\n<p>La localidad de Altamira realizar\u00e1 la quinta edici\u00f3n del Altamira Rural Rock este 3, 4 y 5 de febrero en el predio de la estaci\u00f3n del Ferrocarril Belgrano (626 y 621). El Municipio de Mercedes acompa\u00f1a e impulsa este evento cultural que contribuye con la Sociedad de Fomento y la Comisi\u00f3n de Fiestas para realizar obras de bien com\u00fan para la comunidad. &nbsp;<\/p>\n\n\n<div class=\"wp-block-image\">\n<figure class=\"aligncenter size-full\"><img loading=\"lazy\" decoding=\"async\" width=\"853\" height=\"568\" data-attachment-id=\"157867\" data-permalink=\"https:\/\/www.hoymercedes.com.ar\/principal\/2023\/02\/01\/se-viene-el-altamira-rock-rural\/altamira-rock-rural\/#main\" data-orig-file=\"https:\/\/www.hoymercedes.com.ar\/principal\/wp-content\/uploads\/2023\/02\/altamira-rock-rural.jpg\" data-orig-size=\"853,568\" data-comments-opened=\"0\" data-image-meta=\"{&quot;aperture&quot;:&quot;0&quot;,&quot;credit&quot;:&quot;&quot;,&quot;camera&quot;:&quot;&quot;,&quot;caption&quot;:&quot;&quot;,&quot;created_timestamp&quot;:&quot;0&quot;,&quot;copyright&quot;:&quot;&quot;,&quot;focal_length&quot;:&quot;0&quot;,&quot;iso&quot;:&quot;0&quot;,&quot;shutter_speed&quot;:&quot;0&quot;,&quot;title&quot;:&quot;&quot;,&quot;orientation&quot;:&quot;0&quot;}\" data-image-title=\"altamira rock rural\" data-image-description=\"\" data-image-caption=\"\" data-large-file=\"https:\/\/www.hoymercedes.com.ar\/principal\/wp-content\/uploads\/2023\/02\/altamira-rock-rural.jpg\" src=\"https:\/\/www.hoymercedes.com.ar\/principal\/wp-content\/uploads\/2023\/02\/altamira-rock-rural.jpg\" alt=\"\" class=\"wp-image-157867\" srcset=\"https:\/\/www.hoymercedes.com.ar\/principal\/wp-content\/uploads\/2023\/02\/altamira-rock-rural.jpg 853w, https:\/\/www.hoymercedes.com.ar\/principal\/wp-content\/uploads\/2023\/02\/altamira-rock-rural-630x420.jpg 630w, https:\/\/www.hoymercedes.com.ar\/principal\/wp-content\/uploads\/2023\/02\/altamira-rock-rural-150x100.jpg 150w, https:\/\/www.hoymercedes.com.ar\/principal\/wp-content\/uploads\/2023\/02\/altamira-rock-rural-700x465.jpg 700w\" sizes=\"auto, (max-width: 853px) 100vw, 853px\" \/><\/figure>\n<\/div>\n\n\n<p>Dami\u00e1n Lacoste, qui\u00e9n es parte de la organizaci\u00f3n dijo \u201cestamos muy felices de poder llevar adelante este quinto volumen del Altamira Rock\u201d y agreg\u00f3 \u201cde esta manera seguimos trabajando y mejorando nuestro pueblo\u201d. &nbsp;<\/p>\n\n\n\n<p>Asimismo, Lacoste inform\u00f3 \u201cel evento tiene un valor de entrada de 1.200 pesos por personas todo el fin de semana \u2013sirve para los 3 d\u00edas- no se puede ingresar con bebidas alcoh\u00f3licas, pero pod\u00e9s traerte la carne y la parrilla, hay acampe, tenemos duchas, ba\u00f1os qu\u00edmicos, as\u00ed que est\u00e1n m\u00e1s que invitados\u201d. &nbsp;<\/p>\n\n\n\n<p>Durante estos tres d\u00edas, los amantes del rock podr\u00e1n disfrutar de: Legendario 70, Ciervo, Macadam, Antz (guitarrista de Horcas), Ruta 3 con Beto Ceriotti (bajista de almafuerte), Tano Marciello (guitarrista de Almafuerte), La Mississippi, Cr\u00e1neo candente, Medieval y Asesinos del Pentagrama. Adem\u00e1s, habr\u00e1 encuentros de artesanos, puestos cerveceros, productores de la localidad de Altamira y las famosas vaquillonas por parte de la agrupaci\u00f3n gaucha local. &nbsp;<\/p>\n\n\n\n<p>Fuente: Prensa Municipal <\/p>\n","protected":false},"excerpt":{"rendered":"<p>El Altamira Rural Rock ser\u00e1 los d\u00edas 3, 4 y 5 de febrero en el predio de la estaci\u00f3n Altamira del Ferrocarril Belgrano Sur (626 y 621). Actuar\u00e1n Legendario 70, Macadam, La Mississippi, Tano Marciello, entre otros. <\/p>\n","protected":false},"author":1,"featured_media":157867,"comment_status":"closed","ping_status":"open","sticky":false,"template":"","format":"standard","meta":{"_monsterinsights_skip_tracking":false,"_monsterinsights_sitenote_active":false,"_monsterinsights_sitenote_note":"","_monsterinsights_sitenote_category":0,"jetpack_post_was_ever_published":false,"_jetpack_newsletter_access":"","_jetpack_dont_email_post_to_subs":false,"_jetpack_newsletter_tier_id":0,"_jetpack_memberships_contains_paywalled_content":false,"_jetpack_memberships_contains_paid_content":false,"footnotes":"","jetpack_publicize_message":"","jetpack_publicize_feature_enabled":true,"jetpack_social_post_already_shared":true,"jetpack_social_options":{"image_generator_settings":{"template":"highway","default_image_id":0,"font":"","enabled":false},"version":2},"_wpas_customize_per_network":false},"categories":[104],"tags":[7805],"class_list":["post-157866","post","type-post","status-publish","format-standard","has-post-thumbnail","hentry","category-cultura","tag-cultura","generate-columns","tablet-grid-50","mobile-grid-100","grid-parent","grid-50"],"jetpack_publicize_connections":[],"jetpack_featured_media_url":"https:\/\/www.hoymercedes.com.ar\/principal\/wp-content\/uploads\/2023\/02\/altamira-rock-rural.jpg","wps_subtitle":"","jetpack_sharing_enabled":true,"_links":{"self":[{"href":"https:\/\/www.hoymercedes.com.ar\/principal\/wp-json\/wp\/v2\/posts\/157866","targetHints":{"allow":["GET"]}}],"collection":[{"href":"https:\/\/www.hoymercedes.com.ar\/principal\/wp-json\/wp\/v2\/posts"}],"about":[{"href":"https:\/\/www.hoymercedes.com.ar\/principal\/wp-json\/wp\/v2\/types\/post"}],"author":[{"embeddable":true,"href":"https:\/\/www.hoymercedes.com.ar\/principal\/wp-json\/wp\/v2\/users\/1"}],"replies":[{"embeddable":true,"href":"https:\/\/www.hoymercedes.com.ar\/principal\/wp-json\/wp\/v2\/comments?post=157866"}],"version-history":[{"count":0,"href":"https:\/\/www.hoymercedes.com.ar\/principal\/wp-json\/wp\/v2\/posts\/157866\/revisions"}],"wp:featuredmedia":[{"embeddable":true,"href":"https:\/\/www.hoymercedes.com.ar\/principal\/wp-json\/wp\/v2\/media\/157867"}],"wp:attachment":[{"href":"https:\/\/www.hoymercedes.com.ar\/principal\/wp-json\/wp\/v2\/media?parent=157866"}],"wp:term":[{"taxonomy":"category","embeddable":true,"href":"https:\/\/www.hoymercedes.com.ar\/principal\/wp-json\/wp\/v2\/categories?post=157866"},{"taxonomy":"post_tag","embeddable":true,"href":"https:\/\/www.hoymercedes.com.ar\/principal\/wp-json\/wp\/v2\/tags?post=157866"}],"curies":[{"name":"wp","href":"https:\/\/api.w.org\/{rel}","templated":true}]}}