{"id":157879,"date":"2023-02-01T11:34:29","date_gmt":"2023-02-01T14:34:29","guid":{"rendered":"https:\/\/www.hoymercedes.com.ar\/principal\/?p=157879"},"modified":"2023-02-01T11:34:33","modified_gmt":"2023-02-01T14:34:33","slug":"escape-de-gas-en-avenida-1-entre-28-y-26","status":"publish","type":"post","link":"https:\/\/www.hoymercedes.com.ar\/principal\/2023\/02\/01\/escape-de-gas-en-avenida-1-entre-28-y-26\/","title":{"rendered":"Escape de gas en avenida 1 entre 28 y 26"},"content":{"rendered":"\n<p>Cerca de las 11 de la ma\u00f1ana, en el terreno de una casa que demolieron y que est\u00e1n llimpiando, una maquinaria golpe\u00f3 una ca\u00f1o produciendo un escape de gas. Esto motiv\u00f3 la convocatoria de Bomberos Voluntarios y Protecci\u00f3n Civil que se dieron dirigieron a la Avenida 1, entre las calles 28 y 26 respondiendo un \u00abc\u00f3digo rojo\u00bb. <\/p>\n\n\n<div class=\"wp-block-image\">\n<figure class=\"aligncenter size-full\"><img loading=\"lazy\" decoding=\"async\" width=\"800\" height=\"533\" data-attachment-id=\"157881\" data-permalink=\"https:\/\/www.hoymercedes.com.ar\/principal\/2023\/02\/01\/escape-de-gas-en-avenida-1-entre-28-y-26\/img_20230201_110142718_hdr\/#main\" data-orig-file=\"https:\/\/www.hoymercedes.com.ar\/principal\/wp-content\/uploads\/2023\/02\/IMG_20230201_110142718_HDR.jpg\" data-orig-size=\"800,533\" data-comments-opened=\"0\" data-image-meta=\"{&quot;aperture&quot;:&quot;0&quot;,&quot;credit&quot;:&quot;&quot;,&quot;camera&quot;:&quot;&quot;,&quot;caption&quot;:&quot;&quot;,&quot;created_timestamp&quot;:&quot;1675249303&quot;,&quot;copyright&quot;:&quot;&quot;,&quot;focal_length&quot;:&quot;0&quot;,&quot;iso&quot;:&quot;0&quot;,&quot;shutter_speed&quot;:&quot;0&quot;,&quot;title&quot;:&quot;&quot;,&quot;orientation&quot;:&quot;1&quot;}\" data-image-title=\"IMG_20230201_110142718_HDR\" data-image-description=\"\" data-image-caption=\"\" data-large-file=\"https:\/\/www.hoymercedes.com.ar\/principal\/wp-content\/uploads\/2023\/02\/IMG_20230201_110142718_HDR.jpg\" src=\"https:\/\/www.hoymercedes.com.ar\/principal\/wp-content\/uploads\/2023\/02\/IMG_20230201_110142718_HDR.jpg\" alt=\"\" class=\"wp-image-157881\" srcset=\"https:\/\/www.hoymercedes.com.ar\/principal\/wp-content\/uploads\/2023\/02\/IMG_20230201_110142718_HDR.jpg 800w, https:\/\/www.hoymercedes.com.ar\/principal\/wp-content\/uploads\/2023\/02\/IMG_20230201_110142718_HDR-630x420.jpg 630w, https:\/\/www.hoymercedes.com.ar\/principal\/wp-content\/uploads\/2023\/02\/IMG_20230201_110142718_HDR-150x100.jpg 150w, https:\/\/www.hoymercedes.com.ar\/principal\/wp-content\/uploads\/2023\/02\/IMG_20230201_110142718_HDR-700x465.jpg 700w\" sizes=\"auto, (max-width: 800px) 100vw, 800px\" \/><\/figure>\n<\/div>\n\n\n<p>De acuerdo a la informaci\u00f3n suministrada por Agustina Lor\u00e9, responsable de Protecci\u00f3n Civil, explic\u00f3 a este medio que hab\u00eda sucedido. Asimismo, dijo que se hab\u00edan comunicado con la empresa Naturgy para que llegue la cuadrilla a reparar la rotura. Estiman que podr\u00eda pasar una hora, ya que las cuadrilla vendr\u00eda desde La Matanza. <\/p>\n\n\n\n<p>En tanto, el m\u00f3vil 39 de Bomberos coordinado por Pablo Marcori se encuentra trabajando en la obturaci\u00f3n del ca\u00f1o. Solicitaron a los vecinos que corten la luz y cierren sus ventanas, as\u00ed como cortaron el tr\u00e1nsito en la mano de la Avenida 1 para evitar que circulen veh\u00edculos a combusti\u00f3n cerca de la p\u00e9rdida de gas. <\/p>\n\n\n\n<p>Fotograf\u00edas: Clarisa Altieri<\/p>\n\n\n<div class=\"wp-block-image\">\n<figure class=\"aligncenter size-full\"><img loading=\"lazy\" decoding=\"async\" width=\"800\" height=\"533\" data-attachment-id=\"157880\" data-permalink=\"https:\/\/www.hoymercedes.com.ar\/principal\/2023\/02\/01\/escape-de-gas-en-avenida-1-entre-28-y-26\/img_20230201_110116766_hdr\/#main\" data-orig-file=\"https:\/\/www.hoymercedes.com.ar\/principal\/wp-content\/uploads\/2023\/02\/IMG_20230201_110116766_HDR.jpg\" data-orig-size=\"800,533\" data-comments-opened=\"0\" data-image-meta=\"{&quot;aperture&quot;:&quot;0&quot;,&quot;credit&quot;:&quot;&quot;,&quot;camera&quot;:&quot;&quot;,&quot;caption&quot;:&quot;&quot;,&quot;created_timestamp&quot;:&quot;1675249277&quot;,&quot;copyright&quot;:&quot;&quot;,&quot;focal_length&quot;:&quot;0&quot;,&quot;iso&quot;:&quot;0&quot;,&quot;shutter_speed&quot;:&quot;0&quot;,&quot;title&quot;:&quot;&quot;,&quot;orientation&quot;:&quot;1&quot;}\" data-image-title=\"IMG_20230201_110116766_HDR\" data-image-description=\"\" data-image-caption=\"\" data-large-file=\"https:\/\/www.hoymercedes.com.ar\/principal\/wp-content\/uploads\/2023\/02\/IMG_20230201_110116766_HDR.jpg\" src=\"https:\/\/www.hoymercedes.com.ar\/principal\/wp-content\/uploads\/2023\/02\/IMG_20230201_110116766_HDR.jpg\" alt=\"\" class=\"wp-image-157880\" srcset=\"https:\/\/www.hoymercedes.com.ar\/principal\/wp-content\/uploads\/2023\/02\/IMG_20230201_110116766_HDR.jpg 800w, https:\/\/www.hoymercedes.com.ar\/principal\/wp-content\/uploads\/2023\/02\/IMG_20230201_110116766_HDR-630x420.jpg 630w, https:\/\/www.hoymercedes.com.ar\/principal\/wp-content\/uploads\/2023\/02\/IMG_20230201_110116766_HDR-150x100.jpg 150w, https:\/\/www.hoymercedes.com.ar\/principal\/wp-content\/uploads\/2023\/02\/IMG_20230201_110116766_HDR-700x465.jpg 700w\" sizes=\"auto, (max-width: 800px) 100vw, 800px\" \/><\/figure>\n<\/div>","protected":false},"excerpt":{"rendered":"<p>Cerca de las 11 am. Una maquinaria trabajando en la demolici\u00f3n de una casa golpe\u00f3 un ca\u00f1o produciendo un escape de gas. Por precauci\u00f3n hasta que se acerque la empresa Naturgy, Bomberos Voluntarios y Protecci\u00f3n Civil cort\u00f3 el tr\u00e1nsito en una de las manos de Avenida 1, entre 28 y 26. <\/p>\n","protected":false},"author":1,"featured_media":157880,"comment_status":"closed","ping_status":"open","sticky":false,"template":"","format":"standard","meta":{"_monsterinsights_skip_tracking":false,"_monsterinsights_sitenote_active":false,"_monsterinsights_sitenote_note":"","_monsterinsights_sitenote_category":0,"jetpack_post_was_ever_published":false,"_jetpack_newsletter_access":"","_jetpack_dont_email_post_to_subs":false,"_jetpack_newsletter_tier_id":0,"_jetpack_memberships_contains_paywalled_content":false,"_jetpack_memberships_contains_paid_content":false,"footnotes":"","jetpack_publicize_message":"","jetpack_publicize_feature_enabled":true,"jetpack_social_post_already_shared":true,"jetpack_social_options":{"image_generator_settings":{"template":"highway","default_image_id":0,"font":"","enabled":false},"version":2},"_wpas_customize_per_network":false},"categories":[8],"tags":[],"class_list":["post-157879","post","type-post","status-publish","format-standard","has-post-thumbnail","hentry","category-sociedad","generate-columns","tablet-grid-50","mobile-grid-100","grid-parent","grid-50"],"jetpack_publicize_connections":[],"jetpack_featured_media_url":"https:\/\/www.hoymercedes.com.ar\/principal\/wp-content\/uploads\/2023\/02\/IMG_20230201_110116766_HDR.jpg","wps_subtitle":"","jetpack_sharing_enabled":true,"_links":{"self":[{"href":"https:\/\/www.hoymercedes.com.ar\/principal\/wp-json\/wp\/v2\/posts\/157879","targetHints":{"allow":["GET"]}}],"collection":[{"href":"https:\/\/www.hoymercedes.com.ar\/principal\/wp-json\/wp\/v2\/posts"}],"about":[{"href":"https:\/\/www.hoymercedes.com.ar\/principal\/wp-json\/wp\/v2\/types\/post"}],"author":[{"embeddable":true,"href":"https:\/\/www.hoymercedes.com.ar\/principal\/wp-json\/wp\/v2\/users\/1"}],"replies":[{"embeddable":true,"href":"https:\/\/www.hoymercedes.com.ar\/principal\/wp-json\/wp\/v2\/comments?post=157879"}],"version-history":[{"count":0,"href":"https:\/\/www.hoymercedes.com.ar\/principal\/wp-json\/wp\/v2\/posts\/157879\/revisions"}],"wp:featuredmedia":[{"embeddable":true,"href":"https:\/\/www.hoymercedes.com.ar\/principal\/wp-json\/wp\/v2\/media\/157880"}],"wp:attachment":[{"href":"https:\/\/www.hoymercedes.com.ar\/principal\/wp-json\/wp\/v2\/media?parent=157879"}],"wp:term":[{"taxonomy":"category","embeddable":true,"href":"https:\/\/www.hoymercedes.com.ar\/principal\/wp-json\/wp\/v2\/categories?post=157879"},{"taxonomy":"post_tag","embeddable":true,"href":"https:\/\/www.hoymercedes.com.ar\/principal\/wp-json\/wp\/v2\/tags?post=157879"}],"curies":[{"name":"wp","href":"https:\/\/api.w.org\/{rel}","templated":true}]}}