{"id":158017,"date":"2023-02-06T11:31:14","date_gmt":"2023-02-06T14:31:14","guid":{"rendered":"https:\/\/www.hoymercedes.com.ar\/principal\/?p=158017"},"modified":"2023-02-06T11:31:18","modified_gmt":"2023-02-06T14:31:18","slug":"velez-gano-en-suipacha-y-se-clasifica","status":"publish","type":"post","link":"https:\/\/www.hoymercedes.com.ar\/principal\/2023\/02\/06\/velez-gano-en-suipacha-y-se-clasifica\/","title":{"rendered":"V\u00e9lez gan\u00f3 en Suipacha y se clasifica"},"content":{"rendered":"\n<p><strong>Los del \u201cmolino\u201d lograron traerse la victoria en el \u00faltimo minuto y asegurarse un lugar en la pr\u00f3xima ronda del Torneo Federaci\u00f3n Norte. Ahora definir\u00e1n la zona de local, primero ante Independiente y luego frente a Villarino.<\/strong><\/p>\n\n\n<div class=\"wp-block-image\">\n<figure class=\"aligncenter size-full\"><img loading=\"lazy\" decoding=\"async\" width=\"800\" height=\"533\" data-attachment-id=\"158018\" data-permalink=\"https:\/\/www.hoymercedes.com.ar\/principal\/2023\/02\/06\/velez-gano-en-suipacha-y-se-clasifica\/dvelez-0602\/#main\" data-orig-file=\"https:\/\/www.hoymercedes.com.ar\/principal\/wp-content\/uploads\/2023\/02\/dvelez-0602.jpeg\" data-orig-size=\"800,533\" data-comments-opened=\"0\" data-image-meta=\"{&quot;aperture&quot;:&quot;0&quot;,&quot;credit&quot;:&quot;&quot;,&quot;camera&quot;:&quot;&quot;,&quot;caption&quot;:&quot;&quot;,&quot;created_timestamp&quot;:&quot;0&quot;,&quot;copyright&quot;:&quot;&quot;,&quot;focal_length&quot;:&quot;0&quot;,&quot;iso&quot;:&quot;0&quot;,&quot;shutter_speed&quot;:&quot;0&quot;,&quot;title&quot;:&quot;&quot;,&quot;orientation&quot;:&quot;0&quot;}\" data-image-title=\"dvelez 0602\" data-image-description=\"\" data-image-caption=\"\" data-large-file=\"https:\/\/www.hoymercedes.com.ar\/principal\/wp-content\/uploads\/2023\/02\/dvelez-0602.jpeg\" src=\"https:\/\/www.hoymercedes.com.ar\/principal\/wp-content\/uploads\/2023\/02\/dvelez-0602.jpeg\" alt=\"\" class=\"wp-image-158018\" srcset=\"https:\/\/www.hoymercedes.com.ar\/principal\/wp-content\/uploads\/2023\/02\/dvelez-0602.jpeg 800w, https:\/\/www.hoymercedes.com.ar\/principal\/wp-content\/uploads\/2023\/02\/dvelez-0602-630x420.jpeg 630w, https:\/\/www.hoymercedes.com.ar\/principal\/wp-content\/uploads\/2023\/02\/dvelez-0602-150x100.jpeg 150w, https:\/\/www.hoymercedes.com.ar\/principal\/wp-content\/uploads\/2023\/02\/dvelez-0602-700x465.jpeg 700w\" sizes=\"auto, (max-width: 800px) 100vw, 800px\" \/><\/figure>\n<\/div>\n\n\n<p>El s\u00e1bado por la tarde en el Estadio Municipal de Suipacha se llev\u00f3 a cabo el partido entre Juventud y V\u00e9lez Sarsfield por la cuarta fecha en la zona 4 del Torneo Federaci\u00f3n Norte.<\/p>\n\n\n\n<p>El conjunto mercedino llegaba invicto a los encuentros de vuelta y liderando la tabla con dos victorias y un empate. En tanto el local ven\u00eda de perder en casa contra Independiente el pasado fin de semana y necesitaba ganar para no perderle pisada a los de arriba.<\/p>\n\n\n\n<p>En el comienzo de los primeros 45 minutos los equipos no lograron sacarse diferencias y el juego qued\u00f3 un tanto deslucid y con pocas aproximaciones al arco.<\/p>\n\n\n\n<p>Pero en el complemento, los dos arriesgaron un poco m\u00e1s desde el juego y se comenzaron a ver las primeras jugadas de gol. La primera fue en los pies de Perrisuet, delantero del \u201clechero\u201d pero Ram\u00edrez, arquero de V\u00e9lez Sarsfield logr\u00f3 contener el gol en los primeros minutos. Sin embargo, la visita puso mostrar sus cartas r\u00e1pidamente en los pies de De Santis.<\/p>\n\n\n\n<p>Los cambios no se hicieron esperar y a la media de hora de partido los dos buscaban quedarse con los tres puntos en juegos dejando un entretenido encuentro para el marco de p\u00fablico que se hab\u00eda acercado al Municipal de Suipacha. Torre tuvo su chance para adelantar a V\u00e9lez pero el travesa\u00f1o se lo neg\u00f3, mientras que en el \u00e1rea de enfrente el experimentado Luis Lawler obligaba a la defensa mercedina.<\/p>\n\n\n\n<p>Casi en el final, De Santis logr\u00f3 dejar a Mu\u00f1oz de frente al arco local para romper la igualdad y poner a V\u00e9lez&nbsp; 1 a 0 arriba, marcando ya una especialidad de la casa el hecho de convertir sobre el cierre del partido. En el adicional, Lawler tuvo la chance del empate pero finalmente fue victoria para los del \u201cMolino\u201d.<\/p>\n\n\n\n<p>Con este resultado V\u00e9lez no solo mantiene el invicto sino que suma su tercera victoria en el certamen con la particularidad de haber ganado siempre en condici\u00f3n de visitante. El \u00fanico empate fue ante este mismo rival en el Juan Carlos Biaggini donde ahora tendr\u00e1 que disputar los dos encuentros restantes.<\/p>\n\n\n\n<p>En lo que respecta a los puntos, los mercedinos se aseguraron la clasificaci\u00f3n a la siguiente etapa aunque en las fechas restantes se definir\u00e1 la posici\u00f3n, ya sea primero o segundo. En tanto Juventud complica su continuidad luego de acumular su segunda derrota al hilo y ahora depender\u00e1 de lo que pueda hacer ante los chivilcoyanos.<\/p>\n\n\n\n<p>En ese sentido, el encuentro entre Independiente y Villarino termin\u00f3 con victoria para la visita lo que puso m\u00e1s ajustada la pelea por la segunda colocaci\u00f3n en la zona 4 del Federaci\u00f3n Norte.<\/p>\n\n\n<div class=\"wp-block-image\">\n<figure class=\"aligncenter size-full\"><img loading=\"lazy\" decoding=\"async\" width=\"800\" height=\"533\" data-attachment-id=\"158019\" data-permalink=\"https:\/\/www.hoymercedes.com.ar\/principal\/2023\/02\/06\/velez-gano-en-suipacha-y-se-clasifica\/dfutbol-0602-alguno\/#main\" data-orig-file=\"https:\/\/www.hoymercedes.com.ar\/principal\/wp-content\/uploads\/2023\/02\/dfutbol-0602-alguno.jpeg\" data-orig-size=\"800,533\" data-comments-opened=\"0\" data-image-meta=\"{&quot;aperture&quot;:&quot;0&quot;,&quot;credit&quot;:&quot;&quot;,&quot;camera&quot;:&quot;&quot;,&quot;caption&quot;:&quot;&quot;,&quot;created_timestamp&quot;:&quot;0&quot;,&quot;copyright&quot;:&quot;&quot;,&quot;focal_length&quot;:&quot;0&quot;,&quot;iso&quot;:&quot;0&quot;,&quot;shutter_speed&quot;:&quot;0&quot;,&quot;title&quot;:&quot;&quot;,&quot;orientation&quot;:&quot;0&quot;}\" data-image-title=\"dfutbol 0602 alguno\" data-image-description=\"\" data-image-caption=\"\" data-large-file=\"https:\/\/www.hoymercedes.com.ar\/principal\/wp-content\/uploads\/2023\/02\/dfutbol-0602-alguno.jpeg\" src=\"https:\/\/www.hoymercedes.com.ar\/principal\/wp-content\/uploads\/2023\/02\/dfutbol-0602-alguno.jpeg\" alt=\"\" class=\"wp-image-158019\" srcset=\"https:\/\/www.hoymercedes.com.ar\/principal\/wp-content\/uploads\/2023\/02\/dfutbol-0602-alguno.jpeg 800w, https:\/\/www.hoymercedes.com.ar\/principal\/wp-content\/uploads\/2023\/02\/dfutbol-0602-alguno-630x420.jpeg 630w, https:\/\/www.hoymercedes.com.ar\/principal\/wp-content\/uploads\/2023\/02\/dfutbol-0602-alguno-150x100.jpeg 150w, https:\/\/www.hoymercedes.com.ar\/principal\/wp-content\/uploads\/2023\/02\/dfutbol-0602-alguno-700x465.jpeg 700w\" sizes=\"auto, (max-width: 800px) 100vw, 800px\" \/><\/figure>\n<\/div>\n\n\n<p><strong>Clasificaci\u00f3n<\/strong><\/p>\n\n\n\n<p>En esta ocasi\u00f3n, el certamen fue dividido en 12 zonas, las cuales de la 1 a la 9 est\u00e1n conformados por 4 equipos, mientras que la 10, 11 y 12 solo tienen tres. La etapa de playoff se llevar\u00e1 a cabo con los 32 mejores, donde se clasificar\u00e1n los 1\u00ba y 2\u00ba de cada zona (24 equipos) m\u00e1s los cuatro (4) mejores terceros de las zonas 1, 2, 3, 4 y 5 y los cuatro (4) mejores terceros de las zonas 6, 7, 8 y 9. Se conformar\u00e1 un ranking con los equipos clasificados para determinar las local\u00edas.<\/p>\n\n\n\n<p><strong>Resumen<\/strong><\/p>\n\n\n\n<p>Juventud 0: Tob\u00edas Gonz\u00e1lez, Ever Cocaro, Esteban Braghi, Joaqu\u00edn Sosa, Lautaro Robles, Federico Clarac, Santiago Flynn, Mat\u00edas Correa, Jos\u00e9 Perruiset, Mauro Correa y Lucas P\u00e9rez Zunino. DT: I\u00f1aqui Darritchon. Relevos: Francisco Bavastro y Joaqu\u00edn Moyano.<\/p>\n\n\n\n<p>V\u00e9lez 1: Mat\u00edas Ram\u00edrez, Agust\u00edn Alfonso, Ramiro Medina, Diego Ferrara, Juan Paulerena, N\u00e9stor Ibarra, Lucas Falcone, Rodolfo Aquino, Daniel De Santis, Alexis Arias y Alexis Salinas. DT: Flavio Fern\u00e1ndez. Relevos: Bautista Fern\u00e1ndez y Santiago Ch\u00e1vez.<\/p>\n\n\n\n<p>Gol en el ST: A los 42\u2019 Mu\u00f1oz pata V\u00e9lez.<\/p>\n\n\n\n<p>Cambios: Marcelo Peralta por Robles, Mateo Zoni por Cocaro, Vicente Bernal por Clarac, Nicol\u00e1s Minetti por Flynn y Luis Lawler por Perruiset en Juventud. Lautaro Torre por Salinas, Nicol\u00e1s Montenegro por Aquino, Ariel Mu\u00f1oz por Arias y Leonel Madrid por De Santis en V\u00e9lez.<\/p>\n\n\n\n<p>Arbitro: Sergio Monz\u00f3n (CADEP).<\/p>\n\n\n\n<p><strong>Otro resultado<\/strong><br>Independiente 0 \u2013 1\u00a0Villarino<br>Gol: Ignacio Valenti para Villarino.<\/p>\n\n\n\n<p><strong>Posiciones Zona 4<\/strong>: 1\u00ba V\u00e9lez Sarsfield 10 pts, 2\u00ba Independiente 6 pts, 3\u00ba Juventud 4 pts, 4\u00ba Villarino 3 pts.<\/p>\n\n\n\n<p><strong>Pr\u00f3xima fecha<\/strong><br>V\u00e9lez vs. Independiente.<br>Villarino vs. Juventud.<\/p>\n\n\n\n<p>Colaboraci\u00f3n: Mariano Oyarz\u00fa<\/p>\n","protected":false},"excerpt":{"rendered":"<p>Los del \u201cmolino\u201d lograron traerse la victoria en el \u00faltimo minuto y asegurarse un lugar en la pr\u00f3xima ronda del Torneo Federaci\u00f3n Norte. Ahora definir\u00e1n la zona de local, primero ante Independiente y luego frente a Villarino.<\/p>\n","protected":false},"author":1,"featured_media":158018,"comment_status":"closed","ping_status":"open","sticky":false,"template":"","format":"standard","meta":{"_monsterinsights_skip_tracking":false,"_monsterinsights_sitenote_active":false,"_monsterinsights_sitenote_note":"","_monsterinsights_sitenote_category":0,"jetpack_post_was_ever_published":false,"_jetpack_newsletter_access":"","_jetpack_dont_email_post_to_subs":false,"_jetpack_newsletter_tier_id":0,"_jetpack_memberships_contains_paywalled_content":false,"_jetpack_memberships_contains_paid_content":false,"footnotes":"","jetpack_publicize_message":"","jetpack_publicize_feature_enabled":true,"jetpack_social_post_already_shared":true,"jetpack_social_options":{"image_generator_settings":{"template":"highway","default_image_id":0,"font":"","enabled":false},"version":2},"_wpas_customize_per_network":false},"categories":[21],"tags":[],"class_list":["post-158017","post","type-post","status-publish","format-standard","has-post-thumbnail","hentry","category-deportes","generate-columns","tablet-grid-50","mobile-grid-100","grid-parent","grid-50"],"jetpack_publicize_connections":[],"jetpack_featured_media_url":"https:\/\/www.hoymercedes.com.ar\/principal\/wp-content\/uploads\/2023\/02\/dvelez-0602.jpeg","wps_subtitle":"","jetpack_sharing_enabled":true,"_links":{"self":[{"href":"https:\/\/www.hoymercedes.com.ar\/principal\/wp-json\/wp\/v2\/posts\/158017","targetHints":{"allow":["GET"]}}],"collection":[{"href":"https:\/\/www.hoymercedes.com.ar\/principal\/wp-json\/wp\/v2\/posts"}],"about":[{"href":"https:\/\/www.hoymercedes.com.ar\/principal\/wp-json\/wp\/v2\/types\/post"}],"author":[{"embeddable":true,"href":"https:\/\/www.hoymercedes.com.ar\/principal\/wp-json\/wp\/v2\/users\/1"}],"replies":[{"embeddable":true,"href":"https:\/\/www.hoymercedes.com.ar\/principal\/wp-json\/wp\/v2\/comments?post=158017"}],"version-history":[{"count":0,"href":"https:\/\/www.hoymercedes.com.ar\/principal\/wp-json\/wp\/v2\/posts\/158017\/revisions"}],"wp:featuredmedia":[{"embeddable":true,"href":"https:\/\/www.hoymercedes.com.ar\/principal\/wp-json\/wp\/v2\/media\/158018"}],"wp:attachment":[{"href":"https:\/\/www.hoymercedes.com.ar\/principal\/wp-json\/wp\/v2\/media?parent=158017"}],"wp:term":[{"taxonomy":"category","embeddable":true,"href":"https:\/\/www.hoymercedes.com.ar\/principal\/wp-json\/wp\/v2\/categories?post=158017"},{"taxonomy":"post_tag","embeddable":true,"href":"https:\/\/www.hoymercedes.com.ar\/principal\/wp-json\/wp\/v2\/tags?post=158017"}],"curies":[{"name":"wp","href":"https:\/\/api.w.org\/{rel}","templated":true}]}}