{"id":158048,"date":"2023-02-06T16:59:02","date_gmt":"2023-02-06T19:59:02","guid":{"rendered":"https:\/\/www.hoymercedes.com.ar\/principal\/?p=158048"},"modified":"2023-02-06T16:59:06","modified_gmt":"2023-02-06T19:59:06","slug":"mechas-solidarias-festejo-sus-primeros-seis-anos","status":"publish","type":"post","link":"https:\/\/www.hoymercedes.com.ar\/principal\/2023\/02\/06\/mechas-solidarias-festejo-sus-primeros-seis-anos\/","title":{"rendered":"Mechas Solidarias festej\u00f3 sus primeros seis a\u00f1os"},"content":{"rendered":"\n<p>Al cumplirse seis a\u00f1os desde el lanzamiento de Mechas Solidarias, este lunes se instal\u00f3\u00a0un puesto en la Plaza San Mart\u00edn. Se present\u00f3 el trabajo que\u00a0\u00a0hace el grupo, mostrando el paso a paso del armado de las pelucas\u00a0\u00a0y recibieron donaciones de cabello. <\/p>\n\n\n\n<figure class=\"wp-block-gallery has-nested-images columns-default is-cropped wp-block-gallery-1 is-layout-flex wp-block-gallery-is-layout-flex\">\n<figure class=\"wp-block-image size-large\"><img loading=\"lazy\" decoding=\"async\" width=\"563\" height=\"801\" data-attachment-id=\"158049\" data-permalink=\"https:\/\/www.hoymercedes.com.ar\/principal\/2023\/02\/06\/mechas-solidarias-festejo-sus-primeros-seis-anos\/mechas-solidairas-1\/#main\" data-orig-file=\"https:\/\/www.hoymercedes.com.ar\/principal\/wp-content\/uploads\/2023\/02\/mechas-solidairas-1.jpg\" data-orig-size=\"563,801\" data-comments-opened=\"0\" data-image-meta=\"{&quot;aperture&quot;:&quot;0&quot;,&quot;credit&quot;:&quot;&quot;,&quot;camera&quot;:&quot;&quot;,&quot;caption&quot;:&quot;&quot;,&quot;created_timestamp&quot;:&quot;1675701992&quot;,&quot;copyright&quot;:&quot;&quot;,&quot;focal_length&quot;:&quot;0&quot;,&quot;iso&quot;:&quot;0&quot;,&quot;shutter_speed&quot;:&quot;0&quot;,&quot;title&quot;:&quot;&quot;,&quot;orientation&quot;:&quot;1&quot;}\" data-image-title=\"mechas solidairas 1\" data-image-description=\"\" data-image-caption=\"\" data-large-file=\"https:\/\/www.hoymercedes.com.ar\/principal\/wp-content\/uploads\/2023\/02\/mechas-solidairas-1.jpg\" data-id=\"158049\" src=\"https:\/\/www.hoymercedes.com.ar\/principal\/wp-content\/uploads\/2023\/02\/mechas-solidairas-1.jpg\" alt=\"\" class=\"wp-image-158049\" srcset=\"https:\/\/www.hoymercedes.com.ar\/principal\/wp-content\/uploads\/2023\/02\/mechas-solidairas-1.jpg 563w, https:\/\/www.hoymercedes.com.ar\/principal\/wp-content\/uploads\/2023\/02\/mechas-solidairas-1-436x620.jpg 436w, https:\/\/www.hoymercedes.com.ar\/principal\/wp-content\/uploads\/2023\/02\/mechas-solidairas-1-105x150.jpg 105w\" sizes=\"auto, (max-width: 563px) 100vw, 563px\" \/><\/figure>\n\n\n\n<figure class=\"wp-block-image size-large\"><img loading=\"lazy\" decoding=\"async\" width=\"640\" height=\"568\" data-attachment-id=\"158050\" data-permalink=\"https:\/\/www.hoymercedes.com.ar\/principal\/2023\/02\/06\/mechas-solidarias-festejo-sus-primeros-seis-anos\/mechas-solidairas-2\/#main\" data-orig-file=\"https:\/\/www.hoymercedes.com.ar\/principal\/wp-content\/uploads\/2023\/02\/mechas-solidairas-2.jpg\" data-orig-size=\"640,568\" data-comments-opened=\"0\" data-image-meta=\"{&quot;aperture&quot;:&quot;0&quot;,&quot;credit&quot;:&quot;&quot;,&quot;camera&quot;:&quot;&quot;,&quot;caption&quot;:&quot;&quot;,&quot;created_timestamp&quot;:&quot;1675702062&quot;,&quot;copyright&quot;:&quot;&quot;,&quot;focal_length&quot;:&quot;0&quot;,&quot;iso&quot;:&quot;0&quot;,&quot;shutter_speed&quot;:&quot;0&quot;,&quot;title&quot;:&quot;&quot;,&quot;orientation&quot;:&quot;1&quot;}\" data-image-title=\"mechas solidairas 2\" data-image-description=\"\" data-image-caption=\"\" data-large-file=\"https:\/\/www.hoymercedes.com.ar\/principal\/wp-content\/uploads\/2023\/02\/mechas-solidairas-2.jpg\" data-id=\"158050\" src=\"https:\/\/www.hoymercedes.com.ar\/principal\/wp-content\/uploads\/2023\/02\/mechas-solidairas-2.jpg\" alt=\"\" class=\"wp-image-158050\" srcset=\"https:\/\/www.hoymercedes.com.ar\/principal\/wp-content\/uploads\/2023\/02\/mechas-solidairas-2.jpg 640w, https:\/\/www.hoymercedes.com.ar\/principal\/wp-content\/uploads\/2023\/02\/mechas-solidairas-2-630x559.jpg 630w, https:\/\/www.hoymercedes.com.ar\/principal\/wp-content\/uploads\/2023\/02\/mechas-solidairas-2-150x133.jpg 150w\" sizes=\"auto, (max-width: 640px) 100vw, 640px\" \/><\/figure>\n<\/figure>\n\n\n\n<p>Recordemos que Mechas Solidarias es un proyecto \u00fanico de car\u00e1cter municipal, sin fines de lucro, que se dedica a confeccionar y donar pelucas para mujeres con problemas de ca\u00edda de cabello por razones de salud. &nbsp;<\/p>\n\n\n\n<p>La ide\u00f3loga del proyecto para Mercedes, Patricia Preniture y la referente actual del programa\u00a0\u00a0Sol P\u00e9rez, hicieron un balance acerca de c\u00f3mo se fue desarrollando el trabajo a trav\u00e9s del tiempo y rememoraron algunas historias que llenan el coraz\u00f3n. \u00a0<\/p>\n\n\n\n<p>Es importante destacar que quienes trabajan en Mechas Solidarias lo hacen ad honorem, rest\u00e1ndole tiempo a sus familias y actividades particulares para llevar adelante esta acci\u00f3n humanitaria. \u00a0<\/p>\n\n\n\n<p>Para sumarse a esta iniciativa donando cabello, se puede concurrir al Instituto Unzu\u00e9, frente al pabell\u00f3n de discapacidad, los d\u00edas lunes, mi\u00e9rcoles y viernes de 8 a 12 hs. \u00a0<\/p>\n\n\n<div class=\"wp-block-image\">\n<figure class=\"aligncenter size-full\"><img loading=\"lazy\" decoding=\"async\" width=\"800\" height=\"718\" data-attachment-id=\"158051\" data-permalink=\"https:\/\/www.hoymercedes.com.ar\/principal\/2023\/02\/06\/mechas-solidarias-festejo-sus-primeros-seis-anos\/mechas-solidairas-3\/#main\" data-orig-file=\"https:\/\/www.hoymercedes.com.ar\/principal\/wp-content\/uploads\/2023\/02\/mechas-solidairas-3.jpg\" data-orig-size=\"800,718\" data-comments-opened=\"0\" data-image-meta=\"{&quot;aperture&quot;:&quot;0&quot;,&quot;credit&quot;:&quot;&quot;,&quot;camera&quot;:&quot;&quot;,&quot;caption&quot;:&quot;&quot;,&quot;created_timestamp&quot;:&quot;1675702108&quot;,&quot;copyright&quot;:&quot;&quot;,&quot;focal_length&quot;:&quot;0&quot;,&quot;iso&quot;:&quot;0&quot;,&quot;shutter_speed&quot;:&quot;0&quot;,&quot;title&quot;:&quot;&quot;,&quot;orientation&quot;:&quot;1&quot;}\" data-image-title=\"mechas solidairas 3\" data-image-description=\"\" data-image-caption=\"\" data-large-file=\"https:\/\/www.hoymercedes.com.ar\/principal\/wp-content\/uploads\/2023\/02\/mechas-solidairas-3.jpg\" src=\"https:\/\/www.hoymercedes.com.ar\/principal\/wp-content\/uploads\/2023\/02\/mechas-solidairas-3.jpg\" alt=\"\" class=\"wp-image-158051\" srcset=\"https:\/\/www.hoymercedes.com.ar\/principal\/wp-content\/uploads\/2023\/02\/mechas-solidairas-3.jpg 800w, https:\/\/www.hoymercedes.com.ar\/principal\/wp-content\/uploads\/2023\/02\/mechas-solidairas-3-630x565.jpg 630w, https:\/\/www.hoymercedes.com.ar\/principal\/wp-content\/uploads\/2023\/02\/mechas-solidairas-3-150x135.jpg 150w\" sizes=\"auto, (max-width: 800px) 100vw, 800px\" \/><\/figure>\n<\/div>","protected":false},"excerpt":{"rendered":"<p>Mechas Solidarias instal\u00f3\u00a0un puesto en la Plaza San Mart\u00edn. Present\u00f3 el trabajo que\u00a0\u00a0hace el grupo, mostrando el paso a paso del armado de las pelucas\u00a0\u00a0y recibieron donaciones de cabello. <\/p>\n","protected":false},"author":1,"featured_media":158051,"comment_status":"closed","ping_status":"open","sticky":false,"template":"","format":"standard","meta":{"_monsterinsights_skip_tracking":false,"_monsterinsights_sitenote_active":false,"_monsterinsights_sitenote_note":"","_monsterinsights_sitenote_category":0,"jetpack_post_was_ever_published":false,"_jetpack_newsletter_access":"","_jetpack_dont_email_post_to_subs":false,"_jetpack_newsletter_tier_id":0,"_jetpack_memberships_contains_paywalled_content":false,"_jetpack_memberships_contains_paid_content":false,"footnotes":"","jetpack_publicize_message":"","jetpack_publicize_feature_enabled":true,"jetpack_social_post_already_shared":true,"jetpack_social_options":{"image_generator_settings":{"template":"highway","default_image_id":0,"font":"","enabled":false},"version":2},"_wpas_customize_per_network":false},"categories":[8],"tags":[],"class_list":["post-158048","post","type-post","status-publish","format-standard","has-post-thumbnail","hentry","category-sociedad","generate-columns","tablet-grid-50","mobile-grid-100","grid-parent","grid-50"],"jetpack_publicize_connections":[],"jetpack_featured_media_url":"https:\/\/www.hoymercedes.com.ar\/principal\/wp-content\/uploads\/2023\/02\/mechas-solidairas-3.jpg","wps_subtitle":"","jetpack_sharing_enabled":true,"_links":{"self":[{"href":"https:\/\/www.hoymercedes.com.ar\/principal\/wp-json\/wp\/v2\/posts\/158048","targetHints":{"allow":["GET"]}}],"collection":[{"href":"https:\/\/www.hoymercedes.com.ar\/principal\/wp-json\/wp\/v2\/posts"}],"about":[{"href":"https:\/\/www.hoymercedes.com.ar\/principal\/wp-json\/wp\/v2\/types\/post"}],"author":[{"embeddable":true,"href":"https:\/\/www.hoymercedes.com.ar\/principal\/wp-json\/wp\/v2\/users\/1"}],"replies":[{"embeddable":true,"href":"https:\/\/www.hoymercedes.com.ar\/principal\/wp-json\/wp\/v2\/comments?post=158048"}],"version-history":[{"count":0,"href":"https:\/\/www.hoymercedes.com.ar\/principal\/wp-json\/wp\/v2\/posts\/158048\/revisions"}],"wp:featuredmedia":[{"embeddable":true,"href":"https:\/\/www.hoymercedes.com.ar\/principal\/wp-json\/wp\/v2\/media\/158051"}],"wp:attachment":[{"href":"https:\/\/www.hoymercedes.com.ar\/principal\/wp-json\/wp\/v2\/media?parent=158048"}],"wp:term":[{"taxonomy":"category","embeddable":true,"href":"https:\/\/www.hoymercedes.com.ar\/principal\/wp-json\/wp\/v2\/categories?post=158048"},{"taxonomy":"post_tag","embeddable":true,"href":"https:\/\/www.hoymercedes.com.ar\/principal\/wp-json\/wp\/v2\/tags?post=158048"}],"curies":[{"name":"wp","href":"https:\/\/api.w.org\/{rel}","templated":true}]}}