{"id":158078,"date":"2023-02-07T12:31:05","date_gmt":"2023-02-07T15:31:05","guid":{"rendered":"https:\/\/www.hoymercedes.com.ar\/principal\/?p=158078"},"modified":"2023-02-07T12:32:51","modified_gmt":"2023-02-07T15:32:51","slug":"corte-de-luz-previsto-para-el-miercoles-8","status":"publish","type":"post","link":"https:\/\/www.hoymercedes.com.ar\/principal\/2023\/02\/07\/corte-de-luz-previsto-para-el-miercoles-8\/","title":{"rendered":"Corte de luz previsto para el mi\u00e9rcoles 8"},"content":{"rendered":"\n<p>Desde la empresa de distribuci\u00f3n de energ\u00eda, EDEN, comunicaron que el mi\u00e9rcoles 8 de febrero, de 8:30 a 15 horas, realizar\u00e1n \u00abel tendido de l\u00ednea de media tensi\u00f3n para instalar un nuevo Centro de Transformaci\u00f3n\u00bb.<\/p>\n\n\n\n<p>\u00abPara poder realizar estas obras y como medida de seguridad, es necesario interrumpir el suministro de forma moment\u00e1nea mientras se trabaja en la red el\u00e9ctrica en las calles 119, 121, avenida San Mart\u00edn, y en las calles 316, 318 y 320\u00bb, informan para conocimiento de los vecinos.<\/p>\n\n\n\n<p>\u00abEstas tareas de mantenimiento beneficiar\u00e1n a m\u00e1s de 60 usuarios y contribuir\u00e1n a mejorar la calidad del servicio\u00bb, destaca la empresa EDEN.\u00a0\u00a0<\/p>\n\n\n\n<p>En caso de presentarse condiciones clim\u00e1ticas adversas, las actividades ser\u00e1n reprogramadas.<\/p>\n","protected":false},"excerpt":{"rendered":"<p>Desde la empresa de distribuci\u00f3n de energ\u00eda, EDEN, comunicaron que el mi\u00e9rcoles 8 de febrero, de 8:30 a 15 horas, <\/p>\n","protected":false},"author":1,"featured_media":135770,"comment_status":"closed","ping_status":"open","sticky":false,"template":"","format":"standard","meta":{"_monsterinsights_skip_tracking":false,"_monsterinsights_sitenote_active":false,"_monsterinsights_sitenote_note":"","_monsterinsights_sitenote_category":0,"jetpack_post_was_ever_published":false,"_jetpack_newsletter_access":"","_jetpack_dont_email_post_to_subs":false,"_jetpack_newsletter_tier_id":0,"_jetpack_memberships_contains_paywalled_content":false,"_jetpack_memberships_contains_paid_content":false,"footnotes":"","jetpack_publicize_message":"","jetpack_publicize_feature_enabled":true,"jetpack_social_post_already_shared":true,"jetpack_social_options":{"image_generator_settings":{"template":"highway","default_image_id":0,"font":"","enabled":false},"version":2},"_wpas_customize_per_network":false},"categories":[8],"tags":[],"class_list":["post-158078","post","type-post","status-publish","format-standard","has-post-thumbnail","hentry","category-sociedad","generate-columns","tablet-grid-50","mobile-grid-100","grid-parent","grid-50"],"jetpack_publicize_connections":[],"jetpack_featured_media_url":"https:\/\/www.hoymercedes.com.ar\/principal\/wp-content\/uploads\/2021\/08\/EDEN-logoconclaim.jpg","wps_subtitle":"","jetpack_sharing_enabled":true,"_links":{"self":[{"href":"https:\/\/www.hoymercedes.com.ar\/principal\/wp-json\/wp\/v2\/posts\/158078","targetHints":{"allow":["GET"]}}],"collection":[{"href":"https:\/\/www.hoymercedes.com.ar\/principal\/wp-json\/wp\/v2\/posts"}],"about":[{"href":"https:\/\/www.hoymercedes.com.ar\/principal\/wp-json\/wp\/v2\/types\/post"}],"author":[{"embeddable":true,"href":"https:\/\/www.hoymercedes.com.ar\/principal\/wp-json\/wp\/v2\/users\/1"}],"replies":[{"embeddable":true,"href":"https:\/\/www.hoymercedes.com.ar\/principal\/wp-json\/wp\/v2\/comments?post=158078"}],"version-history":[{"count":0,"href":"https:\/\/www.hoymercedes.com.ar\/principal\/wp-json\/wp\/v2\/posts\/158078\/revisions"}],"wp:featuredmedia":[{"embeddable":true,"href":"https:\/\/www.hoymercedes.com.ar\/principal\/wp-json\/wp\/v2\/media\/135770"}],"wp:attachment":[{"href":"https:\/\/www.hoymercedes.com.ar\/principal\/wp-json\/wp\/v2\/media?parent=158078"}],"wp:term":[{"taxonomy":"category","embeddable":true,"href":"https:\/\/www.hoymercedes.com.ar\/principal\/wp-json\/wp\/v2\/categories?post=158078"},{"taxonomy":"post_tag","embeddable":true,"href":"https:\/\/www.hoymercedes.com.ar\/principal\/wp-json\/wp\/v2\/tags?post=158078"}],"curies":[{"name":"wp","href":"https:\/\/api.w.org\/{rel}","templated":true}]}}