{"id":158128,"date":"2023-02-09T07:00:00","date_gmt":"2023-02-09T10:00:00","guid":{"rendered":"https:\/\/www.hoymercedes.com.ar\/principal\/?p=158128"},"modified":"2023-02-08T21:45:36","modified_gmt":"2023-02-09T00:45:36","slug":"2023-podria-ser-el-ano-mas-caluroso-jamas-registrado-en-la-tierra","status":"publish","type":"post","link":"https:\/\/www.hoymercedes.com.ar\/principal\/2023\/02\/09\/2023-podria-ser-el-ano-mas-caluroso-jamas-registrado-en-la-tierra\/","title":{"rendered":"2023 podr\u00eda ser el a\u00f1o m\u00e1s caluroso jam\u00e1s registrado en la Tierra\u00a0"},"content":{"rendered":"\n<p>Por Cristian Frers &#8211; Dejamos atr\u00e1s al 2022, un a\u00f1o que ha sido particularmente complejo y ha estado lleno de desaf\u00edos desde m\u00faltiples perspectivas, incluida la h\u00eddrica y la medioambiental, y nos adentraremos en el que, por muchas razones, ser\u00e1 el a\u00f1o del agua.\u00a0<\/p>\n\n\n\n<p>El a\u00f1o que termina nos ha dejado bien clara la importancia y la fragilidad de este recurso. Hemos vivido uno de los veranos m\u00e1s secos registrados en Sudam\u00e9rica. En Argentina esto se ha traducido como el tercer a\u00f1o hidrol\u00f3gico m\u00e1s seco\u202fdesde que se tienen registros fiables.&nbsp;<\/p>\n\n\n\n<p>Esta sucesi\u00f3n de sequ\u00eda y fen\u00f3menos meteorol\u00f3gicos extremos es una de las consecuencias m\u00e1s claras del cambio clim\u00e1tico, que sigue avanzando imparable.\u202f La emergencia clim\u00e1tica supone una crisis h\u00eddrica, que tiene una clara vertiente social: las dificultades de acceso a agua potable en cantidad y calidad suficientes conllevan importantes efectos sobre la salud y la situaci\u00f3n econ\u00f3mica de las personas.&nbsp;<\/p>\n\n\n\n<p>Esperamos que este nuevo a\u00f1o se convierta de verdad en el a\u00f1o del agua, que marque un antes y un despu\u00e9s en el cuidado de este preciado recurso y sirva para apuntalar su futuro, que es en realidad el de todo el planeta.&nbsp;<\/p>\n\n\n\n<p>Conceptos de mi autor\u00eda con respecto al cambio clim\u00e1tico vertidos en un medio de comunicaci\u00f3n en el a\u00f1o 2006: <a rel=\"noreferrer noopener\" href=\"http:\/\/www.corrientesnoticias.com.ar\/interior.php?nid=57023\" target=\"_blank\">Cristian Frers, t\u00e9cnico en gesti\u00f3n ambiental, subi\u00f3 la apuesta al decir\u202f<\/a>que \u00abel cambio clim\u00e1tico es la mayor amenaza ambiental del siglo XXI, con consecuencias econ\u00f3micas, sociales y ambientales de gran magnitud\u00bb. Y remarc\u00f3 un dato difundido: \u00abLa temperatura mundial aument\u00f3 a un promedio de 0.6 grados cent\u00edgrado por encima de los registros de los \u00faltimos siglos\u00bb. Parece poco, no obstante, para el fr\u00e1gil equilibrio natural, es demasiado. \u00abEl calentamiento del planeta es un riesgo que no podemos permitirnos el lujo de seguir desconociendo\u00bb, concluy\u00f3 Frers. <\/p>\n\n\n\n<p>En la actualidad,\u202fesa temperatura ya es aproximadamente 1.1\u00b0C m\u00e1s alta que a fines del siglo XIX<strong>,<\/strong> y las emisiones contin\u00faan aumentando.&nbsp;<\/p>\n\n\n\n<p>Es cierto que es el Estado quien deber\u00eda asumir la crisis energ\u00e9tica, que no se trata solo de saber si poseo suministro el\u00e9ctrico sino tambi\u00e9n asegurar la calidad y la sustentabilidad de la fuente.\u202fFalta planificar una pol\u00edtica energ\u00e9tica de largo plazo Sigue siendo tiempo de que el gobierno cumpla la promesa de que el ambiente es una pol\u00edtica prioritaria.&nbsp;<\/p>\n\n\n\n<p>La ciudadan\u00eda debe comprender que no se puede detener el cambio clim\u00e1tico, aunque interrumpamos todas las emisiones, pero s\u00ed que podemos adaptarnos con transformaciones profundas del modelo socioecon\u00f3mico y cultural para evitar que se agrave. Para ello es necesario forzar a los poderes econ\u00f3micos y pol\u00edticos a que act\u00faen de inmediato.&nbsp;<\/p>\n\n\n\n<p>\u00abLa temperatura global en los \u00faltimos tres a\u00f1os ha sido influenciada por el efecto de una prolongada &#8216;La Ni\u00f1a&#8217;, donde se producen temperaturas de la\u202fsuperficie del mar m\u00e1s fr\u00edas que el promedio en el Pac\u00edfico tropical. &#8216;La Ni\u00f1a&#8217; tiene un efecto de enfriamiento temporal en la temperatura promedio global\u00bb, explica Nick Dunstone.&nbsp;<\/p>\n\n\n\n<p>Dunstone a\u00f1adi\u00f3: \u00abPara el pr\u00f3ximo a\u00f1o, nuestro modelo clim\u00e1tico indica el final de los tres a\u00f1os consecutivos con el estado de &#8216;La Ni\u00f1a&#8217; con un retorno a condiciones relativamente m\u00e1s c\u00e1lidas en partes del Pac\u00edfico tropical. Es probable que este cambio conduzca a que la temperatura global en 2023 sea m\u00e1s c\u00e1lida que en 2022\u00bb.&nbsp;<\/p>\n\n\n\n<p>Por otro lado, est\u00e1n las emisiones de gases causantes del efecto invernadero. Este a\u00f1o continuar\u00e1n aumentando, superando los r\u00e9cords de 2022. Acerc\u00e1ndonos cada vez m\u00e1s a un desastre clim\u00e1tico inevitable\u2026 Aunque, en alg\u00fan momento tambi\u00e9n ya lo he dicho \u201cla l\u00ednea de cambio climatico del no regreso, ya se ha cruzado\u201d.&nbsp;<\/p>\n\n\n\n<p>Para limitar el calentamiento global a no m\u00e1s de 1.5\u00b0C, como se exige en el Acuerdo de Par\u00eds, las emisiones globales deben reducirse en un 45 por ciento para 2030 y deben llegar a ser netas cero para 2050.&nbsp;<\/p>\n\n\n\n<p>Cada vez tendremos menos y tendremos que aprender a vivir con menos. La respuesta, activa y preventiva, est\u00e1 en manos de los ciudadanos. Nosotros decidimos si nos sometemos o si nos organizamos y actuamos antes de que sea demasiado tarde. He aqu\u00ed la magnitud del desaf\u00edo.&nbsp;<\/p>\n\n\n\n<p>*Cristian Frers \u2013 T\u00e9cnico Superior en Gesti\u00f3n Ambiental y T\u00e9cnico Superior en Comunicaci\u00f3n Social (Periodista).\u00a0<\/p>\n","protected":false},"excerpt":{"rendered":"<p>Por Cristian Frers &#8211; Dejamos atr\u00e1s al 2022, un a\u00f1o que ha sido particularmente complejo y ha estado lleno de desaf\u00edos desde m\u00faltiples perspectivas, incluida la h\u00eddrica y la medioambiental, y nos adentraremos en el que, por muchas razones, ser\u00e1 el a\u00f1o del agua.\u00a0<\/p>\n","protected":false},"author":1,"featured_media":158129,"comment_status":"closed","ping_status":"open","sticky":false,"template":"","format":"standard","meta":{"_monsterinsights_skip_tracking":false,"_monsterinsights_sitenote_active":false,"_monsterinsights_sitenote_note":"","_monsterinsights_sitenote_category":0,"jetpack_post_was_ever_published":false,"_jetpack_newsletter_access":"","_jetpack_dont_email_post_to_subs":false,"_jetpack_newsletter_tier_id":0,"_jetpack_memberships_contains_paywalled_content":false,"_jetpack_memberships_contains_paid_content":false,"footnotes":"","jetpack_publicize_message":"","jetpack_publicize_feature_enabled":true,"jetpack_social_post_already_shared":true,"jetpack_social_options":{"image_generator_settings":{"template":"highway","default_image_id":0,"font":"","enabled":false},"version":2},"_wpas_customize_per_network":false},"categories":[8],"tags":[],"class_list":["post-158128","post","type-post","status-publish","format-standard","has-post-thumbnail","hentry","category-sociedad","generate-columns","tablet-grid-50","mobile-grid-100","grid-parent","grid-50"],"jetpack_publicize_connections":[],"jetpack_featured_media_url":"https:\/\/www.hoymercedes.com.ar\/principal\/wp-content\/uploads\/2023\/02\/ano-caluroso.jpeg","wps_subtitle":"","jetpack_sharing_enabled":true,"_links":{"self":[{"href":"https:\/\/www.hoymercedes.com.ar\/principal\/wp-json\/wp\/v2\/posts\/158128","targetHints":{"allow":["GET"]}}],"collection":[{"href":"https:\/\/www.hoymercedes.com.ar\/principal\/wp-json\/wp\/v2\/posts"}],"about":[{"href":"https:\/\/www.hoymercedes.com.ar\/principal\/wp-json\/wp\/v2\/types\/post"}],"author":[{"embeddable":true,"href":"https:\/\/www.hoymercedes.com.ar\/principal\/wp-json\/wp\/v2\/users\/1"}],"replies":[{"embeddable":true,"href":"https:\/\/www.hoymercedes.com.ar\/principal\/wp-json\/wp\/v2\/comments?post=158128"}],"version-history":[{"count":0,"href":"https:\/\/www.hoymercedes.com.ar\/principal\/wp-json\/wp\/v2\/posts\/158128\/revisions"}],"wp:featuredmedia":[{"embeddable":true,"href":"https:\/\/www.hoymercedes.com.ar\/principal\/wp-json\/wp\/v2\/media\/158129"}],"wp:attachment":[{"href":"https:\/\/www.hoymercedes.com.ar\/principal\/wp-json\/wp\/v2\/media?parent=158128"}],"wp:term":[{"taxonomy":"category","embeddable":true,"href":"https:\/\/www.hoymercedes.com.ar\/principal\/wp-json\/wp\/v2\/categories?post=158128"},{"taxonomy":"post_tag","embeddable":true,"href":"https:\/\/www.hoymercedes.com.ar\/principal\/wp-json\/wp\/v2\/tags?post=158128"}],"curies":[{"name":"wp","href":"https:\/\/api.w.org\/{rel}","templated":true}]}}