{"id":15823,"date":"2012-09-04T16:28:36","date_gmt":"2012-09-04T16:28:36","guid":{"rendered":"http:\/\/www.hoymercedes.com.ar\/principal\/?p=15823"},"modified":"2012-09-04T16:28:54","modified_gmt":"2012-09-04T16:28:54","slug":"ustarroz-gestiono-insumos-para-el-dubarry","status":"publish","type":"post","link":"https:\/\/www.hoymercedes.com.ar\/principal\/2012\/09\/04\/ustarroz-gestiono-insumos-para-el-dubarry\/","title":{"rendered":"Ustarroz gestion\u00f3 insumos para el Dubarry"},"content":{"rendered":"<p>Los integrantes del Frente vienen trabajando en pos de auxiliar al hospital Dubarry de los problemas de insumos que viene atravesando. \u201cTomamos contacto con las autoridades cuando nos enteramos de la gravedad de la situaci\u00f3n a trav\u00e9s de los medios, se nos hizo llegar puntualmente un pedido de medicamentos e insumos que necesitan en forma urgente para garantiza la normal prestaci\u00f3n del servicio salud y realizamos gestiones en el Ministerio de Salud de la Naci\u00f3n\u201d inform\u00f3 el jefe regional del ANSES, Juan Ignacio Ustarroz.<\/p>\n<p>Juani destac\u00f3 la importancia de gestionar en las distintas oficinas gubernamentales la llegada de insumos. \u201c Hay que formalizar un pedido, iniciar un expediente y hacer un seguimiento del mismo para que llegue r\u00e1pidamente a quienes toman las decisiones y lograr que los insumos lleguen. Estuvimos trabajando en ello, todos los integrantes del Frente: quienes tenemos tareas de gesti\u00f3n y quienes tienen otro tipo de responsabilidad porque por encima de todo est\u00e1 poder tener a nuestra ciudad cada d\u00eda un poquito mejor\u201d, coment\u00f3.<\/p>\n<p>Ustarroz se manifest\u00f3 preocupado por la situaci\u00f3n del Dubarry: \u201cno puede ser que se encuentra tan desprovisto de insumos y medicamentos. El tema de algunos medicamentos afecta a los sectores m\u00e1s desprotegidos que no tienen dinero para comprarlo en las farmacias, pero hay faltantes de insumos b\u00e1sicos que hacen a la eficiente prestaci\u00f3n del servicio de salud y estamos hablando del principal centro de atenci\u00f3n m\u00e9dica de la ciudad. Siempre el vecino nos encontrara trabajando por la Ciudad\u201d dijo y destac\u00f3 la actitud del director del Hospital, con quien \u201chemos articulado para formalizar el pedido, demostrando que se pueden dejar de lado las diferencias y trabajar mancomunadamente por el bien com\u00fan.\u201d, afirm\u00f3. Juani dijo que cuando el tema tom\u00f3 estado p\u00fablico prefiri\u00f3 mantenerse al margen del debate \u201cera el momento de buscar soluciones\u201d dijo y afirm\u00f3 que la primer quincena de septiembre llegar\u00e1 una importante provisi\u00f3n de medicamentos.<\/p>\n<p>En otro orden de cosas se supo que el diputado provincial Alberto Espa\u00f1a ha comenzado a gestionar un subsidio para la Cooperadora del Dubarry que ser\u00eda brindado por la C\u00e1mara de Diputados de la provincia de Buenos Aires. Si bien no se conoci\u00f3 el monto, ni fecha de llegada del dinero, se concretar\u00eda a lo largo del mes de septiembre.<\/p>\n","protected":false},"excerpt":{"rendered":"<p>Los integrantes del Frente vienen trabajando en pos de auxiliar al hospital Dubarry de los problemas de insumos que viene &#8230; <a title=\"Ustarroz gestion\u00f3 insumos para el Dubarry\" class=\"read-more\" href=\"https:\/\/www.hoymercedes.com.ar\/principal\/2012\/09\/04\/ustarroz-gestiono-insumos-para-el-dubarry\/\" aria-label=\"Leer m\u00e1s sobre Ustarroz gestion\u00f3 insumos para el Dubarry\">Leer m\u00e1s<\/a><\/p>\n","protected":false},"author":1,"featured_media":0,"comment_status":"open","ping_status":"open","sticky":false,"template":"","format":"standard","meta":{"_monsterinsights_skip_tracking":false,"_monsterinsights_sitenote_active":false,"_monsterinsights_sitenote_note":"","_monsterinsights_sitenote_category":0,"jetpack_post_was_ever_published":false,"_jetpack_newsletter_access":"","_jetpack_dont_email_post_to_subs":false,"_jetpack_newsletter_tier_id":0,"_jetpack_memberships_contains_paywalled_content":false,"_jetpack_memberships_contains_paid_content":false,"footnotes":"","jetpack_publicize_message":"","jetpack_publicize_feature_enabled":true,"jetpack_social_post_already_shared":false,"jetpack_social_options":{"image_generator_settings":{"template":"highway","default_image_id":0,"font":"","enabled":false},"version":2},"_wpas_customize_per_network":false},"categories":[5],"tags":[220,424],"class_list":["post-15823","post","type-post","status-publish","format-standard","hentry","category-politica","tag-dubarry","tag-ustarroz","generate-columns","tablet-grid-50","mobile-grid-100","grid-parent","grid-50"],"jetpack_publicize_connections":[],"jetpack_featured_media_url":"","wps_subtitle":"","jetpack_sharing_enabled":true,"_links":{"self":[{"href":"https:\/\/www.hoymercedes.com.ar\/principal\/wp-json\/wp\/v2\/posts\/15823","targetHints":{"allow":["GET"]}}],"collection":[{"href":"https:\/\/www.hoymercedes.com.ar\/principal\/wp-json\/wp\/v2\/posts"}],"about":[{"href":"https:\/\/www.hoymercedes.com.ar\/principal\/wp-json\/wp\/v2\/types\/post"}],"author":[{"embeddable":true,"href":"https:\/\/www.hoymercedes.com.ar\/principal\/wp-json\/wp\/v2\/users\/1"}],"replies":[{"embeddable":true,"href":"https:\/\/www.hoymercedes.com.ar\/principal\/wp-json\/wp\/v2\/comments?post=15823"}],"version-history":[{"count":0,"href":"https:\/\/www.hoymercedes.com.ar\/principal\/wp-json\/wp\/v2\/posts\/15823\/revisions"}],"wp:attachment":[{"href":"https:\/\/www.hoymercedes.com.ar\/principal\/wp-json\/wp\/v2\/media?parent=15823"}],"wp:term":[{"taxonomy":"category","embeddable":true,"href":"https:\/\/www.hoymercedes.com.ar\/principal\/wp-json\/wp\/v2\/categories?post=15823"},{"taxonomy":"post_tag","embeddable":true,"href":"https:\/\/www.hoymercedes.com.ar\/principal\/wp-json\/wp\/v2\/tags?post=15823"}],"curies":[{"name":"wp","href":"https:\/\/api.w.org\/{rel}","templated":true}]}}