{"id":158244,"date":"2023-02-12T18:40:00","date_gmt":"2023-02-12T21:40:00","guid":{"rendered":"https:\/\/www.hoymercedes.com.ar\/principal\/?p=158244"},"modified":"2023-02-12T11:44:56","modified_gmt":"2023-02-12T14:44:56","slug":"logran-recuperar-moto-robada","status":"publish","type":"post","link":"https:\/\/www.hoymercedes.com.ar\/principal\/2023\/02\/12\/logran-recuperar-moto-robada\/","title":{"rendered":"Logran recuperar moto robada"},"content":{"rendered":"\n<figure class=\"wp-block-image size-full\"><img loading=\"lazy\" decoding=\"async\" width=\"1000\" height=\"891\" data-attachment-id=\"158246\" data-permalink=\"https:\/\/www.hoymercedes.com.ar\/principal\/2023\/02\/12\/logran-recuperar-moto-robada\/detenido-robodemoto-1\/#main\" data-orig-file=\"https:\/\/www.hoymercedes.com.ar\/principal\/wp-content\/uploads\/2023\/02\/Detenido-RoboDeMoto-1.jpeg\" data-orig-size=\"1000,891\" data-comments-opened=\"0\" data-image-meta=\"{&quot;aperture&quot;:&quot;0&quot;,&quot;credit&quot;:&quot;&quot;,&quot;camera&quot;:&quot;&quot;,&quot;caption&quot;:&quot;&quot;,&quot;created_timestamp&quot;:&quot;0&quot;,&quot;copyright&quot;:&quot;&quot;,&quot;focal_length&quot;:&quot;0&quot;,&quot;iso&quot;:&quot;0&quot;,&quot;shutter_speed&quot;:&quot;0&quot;,&quot;title&quot;:&quot;&quot;,&quot;orientation&quot;:&quot;0&quot;}\" data-image-title=\"Detenido-RoboDeMoto-1\" data-image-description=\"\" data-image-caption=\"\" data-large-file=\"https:\/\/www.hoymercedes.com.ar\/principal\/wp-content\/uploads\/2023\/02\/Detenido-RoboDeMoto-1.jpeg\" src=\"https:\/\/www.hoymercedes.com.ar\/principal\/wp-content\/uploads\/2023\/02\/Detenido-RoboDeMoto-1.jpeg\" alt=\"\" class=\"wp-image-158246\" srcset=\"https:\/\/www.hoymercedes.com.ar\/principal\/wp-content\/uploads\/2023\/02\/Detenido-RoboDeMoto-1.jpeg 1000w, https:\/\/www.hoymercedes.com.ar\/principal\/wp-content\/uploads\/2023\/02\/Detenido-RoboDeMoto-1-630x561.jpeg 630w, https:\/\/www.hoymercedes.com.ar\/principal\/wp-content\/uploads\/2023\/02\/Detenido-RoboDeMoto-1-150x134.jpeg 150w\" sizes=\"auto, (max-width: 1000px) 100vw, 1000px\" \/><\/figure>\n\n\n\n<p>La Polic\u00eda Comunal logr\u00f3 detener a un hombre de 24 a\u00f1os de edad, oriundo de nuestra ciudad, quien ten\u00eda en su poder.<\/p>\n\n\n\n<p>La primera alerta surge desde el Centro de Monitoreo que detectar movimientos sospechosos del tipo \u00abest\u00e1 haciendo la rondita\u00bb al verlos girar constantemente por Avenida 29.<\/p>\n\n\n\n<p>A partir de all\u00ed se alertan las patrullas de calle e inician una sigilosa b\u00fasqueda y seguimiento.<\/p>\n\n\n\n<p>Finalmente logran detenerlo con un moto veh\u00edculo con pedido activo de recuperaci\u00f3n.<\/p>\n\n\n\n<p>Ahora deber\u00e1 rendir cuentas a la Justicia. Interviene la U.F.I N\u00b03 del Departamento Justicial Mercedes.<\/p>\n","protected":false},"excerpt":{"rendered":"<p>La Polic\u00eda Comunal logr\u00f3 detener a un hombre de 24 a\u00f1os de edad, oriundo de nuestra ciudad, quien ten\u00eda en &#8230; <a title=\"Logran recuperar moto robada\" class=\"read-more\" href=\"https:\/\/www.hoymercedes.com.ar\/principal\/2023\/02\/12\/logran-recuperar-moto-robada\/\" aria-label=\"Leer m\u00e1s sobre Logran recuperar moto robada\">Leer m\u00e1s<\/a><\/p>\n","protected":false},"author":1,"featured_media":0,"comment_status":"closed","ping_status":"open","sticky":false,"template":"","format":"standard","meta":{"_monsterinsights_skip_tracking":false,"_monsterinsights_sitenote_active":false,"_monsterinsights_sitenote_note":"","_monsterinsights_sitenote_category":0,"jetpack_post_was_ever_published":false,"_jetpack_newsletter_access":"","_jetpack_dont_email_post_to_subs":false,"_jetpack_newsletter_tier_id":0,"_jetpack_memberships_contains_paywalled_content":false,"_jetpack_memberships_contains_paid_content":false,"footnotes":"","jetpack_publicize_message":"","jetpack_publicize_feature_enabled":true,"jetpack_social_post_already_shared":true,"jetpack_social_options":{"image_generator_settings":{"template":"highway","default_image_id":0,"font":"","enabled":false},"version":2},"_wpas_customize_per_network":false},"categories":[85],"tags":[3934],"class_list":["post-158244","post","type-post","status-publish","format-standard","hentry","category-policial","tag-robo-de-motos","generate-columns","tablet-grid-50","mobile-grid-100","grid-parent","grid-50"],"jetpack_publicize_connections":[],"jetpack_featured_media_url":"","wps_subtitle":"","jetpack_sharing_enabled":true,"_links":{"self":[{"href":"https:\/\/www.hoymercedes.com.ar\/principal\/wp-json\/wp\/v2\/posts\/158244","targetHints":{"allow":["GET"]}}],"collection":[{"href":"https:\/\/www.hoymercedes.com.ar\/principal\/wp-json\/wp\/v2\/posts"}],"about":[{"href":"https:\/\/www.hoymercedes.com.ar\/principal\/wp-json\/wp\/v2\/types\/post"}],"author":[{"embeddable":true,"href":"https:\/\/www.hoymercedes.com.ar\/principal\/wp-json\/wp\/v2\/users\/1"}],"replies":[{"embeddable":true,"href":"https:\/\/www.hoymercedes.com.ar\/principal\/wp-json\/wp\/v2\/comments?post=158244"}],"version-history":[{"count":0,"href":"https:\/\/www.hoymercedes.com.ar\/principal\/wp-json\/wp\/v2\/posts\/158244\/revisions"}],"wp:attachment":[{"href":"https:\/\/www.hoymercedes.com.ar\/principal\/wp-json\/wp\/v2\/media?parent=158244"}],"wp:term":[{"taxonomy":"category","embeddable":true,"href":"https:\/\/www.hoymercedes.com.ar\/principal\/wp-json\/wp\/v2\/categories?post=158244"},{"taxonomy":"post_tag","embeddable":true,"href":"https:\/\/www.hoymercedes.com.ar\/principal\/wp-json\/wp\/v2\/tags?post=158244"}],"curies":[{"name":"wp","href":"https:\/\/api.w.org\/{rel}","templated":true}]}}