{"id":158248,"date":"2023-02-12T16:00:00","date_gmt":"2023-02-12T19:00:00","guid":{"rendered":"https:\/\/www.hoymercedes.com.ar\/principal\/?p=158248"},"modified":"2023-02-12T11:49:20","modified_gmt":"2023-02-12T14:49:20","slug":"goldney-en-unidad-conformo-nueva-comision-de-sociedad-de-fomento","status":"publish","type":"post","link":"https:\/\/www.hoymercedes.com.ar\/principal\/2023\/02\/12\/goldney-en-unidad-conformo-nueva-comision-de-sociedad-de-fomento\/","title":{"rendered":"Goldney en unidad conform\u00f3 nueva Comisi\u00f3n de Sociedad de Fomento"},"content":{"rendered":"\n<p><\/p>\n\n\n\n<figure class=\"wp-block-image size-large is-resized\"><img loading=\"lazy\" decoding=\"async\" data-attachment-id=\"158249\" data-permalink=\"https:\/\/www.hoymercedes.com.ar\/principal\/2023\/02\/12\/goldney-en-unidad-conformo-nueva-comision-de-sociedad-de-fomento\/goldney-sociedaddefomento\/#main\" data-orig-file=\"https:\/\/www.hoymercedes.com.ar\/principal\/wp-content\/uploads\/2023\/02\/Goldney-sociedaddefomento.jpeg\" data-orig-size=\"1600,1200\" data-comments-opened=\"0\" data-image-meta=\"{&quot;aperture&quot;:&quot;0&quot;,&quot;credit&quot;:&quot;&quot;,&quot;camera&quot;:&quot;&quot;,&quot;caption&quot;:&quot;&quot;,&quot;created_timestamp&quot;:&quot;0&quot;,&quot;copyright&quot;:&quot;&quot;,&quot;focal_length&quot;:&quot;0&quot;,&quot;iso&quot;:&quot;0&quot;,&quot;shutter_speed&quot;:&quot;0&quot;,&quot;title&quot;:&quot;&quot;,&quot;orientation&quot;:&quot;0&quot;}\" data-image-title=\"Goldney-sociedaddefomento\" data-image-description=\"\" data-image-caption=\"\" data-large-file=\"https:\/\/www.hoymercedes.com.ar\/principal\/wp-content\/uploads\/2023\/02\/Goldney-sociedaddefomento-1024x768.jpeg\" src=\"https:\/\/www.hoymercedes.com.ar\/principal\/wp-content\/uploads\/2023\/02\/Goldney-sociedaddefomento-1024x768.jpeg\" alt=\"\" class=\"wp-image-158249\" width=\"962\" height=\"722\" srcset=\"https:\/\/www.hoymercedes.com.ar\/principal\/wp-content\/uploads\/2023\/02\/Goldney-sociedaddefomento-1024x768.jpeg 1024w, https:\/\/www.hoymercedes.com.ar\/principal\/wp-content\/uploads\/2023\/02\/Goldney-sociedaddefomento-630x473.jpeg 630w, https:\/\/www.hoymercedes.com.ar\/principal\/wp-content\/uploads\/2023\/02\/Goldney-sociedaddefomento-150x113.jpeg 150w, https:\/\/www.hoymercedes.com.ar\/principal\/wp-content\/uploads\/2023\/02\/Goldney-sociedaddefomento-1536x1152.jpeg 1536w, https:\/\/www.hoymercedes.com.ar\/principal\/wp-content\/uploads\/2023\/02\/Goldney-sociedaddefomento.jpeg 1600w\" sizes=\"auto, (max-width: 962px) 100vw, 962px\" \/><\/figure>\n\n\n\n<p>Con duerte solidaridad y unidad de las y los vecinla la sociedad de fomento de la localidad de Goldney regulariz\u00f3 su situaci\u00f3n en una asamblea con la presentaci\u00f3n de una lista \u00fanica y la conformaci\u00f3n de una nueva comisi\u00f3n directiva conducida por el vecino Pedro Gonz\u00e1lez.<\/p>\n\n\n\n<p>La comunidad de Goldney avanza en su organizaci\u00f3n. Ya desde hace un tiempo estaba conformada y funcionando a pleno la Comisi\u00f3n de Fiestas, pero faltaba todav\u00eda darle formalidad a una sociedad de fomento que no estaba funcionando en su plenitud.<\/p>\n\n\n\n<p>Este fin de semana pudieron darle forma a la conformaci\u00f3n de una nueva comisi\u00f3n directiva, que fue elegida en asamblea. Hubo s\u00f3lo una lista \u00fanica, encabezada por el vecino Pedro Gonz\u00e1lez. \u201cEs una localidad que tiene mucha gente con ganas de trabajar por su comunidad como ya lo han demostrado en meses anteriores con la organizaci\u00f3n exitosa de la fiesta del pueblo.<\/p>\n\n\n\n<p>Quiero felicitarlos por generar esta nueva comisi\u00f3n directiva de la sociedad de fomento\u201d, explic\u00f3 el concejal Juli\u00e1n Inzaurgarat, quien es referente de esa zona.<\/p>\n","protected":false},"excerpt":{"rendered":"<p>Con duerte solidaridad y unidad de las y los vecinla la sociedad de fomento de la localidad de Goldney regulariz\u00f3 &#8230; <a title=\"Goldney en unidad conform\u00f3 nueva Comisi\u00f3n de Sociedad de Fomento\" class=\"read-more\" href=\"https:\/\/www.hoymercedes.com.ar\/principal\/2023\/02\/12\/goldney-en-unidad-conformo-nueva-comision-de-sociedad-de-fomento\/\" aria-label=\"Leer m\u00e1s sobre Goldney en unidad conform\u00f3 nueva Comisi\u00f3n de Sociedad de Fomento\">Leer m\u00e1s<\/a><\/p>\n","protected":false},"author":1,"featured_media":158250,"comment_status":"closed","ping_status":"open","sticky":false,"template":"","format":"standard","meta":{"_monsterinsights_skip_tracking":false,"_monsterinsights_sitenote_active":false,"_monsterinsights_sitenote_note":"","_monsterinsights_sitenote_category":0,"jetpack_post_was_ever_published":false,"_jetpack_newsletter_access":"","_jetpack_dont_email_post_to_subs":false,"_jetpack_newsletter_tier_id":0,"_jetpack_memberships_contains_paywalled_content":false,"_jetpack_memberships_contains_paid_content":false,"footnotes":"","jetpack_publicize_message":"","jetpack_publicize_feature_enabled":true,"jetpack_social_post_already_shared":true,"jetpack_social_options":{"image_generator_settings":{"template":"highway","default_image_id":0,"font":"","enabled":false},"version":2},"_wpas_customize_per_network":false},"categories":[8],"tags":[3337,231],"class_list":["post-158248","post","type-post","status-publish","format-standard","has-post-thumbnail","hentry","category-sociedad","tag-goldney","tag-sociedades-de-fomento","generate-columns","tablet-grid-50","mobile-grid-100","grid-parent","grid-50"],"jetpack_publicize_connections":[],"jetpack_featured_media_url":"https:\/\/www.hoymercedes.com.ar\/principal\/wp-content\/uploads\/2023\/02\/Goldney-sociedaddefomento-1.jpeg","wps_subtitle":"Sociedad y pueblos rurales ","jetpack_sharing_enabled":true,"_links":{"self":[{"href":"https:\/\/www.hoymercedes.com.ar\/principal\/wp-json\/wp\/v2\/posts\/158248","targetHints":{"allow":["GET"]}}],"collection":[{"href":"https:\/\/www.hoymercedes.com.ar\/principal\/wp-json\/wp\/v2\/posts"}],"about":[{"href":"https:\/\/www.hoymercedes.com.ar\/principal\/wp-json\/wp\/v2\/types\/post"}],"author":[{"embeddable":true,"href":"https:\/\/www.hoymercedes.com.ar\/principal\/wp-json\/wp\/v2\/users\/1"}],"replies":[{"embeddable":true,"href":"https:\/\/www.hoymercedes.com.ar\/principal\/wp-json\/wp\/v2\/comments?post=158248"}],"version-history":[{"count":0,"href":"https:\/\/www.hoymercedes.com.ar\/principal\/wp-json\/wp\/v2\/posts\/158248\/revisions"}],"wp:featuredmedia":[{"embeddable":true,"href":"https:\/\/www.hoymercedes.com.ar\/principal\/wp-json\/wp\/v2\/media\/158250"}],"wp:attachment":[{"href":"https:\/\/www.hoymercedes.com.ar\/principal\/wp-json\/wp\/v2\/media?parent=158248"}],"wp:term":[{"taxonomy":"category","embeddable":true,"href":"https:\/\/www.hoymercedes.com.ar\/principal\/wp-json\/wp\/v2\/categories?post=158248"},{"taxonomy":"post_tag","embeddable":true,"href":"https:\/\/www.hoymercedes.com.ar\/principal\/wp-json\/wp\/v2\/tags?post=158248"}],"curies":[{"name":"wp","href":"https:\/\/api.w.org\/{rel}","templated":true}]}}