{"id":15828,"date":"2012-09-04T16:42:22","date_gmt":"2012-09-04T16:42:22","guid":{"rendered":"http:\/\/www.hoymercedes.com.ar\/principal\/?p=15828"},"modified":"2012-09-04T16:42:37","modified_gmt":"2012-09-04T16:42:37","slug":"mic-presenta-proyecto-por-estado-de-las-vias-ferroviarias","status":"publish","type":"post","link":"https:\/\/www.hoymercedes.com.ar\/principal\/2012\/09\/04\/mic-presenta-proyecto-por-estado-de-las-vias-ferroviarias\/","title":{"rendered":"MIC presenta proyecto por estado de las v\u00edas ferroviarias"},"content":{"rendered":"<p><a href=\"https:\/\/www.hoymercedes.com.ar\/principal\/wp-content\/uploads\/2012\/09\/ViasTren.jpg\"><img loading=\"lazy\" decoding=\"async\" data-attachment-id=\"15830\" data-permalink=\"https:\/\/www.hoymercedes.com.ar\/principal\/2012\/09\/04\/mic-presenta-proyecto-por-estado-de-las-vias-ferroviarias\/viastren\/#main\" data-orig-file=\"https:\/\/www.hoymercedes.com.ar\/principal\/wp-content\/uploads\/2012\/09\/ViasTren.jpg\" data-orig-size=\"614,401\" data-comments-opened=\"1\" data-image-meta=\"{&quot;aperture&quot;:&quot;0&quot;,&quot;credit&quot;:&quot;&quot;,&quot;camera&quot;:&quot;&quot;,&quot;caption&quot;:&quot;&quot;,&quot;created_timestamp&quot;:&quot;0&quot;,&quot;copyright&quot;:&quot;&quot;,&quot;focal_length&quot;:&quot;0&quot;,&quot;iso&quot;:&quot;0&quot;,&quot;shutter_speed&quot;:&quot;0&quot;,&quot;title&quot;:&quot;&quot;}\" data-image-title=\"ViasTren\" data-image-description=\"\" data-image-caption=\"\" data-large-file=\"https:\/\/www.hoymercedes.com.ar\/principal\/wp-content\/uploads\/2012\/09\/ViasTren.jpg\" class=\"aligncenter size-full wp-image-15830\" title=\"ViasTren\" src=\"https:\/\/www.hoymercedes.com.ar\/principal\/wp-content\/uploads\/2012\/09\/ViasTren.jpg\" alt=\"\" width=\"614\" height=\"401\" \/><\/a><\/p>\n<p>El Mic Mercedes present\u00f3 un proyecto en el cual manifiesta su preocupaci\u00f3n por el estado de determinados pasos a niveles y las v\u00edas ferroviarias en nuestro partido.<\/p>\n<p>Lo hacen en relaci\u00f3n de buscar una soluci\u00f3n dentro de nuevo marco administrativo que posee la l\u00ednea Sarmiento de TBA.<\/p>\n<p>En sus considerando el proyecto dice:<\/p>\n<p style=\"padding-left: 30px;\">Que se observaron en dos lugares del partido de Mercedes deterioro de las v\u00edas del ferrocarril ex Sarmiento:<\/p>\n<p style=\"padding-left: 30px;\">a) Calle 11: Rieles descalzados, tornillos faltantes, tornillos desajustados, falta de durmientes, etc.<\/p>\n<p style=\"padding-left: 30px;\">b) Calle 12: Rieles descalzados, tornillos faltantes, tornillos desajustados, etc.<\/p>\n<p>\u00a0Por su parte, el concejal Cestari, qui\u00e9n presenta el proyecto, sostiene en el articulado del mismo que:<\/p>\n<p style=\"padding-left: 30px;\">El HCD se dirige a la UGOMS SA (Unidad de Gesti\u00f3n Operativa l\u00ednea Mitre y Sarmiento) para que informe cu\u00e1l es el proyecto que tiene para mejorar el estado de las v\u00edas f\u00e9rreas en el Partido de Mercedes de la ex l\u00ednea Sarmiento y consecuentemente cu\u00e1les son los servicios ferroviarios que se mantendr\u00e1n con locomotoras diesel en los tramos Once- Mercedes y Moreno \u2013 Mercedes.<\/p>\n<p>En proyecto incluye fotograf\u00edas para que sirvan de muestra al ente administrador.<\/p>\n<p>&nbsp;<\/p>\n","protected":false},"excerpt":{"rendered":"<p>El Mic Mercedes present\u00f3 un proyecto en el cual manifiesta su preocupaci\u00f3n por el estado de determinados pasos a niveles &#8230; <a title=\"MIC presenta proyecto por estado de las v\u00edas ferroviarias\" class=\"read-more\" href=\"https:\/\/www.hoymercedes.com.ar\/principal\/2012\/09\/04\/mic-presenta-proyecto-por-estado-de-las-vias-ferroviarias\/\" aria-label=\"Leer m\u00e1s sobre MIC presenta proyecto por estado de las v\u00edas ferroviarias\">Leer m\u00e1s<\/a><\/p>\n","protected":false},"author":1,"featured_media":0,"comment_status":"open","ping_status":"open","sticky":false,"template":"","format":"standard","meta":{"_monsterinsights_skip_tracking":false,"_monsterinsights_sitenote_active":false,"_monsterinsights_sitenote_note":"","_monsterinsights_sitenote_category":0,"jetpack_post_was_ever_published":false,"_jetpack_newsletter_access":"","_jetpack_dont_email_post_to_subs":false,"_jetpack_newsletter_tier_id":0,"_jetpack_memberships_contains_paywalled_content":false,"_jetpack_memberships_contains_paid_content":false,"footnotes":"","jetpack_publicize_message":"","jetpack_publicize_feature_enabled":true,"jetpack_social_post_already_shared":false,"jetpack_social_options":{"image_generator_settings":{"template":"highway","default_image_id":0,"font":"","enabled":false},"version":2},"_wpas_customize_per_network":false},"categories":[5],"tags":[321,1956],"class_list":["post-15828","post","type-post","status-publish","format-standard","hentry","category-politica","tag-jose-cestari","tag-mic-mercedes","generate-columns","tablet-grid-50","mobile-grid-100","grid-parent","grid-50"],"jetpack_publicize_connections":[],"jetpack_featured_media_url":"","wps_subtitle":"","jetpack_sharing_enabled":true,"_links":{"self":[{"href":"https:\/\/www.hoymercedes.com.ar\/principal\/wp-json\/wp\/v2\/posts\/15828","targetHints":{"allow":["GET"]}}],"collection":[{"href":"https:\/\/www.hoymercedes.com.ar\/principal\/wp-json\/wp\/v2\/posts"}],"about":[{"href":"https:\/\/www.hoymercedes.com.ar\/principal\/wp-json\/wp\/v2\/types\/post"}],"author":[{"embeddable":true,"href":"https:\/\/www.hoymercedes.com.ar\/principal\/wp-json\/wp\/v2\/users\/1"}],"replies":[{"embeddable":true,"href":"https:\/\/www.hoymercedes.com.ar\/principal\/wp-json\/wp\/v2\/comments?post=15828"}],"version-history":[{"count":0,"href":"https:\/\/www.hoymercedes.com.ar\/principal\/wp-json\/wp\/v2\/posts\/15828\/revisions"}],"wp:attachment":[{"href":"https:\/\/www.hoymercedes.com.ar\/principal\/wp-json\/wp\/v2\/media?parent=15828"}],"wp:term":[{"taxonomy":"category","embeddable":true,"href":"https:\/\/www.hoymercedes.com.ar\/principal\/wp-json\/wp\/v2\/categories?post=15828"},{"taxonomy":"post_tag","embeddable":true,"href":"https:\/\/www.hoymercedes.com.ar\/principal\/wp-json\/wp\/v2\/tags?post=15828"}],"curies":[{"name":"wp","href":"https:\/\/api.w.org\/{rel}","templated":true}]}}